{"id":34485,"date":"2022-11-01T14:27:58","date_gmt":"2022-11-01T17:27:58","guid":{"rendered":"https:\/\/www.ufsm.br\/pro-reitorias\/progep\/?p=34485"},"modified":"2022-11-01T14:29:28","modified_gmt":"2022-11-01T17:29:28","slug":"aniversariantes-do-mes-de-agosto-com-prova-de-vida-em-atraso","status":"publish","type":"post","link":"https:\/\/www.ufsm.br\/pro-reitorias\/progep\/2022\/11\/01\/aniversariantes-do-mes-de-agosto-com-prova-de-vida-em-atraso","title":{"rendered":"Aniversariantes do m\u00eas de agosto com prova de vida em atraso"},"content":{"rendered":"\n<p style=\"text-align: left\">Aten\u00e7\u00e3o para a rela\u00e7\u00e3o dos aposentados e pensionistas que ter\u00e3o o pagamento do provento e\/ou benef\u00edcio de pens\u00e3o suspenso por motivo de n\u00e3o atendimento \u00e0 convoca\u00e7\u00e3o e respectiva notifica\u00e7\u00e3o para realizar a prova de vida anual (aniversariantes do m\u00eas de agosto). Para evitar a suspens\u00e3o do pagamento deve ser realizada a comprova\u00e7\u00e3o de vida at\u00e9 o dia 7 de novembro de 2022, mediante comparecimento pessoal do interessado \u00e0 ag\u00eancia banc\u00e1ria ou \u00e0 Pr\u00f3-Reitoria de Gest\u00e3o de Pessoas da UFSM, portando Cadastro de Pessoa F\u00edsica (CPF) e documento oficial de identifica\u00e7\u00e3o com foto ou por meio da Prova de Vida Digital (aplicativos SouGov.br e Gov.br).\u00a0<\/p>\n<table style=\"border-collapse: collapse;width: 97.8544%;height: 413px\">\n<tbody>\n<tr style=\"height: 23px\">\n<td style=\"width: 50%;height: 23px;text-align: center\"><strong>Nome<\/strong><\/td>\n<td style=\"width: 50%;height: 23px;text-align: center\"><strong>Tipo do V\u00ednculo<\/strong><\/td>\n<\/tr>\n<tr style=\"height: 23px\">\n<td style=\"width: 50%;height: 23px;text-align: center\">DOMINGOS JORGE GALEANO NUNES<\/td>\n<td style=\"width: 50%;height: 23px;text-align: center\">Aposentado<\/td>\n<\/tr>\n<tr style=\"height: 23px\">\n<td style=\"width: 50%;height: 23px;text-align: center\">JANICE FATIMA MACHADO MARIENSE<\/td>\n<td style=\"width: 50%;height: 23px;text-align: center\">Aposentado<\/td>\n<\/tr>\n<tr style=\"height: 23px\">\n<td style=\"width: 50%;height: 23px;text-align: center\">JOAO FRANCISCO RODRIGUES<\/td>\n<td style=\"width: 50%;height: 23px;text-align: center\">Aposentado<\/td>\n<\/tr>\n<tr style=\"height: 23px\">\n<td style=\"width: 50%;height: 23px;text-align: center\">JOAO LUIZ CHAGAS CAUDURO<\/td>\n<td style=\"width: 50%;height: 23px;text-align: center\">Aposentado<\/td>\n<\/tr>\n<tr style=\"height: 23px\">\n<td style=\"width: 50%;height: 23px;text-align: center\">MARGARETE MACHADO<\/td>\n<td style=\"width: 50%;height: 23px;text-align: center\">Aposentado<\/td>\n<\/tr>\n<tr style=\"height: 23px\">\n<td style=\"width: 50%;height: 23px;text-align: center\">NAURA PAIM BATISTA<\/td>\n<td style=\"width: 50%;height: 23px;text-align: center\">Aposentado<\/td>\n<\/tr>\n<tr style=\"height: 23px\">\n<td style=\"width: 50%;height: 23px;text-align: center\">ROGERIO MARTIN<\/td>\n<td style=\"width: 50%;height: 23px;text-align: center\">Aposentado<\/td>\n<\/tr>\n<tr style=\"height: 23px\">\n<td style=\"width: 50%;height: 23px;text-align: center\">ROSA IARA PAVAO GARCIA<\/td>\n<td style=\"width: 50%;height: 23px;text-align: center\">Aposentado<\/td>\n<\/tr>\n<tr style=\"height: 23px\">\n<td style=\"width: 50%;height: 23px;text-align: center\">SANDRA MARIA GABRIEL MACHADO<\/td>\n<td style=\"width: 50%;height: 23px;text-align: center\">Aposentado<\/td>\n<\/tr>\n<tr style=\"height: 23px\">\n<td style=\"width: 50%;text-align: center;height: 23px\">SIRLEI RODRIGUES DALLA LANA<\/td>\n<td style=\"width: 50%;height: 23px;text-align: center\">Aposentado<\/td>\n<\/tr>\n<tr style=\"height: 23px\">\n<td style=\"width: 50%;text-align: center;height: 23px\">SUED DE VASCONCELLOS VEIGA<\/td>\n<td style=\"width: 50%;height: 23px;text-align: center\">Aposentado<\/td>\n<\/tr>\n<tr style=\"height: 68px\">\n<td style=\"width: 50%;text-align: center;height: 68px\">\n<p>BRANDINA THEREZINHA SANTOS DE\u00a0OLIVEIRA<\/p>\n<\/td>\n<td style=\"width: 50%;height: 68px;text-align: center\">\u00a0Benefici\u00e1rio de Pens\u00e3o<\/td>\n<\/tr>\n<tr style=\"height: 23px\">\n<td style=\"width: 50%;text-align: center;height: 23px\">JOSE CARLOS DRUZIAN TRINDADE<\/td>\n<td style=\"width: 50%;height: 23px;text-align: center\">\u00a0Benefici\u00e1rio de Pens\u00e3o<\/td>\n<\/tr>\n<tr style=\"height: 23px\">\n<td style=\"width: 50%;text-align: center;height: 23px\">MARIA IGNEZ MOREIRA<\/td>\n<td style=\"width: 50%;height: 23px;text-align: center\">\u00a0Benefici\u00e1rio de Pens\u00e3o<\/td>\n<\/tr>\n<tr style=\"height: 23px\">\n<td style=\"width: 50%;text-align: center;height: 23px\">MILTON CARVALHO PAUST<\/td>\n<td style=\"width: 50%;height: 23px;text-align: center\">Benefici\u00e1rio de Pens\u00e3o<\/td>\n<\/tr>\n<\/tbody>\n<\/table>\n<p>\u00a0<\/p>\n<p>Para mais informa\u00e7\u00f5es, contatar o N\u00facleo de Pens\u00e3o e Aposentadoria da Pr\u00f3-Reitoria de Gest\u00e3o de Pessoas da UFSM pelo e-mail provadevida@ufsm.br ou telefone (55) 3220-8323.<\/p>\n","protected":false},"excerpt":{"rendered":"<p>Aten\u00e7\u00e3o para a rela\u00e7\u00e3o dos aposentados e pensionistas que ter\u00e3o o pagamento do provento e\/ou benef\u00edcio de pens\u00e3o suspenso por motivo de n\u00e3o atendimento \u00e0 convoca\u00e7\u00e3o e respectiva notifica\u00e7\u00e3o para realizar a prova de vida anual (aniversariantes do m\u00eas de agosto). Para evitar a suspens\u00e3o do pagamento deve ser realizada a comprova\u00e7\u00e3o de vida at\u00e9 [&hellip;]<\/p>\n","protected":false},"author":714,"featured_media":0,"comment_status":"closed","ping_status":"closed","sticky":false,"template":"","format":"standard","meta":{"footnotes":""},"categories":[1],"tags":[],"class_list":["post-34485","post","type-post","status-publish","format-standard","hentry","category-noticias"],"acf":[],"_links":{"self":[{"href":"https:\/\/www.ufsm.br\/pro-reitorias\/progep\/wp-json\/wp\/v2\/posts\/34485","targetHints":{"allow":["GET"]}}],"collection":[{"href":"https:\/\/www.ufsm.br\/pro-reitorias\/progep\/wp-json\/wp\/v2\/posts"}],"about":[{"href":"https:\/\/www.ufsm.br\/pro-reitorias\/progep\/wp-json\/wp\/v2\/types\/post"}],"author":[{"embeddable":true,"href":"https:\/\/www.ufsm.br\/pro-reitorias\/progep\/wp-json\/wp\/v2\/users\/714"}],"replies":[{"embeddable":true,"href":"https:\/\/www.ufsm.br\/pro-reitorias\/progep\/wp-json\/wp\/v2\/comments?post=34485"}],"version-history":[{"count":0,"href":"https:\/\/www.ufsm.br\/pro-reitorias\/progep\/wp-json\/wp\/v2\/posts\/34485\/revisions"}],"wp:attachment":[{"href":"https:\/\/www.ufsm.br\/pro-reitorias\/progep\/wp-json\/wp\/v2\/media?parent=34485"}],"wp:term":[{"taxonomy":"category","embeddable":true,"href":"https:\/\/www.ufsm.br\/pro-reitorias\/progep\/wp-json\/wp\/v2\/categories?post=34485"},{"taxonomy":"post_tag","embeddable":true,"href":"https:\/\/www.ufsm.br\/pro-reitorias\/progep\/wp-json\/wp\/v2\/tags?post=34485"}],"curies":[{"name":"wp","href":"https:\/\/api.w.org\/{rel}","templated":true}]}}