{"id":35240,"date":"2023-02-28T16:37:02","date_gmt":"2023-02-28T19:37:02","guid":{"rendered":"https:\/\/www.ufsm.br\/pro-reitorias\/progep\/?p=35240"},"modified":"2023-02-28T16:38:28","modified_gmt":"2023-02-28T19:38:28","slug":"atendimento-da-progep-no-dia-01-03-2023","status":"publish","type":"post","link":"https:\/\/www.ufsm.br\/pro-reitorias\/progep\/2023\/02\/28\/atendimento-da-progep-no-dia-01-03-2023","title":{"rendered":"Atendimento da Progep no dia 01\/03\/2023"},"content":{"rendered":"\n<p>A Pr\u00f3-Reitoria de Gest\u00e3o de Pessoas informa que, nesta quarta-feira, dia 01\/03, em virtude do desligamento de todos os servi\u00e7os de rede de internet e dos portais institucionais, ajustou os seus atendimentos conforme descrito a seguir:<\/p>\n<p>\ud83d\udd39<strong>Coordenadoria de Sa\u00fade e Qualidade de Vida do Servidor (CQVS):<\/strong> Localizada no Pr\u00e9dio 48C, estar\u00e1 fechada, pois neste dia n\u00e3o haver\u00e1 energia el\u00e9trica no pr\u00e9dio.<br \/>\ud83d\udd39<strong>Per\u00edcia Oficial em Sa\u00fade (PEOF):<\/strong> Localizada no Pr\u00e9dio 48C, estar\u00e1 fechada, pois neste dia n\u00e3o haver\u00e1 energia el\u00e9trica no pr\u00e9dio.<br \/>\ud83d\udd39<strong>Coordenadoria de Concurso (CCON):<\/strong> Atendimento presencial normal. <br \/>\ud83d\udd39<strong>Secretaria T\u00e9cnica de Pessoal Docente (STPD):<\/strong> Atendimento presencial normal. <br \/>\ud83d\udd39<strong>Coordenadoria de Concess\u00f5es e Registros (CCRE):<\/strong> Algumas atividades ser\u00e3o realizadas remotamente, enquanto outras ser\u00e3o mantidas de forma presencial. <br \/>\ud83d\udd39<strong>Coordenadoria do Sistema de Pagamentos (CPAG):<\/strong> Algumas atividades ser\u00e3o realizadas remotamente, enquanto outras ser\u00e3o mantidas de forma presencial.<br \/>\ud83d\udd39<strong>Coordenadoria de Ingresso, Mobilidade e Desenvolvimento (CIMDE):<\/strong> Algumas atividades ser\u00e3o realizadas remotamente, enquanto outras ser\u00e3o mantidas de forma presencial.<br \/>\ud83d\udd39<strong>Secretaria Administrativa (SEADM):<\/strong> Atividades ser\u00e3o realizadas remotamente. <br \/>\ud83d\udd39<strong>Gabinete da Pr\u00f3-Reitoria de Gest\u00e3o de Pessoas:<\/strong> Atividades ser\u00e3o realizadas remotamente.<\/p>\n","protected":false},"excerpt":{"rendered":"<p>A Pr\u00f3-Reitoria de Gest\u00e3o de Pessoas informa que, nesta quarta-feira, dia 01\/03, em virtude do desligamento de todos os servi\u00e7os de rede de internet e dos portais institucionais, ajustou os seus atendimentos conforme descrito a seguir: \ud83d\udd39Coordenadoria de Sa\u00fade e Qualidade de Vida do Servidor (CQVS): Localizada no Pr\u00e9dio 48C, estar\u00e1 fechada, pois neste dia [&hellip;]<\/p>\n","protected":false},"author":714,"featured_media":0,"comment_status":"closed","ping_status":"closed","sticky":false,"template":"","format":"standard","meta":{"footnotes":""},"categories":[1],"tags":[],"class_list":["post-35240","post","type-post","status-publish","format-standard","hentry","category-noticias"],"acf":[],"_links":{"self":[{"href":"https:\/\/www.ufsm.br\/pro-reitorias\/progep\/wp-json\/wp\/v2\/posts\/35240","targetHints":{"allow":["GET"]}}],"collection":[{"href":"https:\/\/www.ufsm.br\/pro-reitorias\/progep\/wp-json\/wp\/v2\/posts"}],"about":[{"href":"https:\/\/www.ufsm.br\/pro-reitorias\/progep\/wp-json\/wp\/v2\/types\/post"}],"author":[{"embeddable":true,"href":"https:\/\/www.ufsm.br\/pro-reitorias\/progep\/wp-json\/wp\/v2\/users\/714"}],"replies":[{"embeddable":true,"href":"https:\/\/www.ufsm.br\/pro-reitorias\/progep\/wp-json\/wp\/v2\/comments?post=35240"}],"version-history":[{"count":0,"href":"https:\/\/www.ufsm.br\/pro-reitorias\/progep\/wp-json\/wp\/v2\/posts\/35240\/revisions"}],"wp:attachment":[{"href":"https:\/\/www.ufsm.br\/pro-reitorias\/progep\/wp-json\/wp\/v2\/media?parent=35240"}],"wp:term":[{"taxonomy":"category","embeddable":true,"href":"https:\/\/www.ufsm.br\/pro-reitorias\/progep\/wp-json\/wp\/v2\/categories?post=35240"},{"taxonomy":"post_tag","embeddable":true,"href":"https:\/\/www.ufsm.br\/pro-reitorias\/progep\/wp-json\/wp\/v2\/tags?post=35240"}],"curies":[{"name":"wp","href":"https:\/\/api.w.org\/{rel}","templated":true}]}}