{"id":38127,"date":"2024-02-16T08:37:29","date_gmt":"2024-02-16T11:37:29","guid":{"rendered":"https:\/\/www.ufsm.br\/pro-reitorias\/progep\/?p=38127"},"modified":"2024-02-16T08:37:31","modified_gmt":"2024-02-16T11:37:31","slug":"nota-de-falecimento-enio-hugo-lunkes","status":"publish","type":"post","link":"https:\/\/www.ufsm.br\/pro-reitorias\/progep\/2024\/02\/16\/nota-de-falecimento-enio-hugo-lunkes","title":{"rendered":"Nota de Falecimento: \u00canio Hugo Lunkes"},"content":{"rendered":"\n<p>\u00c9 com profundo pesar que comunicamos o falecimento do Sr. \u00canio Hugo Lunkes, servidor aposentado da Universidade Federal de Santa Maria (UFSM), ocorrido recentemente. \u00canio dedicou aproximadamente 29 anos de sua vida profissional ao n\u00facleo de ingresso da Pr\u00f3-Reitoria de Gest\u00e3o de Pessoas (PROGEP) da UFSM, onde sua contribui\u00e7\u00e3o foi essencial para o desenvolvimento e aprimoramento dos processos seletivos e de ingresso na universidade.<\/p>\n<p>O vel\u00f3rio ocorrer\u00e1 na Funer\u00e1ria Angelus, localizada na Rua Helvio Basso, em Santa Maria, na Sala Diamante. A cerim\u00f4nia de despedida ter\u00e1 in\u00edcio \u00e0s 10 horas da manh\u00e3 do dia 16 de fevereiro de 2024.<\/p>\n<p>Neste momento de luto, expressamos nossas mais sinceras condol\u00eancias \u00e0 fam\u00edlia, amigos e a todos na UFSM que tiveram o prazer de trabalhar e conviver com \u00canio. Sua dedica\u00e7\u00e3o, profissionalismo e amizade deixar\u00e3o saudades em todos n\u00f3s.<\/p>\n","protected":false},"excerpt":{"rendered":"<p>\u00c9 com profundo pesar que comunicamos o falecimento do Sr. \u00canio Hugo Lunkes, servidor aposentado da Universidade Federal de Santa Maria (UFSM), ocorrido recentemente. \u00canio dedicou aproximadamente 29 anos de sua vida profissional ao n\u00facleo de ingresso da Pr\u00f3-Reitoria de Gest\u00e3o de Pessoas (PROGEP) da UFSM, onde sua contribui\u00e7\u00e3o foi essencial para o desenvolvimento e [&hellip;]<\/p>\n","protected":false},"author":714,"featured_media":0,"comment_status":"closed","ping_status":"closed","sticky":false,"template":"","format":"standard","meta":{"footnotes":""},"categories":[1],"tags":[],"class_list":["post-38127","post","type-post","status-publish","format-standard","hentry","category-noticias"],"acf":[],"_links":{"self":[{"href":"https:\/\/www.ufsm.br\/pro-reitorias\/progep\/wp-json\/wp\/v2\/posts\/38127","targetHints":{"allow":["GET"]}}],"collection":[{"href":"https:\/\/www.ufsm.br\/pro-reitorias\/progep\/wp-json\/wp\/v2\/posts"}],"about":[{"href":"https:\/\/www.ufsm.br\/pro-reitorias\/progep\/wp-json\/wp\/v2\/types\/post"}],"author":[{"embeddable":true,"href":"https:\/\/www.ufsm.br\/pro-reitorias\/progep\/wp-json\/wp\/v2\/users\/714"}],"replies":[{"embeddable":true,"href":"https:\/\/www.ufsm.br\/pro-reitorias\/progep\/wp-json\/wp\/v2\/comments?post=38127"}],"version-history":[{"count":0,"href":"https:\/\/www.ufsm.br\/pro-reitorias\/progep\/wp-json\/wp\/v2\/posts\/38127\/revisions"}],"wp:attachment":[{"href":"https:\/\/www.ufsm.br\/pro-reitorias\/progep\/wp-json\/wp\/v2\/media?parent=38127"}],"wp:term":[{"taxonomy":"category","embeddable":true,"href":"https:\/\/www.ufsm.br\/pro-reitorias\/progep\/wp-json\/wp\/v2\/categories?post=38127"},{"taxonomy":"post_tag","embeddable":true,"href":"https:\/\/www.ufsm.br\/pro-reitorias\/progep\/wp-json\/wp\/v2\/tags?post=38127"}],"curies":[{"name":"wp","href":"https:\/\/api.w.org\/{rel}","templated":true}]}}