{"id":43487,"date":"2025-06-13T09:03:11","date_gmt":"2025-06-13T12:03:11","guid":{"rendered":"https:\/\/www.ufsm.br\/pro-reitorias\/progep\/?p=43487"},"modified":"2025-06-23T14:09:24","modified_gmt":"2025-06-23T17:09:24","slug":"programa-movimenta-disponibiliza-inscricoes-para-massoterapia","status":"publish","type":"post","link":"https:\/\/www.ufsm.br\/pro-reitorias\/progep\/2025\/06\/13\/programa-movimenta-disponibiliza-inscricoes-para-massoterapia","title":{"rendered":"Programa Movimenta disponibiliza inscri\u00e7\u00f5es para massoterapia"},"content":{"rendered":"\t\t<div data-elementor-type=\"wp-post\" data-elementor-id=\"43487\" class=\"elementor elementor-43487\">\n\t\t\t\t\t\t<section class=\"elementor-section elementor-top-section elementor-element elementor-element-551114bf elementor-section-boxed elementor-section-height-default elementor-section-height-default\" data-id=\"551114bf\" data-element_type=\"section\">\n\t\t\t\t\t\t<div class=\"elementor-container elementor-column-gap-default\">\n\t\t\t\t\t<div class=\"elementor-column elementor-col-100 elementor-top-column elementor-element elementor-element-2e8ccfc8\" data-id=\"2e8ccfc8\" data-element_type=\"column\">\n\t\t\t<div class=\"elementor-widget-wrap elementor-element-populated\">\n\t\t\t\t\t\t<div class=\"elementor-element elementor-element-5d24ab88 elementor-widget elementor-widget-text-editor\" data-id=\"5d24ab88\" data-element_type=\"widget\" data-widget_type=\"text-editor.default\">\n\t\t\t\t<div class=\"elementor-widget-container\">\n\t\t\t\t\t\t\t<!-- wp:tadv\/classic-paragraph -->\n<p><span style=\"font-weight: 400\">A Pr\u00f3-Reitoria de Gest\u00e3o de Pessoas informa que abrir\u00e1 inscri\u00e7\u00f5es para sess\u00f5es de Massoterapia, promovidas no campus sede no \u00e2mbito do <\/span><b>Movimenta: Programa de Promo\u00e7\u00e3o da Sa\u00fade Integral dos(as) Servidores(as) da UFSM<\/b><span style=\"font-weight: 400\">, <\/span><b>em parceria com o Laborat\u00f3rio de Dor Cr\u00f4nica e Pr\u00e1ticas Integrativas e Complementares \u2013 LADCIS, <\/b><span style=\"font-weight: 400\">conforme cronograma de inscri\u00e7\u00f5es e quadro de vagas.<\/span><\/p>\n<p>\u00a0<\/p>\n<p style=\"text-align: center\"><strong>Campus sede da UFSM<\/strong><\/p>\n<p style=\"text-align: center\"><b>Cronograma de inscri\u00e7\u00f5es:<\/b><\/p>\n<table>\n<tbody>\n<tr>\n<td style=\"text-align: center\">\n<p><b>SERVIDORES<\/b><\/p>\n<\/td>\n<td style=\"text-align: center\">\n<p><b>DATA E HOR\u00c1RIO DAS INSCRI\u00c7\u00d5ES<\/b><\/p>\n<\/td>\n<td style=\"text-align: center\">\n<p><b>FORMA DE INSCRI\u00c7\u00c3O<\/b><\/p>\n<\/td>\n<\/tr>\n<tr>\n<td>\n<p><span style=\"font-weight: 400\">Aposentados\/as<\/span><\/p>\n<\/td>\n<td>\n<p><span style=\"font-weight: 400\">17\/06\/2025 (ter\u00e7a-feira)\u00a0<\/span><\/p>\n<p><span style=\"font-weight: 400\">das 8h \u00e0s 12h<\/span><\/p>\n<\/td>\n<td>\n<p><span style=\"font-weight: 400\">Inscri\u00e7\u00f5es via telefone, Whatsapp ou e-mail:\u00a0<\/span><\/p>\n<br \/>\n<ul>\n<li style=\"font-weight: 400\"><span style=\"font-weight: 400\">Telefone: (55) 3220-8134<\/span><\/li>\n<li style=\"font-weight: 400\"><span style=\"font-weight: 400\">Whatsapp: (55) 99165-8496<\/span><\/li>\n<li style=\"font-weight: 400\"><span style=\"font-weight: 400\">E-mail: <\/span><a href=\"mailto:movimenta@ufsm.br\"><span style=\"font-weight: 400\">movimenta@ufsm.br<\/span><\/a><\/li>\n<\/ul>\n<\/td>\n<\/tr>\n<tr>\n<td>\n<p><span style=\"font-weight: 400\">Ativos\/as<\/span><\/p>\n<\/td>\n<td><br \/>\n<p><span style=\"font-weight: 400\">17\/06\/2025 (ter\u00e7a-feira)<\/span><\/p>\n<p><span style=\"font-weight: 400\">\u00a0a partir das 13h<\/span><\/p>\n<\/td>\n<td>\n<p><span style=\"font-weight: 400\">Por meio do <\/span><a href=\"https:\/\/portal.ufsm.br\/agendamento\/index.html\"><span style=\"font-weight: 400\">Portal de Agendamento da UFSM<\/span><\/a><span style=\"font-weight: 400\">.<\/span><\/p>\n<\/td>\n<\/tr>\n<\/tbody>\n<\/table>\n<p>\u00a0<\/p>\n<p style=\"text-align: center\"><b>Atividades e vagas dispon\u00edveis:<\/b><\/p>\n<table>\n<tbody>\n<tr>\n<td>\n<p style=\"text-align: center\"><b>MODALIDADES E HOR\u00c1RIOS<\/b><\/p>\n<\/td>\n<td>\n<p style=\"text-align: center\"><b>VAGAS<\/b><\/p>\n<\/td>\n<td style=\"text-align: center\">\n<p><b>LOCAL<\/b><\/p>\n<\/td>\n<td style=\"text-align: center\">\n<p><b>TERAPEUTA<\/b><\/p>\n<\/td>\n<\/tr>\n<tr>\n<td>\n<p><b>MASSOTERAPIA<\/b><\/p>\n<br \/>\n<p><span style=\"font-weight: 400\">Data: de 24\/06 a 15\/07, \u00e0s ter\u00e7as-feiras<\/span><\/p>\n<br \/>\n<p><span style=\"font-weight: 400\">Hor\u00e1rios das sess\u00f5es:\u00a0<\/span><\/p>\n<p><span style=\"font-weight: 400\">13h30min, 14h30min, 15h30min e \u00e0s 16h30min<\/span><\/p>\n<br \/><br \/><\/td>\n<td><br \/>\n<p><span style=\"font-weight: 400\">4 vagas para aposentados\/as<\/span><\/p>\n<p><span style=\"font-weight: 400\">(01\/07\/2025)<\/span><\/p>\n<br \/>\n<p><span style=\"font-weight: 400\">12 vagas para ativos\/as<\/span><\/p>\n<p><span style=\"font-weight: 400\">(24\/06, 08\/07 e 15\/07\/2025)<\/span><\/p>\n<\/td>\n<td><br \/><br \/>\n<p><span style=\"font-weight: 400\">Pr\u00e9dio 48C<\/span><\/p>\n<p><span style=\"font-weight: 400\">CQVS<\/span><\/p>\n<\/td>\n<td><br \/><br \/>\n<p><span style=\"font-weight: 400\">\u00a0\u00a0<\/span><\/p>\n<p><span style=\"font-weight: 400\">\u00a0Ana Clara<\/span><\/p>\n<br \/><br \/><\/td>\n<\/tr>\n<\/tbody>\n<\/table>\n<p><br \/><br \/><\/p>\n<p><b>\u27a1\ufe0f <\/b><span style=\"font-weight: 400\">Os(as) servidores(as) que tiverem a inscri\u00e7\u00e3o deferida no Portal de Agendamentos podem realizar a sess\u00e3o de massagem, conforme o dia e hor\u00e1rio solicitados.<\/span><\/p>\n<p><b>\u27a1\ufe0f Os selecionados dever\u00e3o trazer uma toalha e uma manta (ou len\u00e7ol) para utilizar durante a massagem.<\/b><\/p>\n<p><span style=\"font-weight: 400\">\u27a1\ufe0f O(a) servidor(a) pode participar de apenas uma sess\u00e3o de massagem. As inscri\u00e7\u00f5es excedentes ser\u00e3o canceladas.<\/span><\/p>\n<p><b>\u27a1\ufe0f <\/b><span style=\"font-weight: 400\">A inscri\u00e7\u00e3o para servidores(as) aposentados(as) ser\u00e1 por ordem de solicita\u00e7\u00e3o, via telefone, whatsapp ou e-mail.<\/span><\/p>\n<p><b>\u27a1\ufe0f <\/b><span style=\"font-weight: 400\">Para servidores(as) ativos(as) as vagas s\u00e3o disponibilizadas no Portal de Agendamentos, onde a inscri\u00e7\u00e3o \u00e9 controlada pelo sistema, conforme ordem de envio.<\/span><\/p>\n<p><b>\u27a1\ufe0f <\/b><span style=\"font-weight: 400\">N\u00e3o haver\u00e1 fila de espera\/suplentes.\u00a0<\/span><\/p>\n<p><b>\u27a1\ufe0f Em caso de impossibilidade de participa\u00e7\u00e3o ou desist\u00eancia, o(a) servidor(a) dever\u00e1 comunicar imediatamente \u00e0 coordena\u00e7\u00e3o do projeto pelo whatsapp (55) 99165-8496.<\/b><\/p>\n<p><b>\u27a1\ufe0f<\/b><span style=\"font-weight: 400\">Orienta\u00e7\u00f5es sobre como realizar a inscri\u00e7\u00e3o pelo Portal de Agendamentos podem ser acessadas em: <\/span><a href=\"https:\/\/www.ufsm.br\/app\/uploads\/sites\/341\/2023\/06\/Orientacoes-para-inscricoes.pdf\"><span style=\"font-weight: 400\">Orienta\u00e7\u00f5es para inscri\u00e7\u00f5es<\/span><\/a><span style=\"font-weight: 400\">.<\/span><\/p>\n<p><span style=\"font-weight: 400\">\ud83d\udccc Para mais informa\u00e7\u00f5es, entre em contato com o N\u00facleo de Promo\u00e7\u00e3o de Sa\u00fade do Trabalho (NPSAT\/CQVS\/PROGEP):<\/span><\/p>\n<p><span style=\"font-weight: 400\">\ud83d\udce7 E-mail: movimenta@ufsm.br<\/span><span style=\"font-weight: 400\"><br \/><\/span><span style=\"font-weight: 400\">\ud83d\udcde Telefone: (55) 3220-8134<\/span><span style=\"font-weight: 400\"><br \/><\/span><span style=\"font-weight: 400\">\ud83d\udcf1 WhatsApp: (55) 99165-8496<\/span><\/p>\n<!-- \/wp:tadv\/classic-paragraph -->\t\t\t\t\t\t<\/div>\n\t\t\t\t<\/div>\n\t\t\t\t\t<\/div>\n\t\t<\/div>\n\t\t\t\t\t<\/div>\n\t\t<\/section>\n\t\t\t\t<\/div>\n\t\t","protected":false},"excerpt":{"rendered":"<p>A Pr\u00f3-Reitoria de Gest\u00e3o de Pessoas informa que abrir\u00e1 inscri\u00e7\u00f5es para sess\u00f5es de Massoterapia, promovidas no campus sede no \u00e2mbito do Movimenta: Programa de Promo\u00e7\u00e3o da Sa\u00fade Integral dos(as) Servidores(as) da UFSM, em parceria com o Laborat\u00f3rio de Dor Cr\u00f4nica e Pr\u00e1ticas Integrativas e Complementares \u2013 LADCIS, conforme cronograma de inscri\u00e7\u00f5es e quadro de vagas. [&hellip;]<\/p>\n","protected":false},"author":606,"featured_media":42674,"comment_status":"closed","ping_status":"closed","sticky":false,"template":"","format":"standard","meta":{"footnotes":""},"categories":[1157,1],"tags":[1219],"class_list":["post-43487","post","type-post","status-publish","format-standard","has-post-thumbnail","hentry","category-movimenta","category-noticias","tag-saude-mental"],"acf":[],"_links":{"self":[{"href":"https:\/\/www.ufsm.br\/pro-reitorias\/progep\/wp-json\/wp\/v2\/posts\/43487","targetHints":{"allow":["GET"]}}],"collection":[{"href":"https:\/\/www.ufsm.br\/pro-reitorias\/progep\/wp-json\/wp\/v2\/posts"}],"about":[{"href":"https:\/\/www.ufsm.br\/pro-reitorias\/progep\/wp-json\/wp\/v2\/types\/post"}],"author":[{"embeddable":true,"href":"https:\/\/www.ufsm.br\/pro-reitorias\/progep\/wp-json\/wp\/v2\/users\/606"}],"replies":[{"embeddable":true,"href":"https:\/\/www.ufsm.br\/pro-reitorias\/progep\/wp-json\/wp\/v2\/comments?post=43487"}],"version-history":[{"count":0,"href":"https:\/\/www.ufsm.br\/pro-reitorias\/progep\/wp-json\/wp\/v2\/posts\/43487\/revisions"}],"wp:featuredmedia":[{"embeddable":true,"href":"https:\/\/www.ufsm.br\/pro-reitorias\/progep\/wp-json\/wp\/v2\/media\/42674"}],"wp:attachment":[{"href":"https:\/\/www.ufsm.br\/pro-reitorias\/progep\/wp-json\/wp\/v2\/media?parent=43487"}],"wp:term":[{"taxonomy":"category","embeddable":true,"href":"https:\/\/www.ufsm.br\/pro-reitorias\/progep\/wp-json\/wp\/v2\/categories?post=43487"},{"taxonomy":"post_tag","embeddable":true,"href":"https:\/\/www.ufsm.br\/pro-reitorias\/progep\/wp-json\/wp\/v2\/tags?post=43487"}],"curies":[{"name":"wp","href":"https:\/\/api.w.org\/{rel}","templated":true}]}}