{"id":43912,"date":"2025-07-28T07:57:43","date_gmt":"2025-07-28T10:57:43","guid":{"rendered":"https:\/\/www.ufsm.br\/pro-reitorias\/progep\/?p=43912"},"modified":"2025-07-28T08:00:05","modified_gmt":"2025-07-28T11:00:05","slug":"selecao-de-bolsista-da-area-da-comunicacao","status":"publish","type":"post","link":"https:\/\/www.ufsm.br\/pro-reitorias\/progep\/2025\/07\/28\/selecao-de-bolsista-da-area-da-comunicacao","title":{"rendered":"Sele\u00e7\u00e3o de bolsista da \u00e1rea da comunica\u00e7\u00e3o"},"content":{"rendered":"\n\n\n\n\n<p>A Coordenadoria de Sa\u00fade e Qualidade de Vida do Servidor (CQVS), vinculada \u00e0 Pr\u00f3-Reitoria de Gest\u00e3o de Pessoas (PROGEP) da Universidade Federal de Santa Maria (UFSM), torna p\u00fablico o processo seletivo para a concess\u00e3o de Bolsa PRAE (BAE-PRAE) destinada \u00e0 atua\u00e7\u00e3o na \u00e1rea de comunica\u00e7\u00e3o e em atividades afins, desenvolvidas pela CQVS e seus respectivos N\u00facleos:<\/p>\n<table style=\"width: 100%\">\n<tbody>\n<tr>\n<td style=\"text-align: center;width: 10.8992%\">\n<p><b>\u00c1rea<\/b><\/p>\n<\/td>\n<td style=\"text-align: center;width: 15.8719%\">\n<p><b>Previs\u00e3o\u00a0<\/b><b>de Vagas<\/b><\/p>\n<\/td>\n<td style=\"text-align: center;width: 72.7521%\">\n<p><b>P\u00fablico-Alvo<\/b><\/p>\n<\/td>\n<\/tr>\n<tr>\n<td style=\"width: 10.8992%;text-align: center\">\n<p><span style=\"font-weight: 400\">Comunica\u00e7\u00e3o<\/span><\/p>\n<\/td>\n<td style=\"width: 15.8719%;text-align: center\">\n<p><span style=\"font-weight: 400\">1 + CR<\/span><\/p>\n<\/td>\n<td style=\"width: 72.7521%\">\n<p><span style=\"font-weight: 400\">Alunos(as) regulares do Curso de Comunica\u00e7\u00e3o Social (Jornalismo, Produ\u00e7\u00e3o Editorial, Publicidade e Propaganda ou Rela\u00e7\u00f5es P\u00fablicas) ou do Curso de Desenho Industrial.<\/span><\/p>\n<\/td>\n<\/tr>\n<\/tbody>\n<\/table>\n<p><span style=\"font-weight: 400\">CR = Cadastro de reserva.<\/span><\/p>\n<p>As inscri\u00e7\u00f5es podem ser realizadas no per\u00edodo de <span style=\"font-weight: 400\">28\/07 a 10\/08\/2025.<\/span><\/p>\n<p>O Edital na \u00edntegra pode ser acessado na p\u00e1gina do processo seletivo:<\/p>\n<p><a href=\"https:\/\/www.ufsm.br\/pro-reitorias\/progep\/editais\/003-2025\">003\/2025 \u2013 Sele\u00e7\u00e3o de Bolsistas da \u00e1rea da Comunica\u00e7\u00e3o \u2013 CQVS\/PROGEP\/UFSM \u2013 PROGEP<\/a><\/p>\n<p>Mais informa\u00e7\u00f5es pelo e-mail cqvs@ufsm.br<\/p>\n\n\n","protected":false},"excerpt":{"rendered":"<p>A Coordenadoria de Sa\u00fade e Qualidade de Vida do Servidor (CQVS), vinculada \u00e0 Pr\u00f3-Reitoria de Gest\u00e3o de Pessoas (PROGEP) da Universidade Federal de Santa Maria (UFSM), torna p\u00fablico o processo seletivo para a concess\u00e3o de Bolsa PRAE (BAE-PRAE) destinada \u00e0 atua\u00e7\u00e3o na \u00e1rea de comunica\u00e7\u00e3o e em atividades afins, desenvolvidas pela CQVS e seus respectivos [&hellip;]<\/p>\n","protected":false},"author":606,"featured_media":0,"comment_status":"closed","ping_status":"closed","sticky":false,"template":"","format":"standard","meta":{"footnotes":""},"categories":[1],"tags":[],"class_list":["post-43912","post","type-post","status-publish","format-standard","hentry","category-noticias"],"acf":[],"_links":{"self":[{"href":"https:\/\/www.ufsm.br\/pro-reitorias\/progep\/wp-json\/wp\/v2\/posts\/43912","targetHints":{"allow":["GET"]}}],"collection":[{"href":"https:\/\/www.ufsm.br\/pro-reitorias\/progep\/wp-json\/wp\/v2\/posts"}],"about":[{"href":"https:\/\/www.ufsm.br\/pro-reitorias\/progep\/wp-json\/wp\/v2\/types\/post"}],"author":[{"embeddable":true,"href":"https:\/\/www.ufsm.br\/pro-reitorias\/progep\/wp-json\/wp\/v2\/users\/606"}],"replies":[{"embeddable":true,"href":"https:\/\/www.ufsm.br\/pro-reitorias\/progep\/wp-json\/wp\/v2\/comments?post=43912"}],"version-history":[{"count":0,"href":"https:\/\/www.ufsm.br\/pro-reitorias\/progep\/wp-json\/wp\/v2\/posts\/43912\/revisions"}],"wp:attachment":[{"href":"https:\/\/www.ufsm.br\/pro-reitorias\/progep\/wp-json\/wp\/v2\/media?parent=43912"}],"wp:term":[{"taxonomy":"category","embeddable":true,"href":"https:\/\/www.ufsm.br\/pro-reitorias\/progep\/wp-json\/wp\/v2\/categories?post=43912"},{"taxonomy":"post_tag","embeddable":true,"href":"https:\/\/www.ufsm.br\/pro-reitorias\/progep\/wp-json\/wp\/v2\/tags?post=43912"}],"curies":[{"name":"wp","href":"https:\/\/api.w.org\/{rel}","templated":true}]}}