{"id":44357,"date":"2025-09-01T11:13:13","date_gmt":"2025-09-01T14:13:13","guid":{"rendered":"https:\/\/www.ufsm.br\/pro-reitorias\/progep\/?p=44357"},"modified":"2025-09-01T11:16:00","modified_gmt":"2025-09-01T14:16:00","slug":"inscricoes-abertas-para-o-curso-sou-gestor-e-agora","status":"publish","type":"post","link":"https:\/\/www.ufsm.br\/pro-reitorias\/progep\/2025\/09\/01\/inscricoes-abertas-para-o-curso-sou-gestor-e-agora","title":{"rendered":"Inscri\u00e7\u00f5es abertas para o curso Sou Gestor, e Agora?"},"content":{"rendered":"\n<p>A Pr\u00f3-Reitoria de Gest\u00e3o de Pessoas (PROGEP) est\u00e1 com inscri\u00e7\u00f5es abertas\u00a0para o curso <strong>\u201cSou Gestor, e Agora?\u201d<\/strong>, destinado a gestores da institui\u00e7\u00e3o.<\/p>\n<p>Com <strong>carga hor\u00e1ria de 20 horas<\/strong>, a capacita\u00e7\u00e3o ser\u00e1 realizada de <strong>17\/09 a 15\/10\/2025<\/strong>, na modalidade a dist\u00e2ncia. A proposta combina 8 horas de encontros virtuais pelo Google Meet (24\/09, 01, 08 e 15\/10, das 10h \u00e0s 12h) e 12 horas de atividades ass\u00edncronas no Moodle.<\/p>\n<p>O curso integra a <a href=\"https:\/\/www.ufsm.br\/pro-reitorias\/progep\/trilha-de-desenvolvimento-de-gestores\">Trilha de Desenvolvimento de Gestores<\/a> e busca capacitar chefias para lidar com aspectos legais, normativos e pr\u00e1ticos da gest\u00e3o de pessoas na UFSM, abordando temas como jornada de trabalho, afastamentos, sa\u00fade e qualidade de vida, provimento de vagas e avalia\u00e7\u00e3o de desempenho.<\/p>\n<p>\ud83d\udccc As inscri\u00e7\u00f5es devem ser realizadas pelo <a href=\"https:\/\/portal.ufsm.br\/capacitacao\/index.html\">Portal de Capacita\u00e7\u00e3o<\/a> at\u00e9 o dia 16\/09\/2025.<\/p>\n<p>Mais informa\u00e7\u00f5es podem ser obtidas com o N\u00facleo de Educa\u00e7\u00e3o e Desenvolvimento (NED) pelo telefone (55) 3220-8063 ou pelo e-mail ned@ufsm.br.<\/p>\n","protected":false},"excerpt":{"rendered":"<p>A Pr\u00f3-Reitoria de Gest\u00e3o de Pessoas (PROGEP) est\u00e1 com inscri\u00e7\u00f5es abertas\u00a0para o curso \u201cSou Gestor, e Agora?\u201d, destinado a gestores da institui\u00e7\u00e3o. Com carga hor\u00e1ria de 20 horas, a capacita\u00e7\u00e3o ser\u00e1 realizada de 17\/09 a 15\/10\/2025, na modalidade a dist\u00e2ncia. A proposta combina 8 horas de encontros virtuais pelo Google Meet (24\/09, 01, 08 e [&hellip;]<\/p>\n","protected":false},"author":145,"featured_media":0,"comment_status":"closed","ping_status":"closed","sticky":false,"template":"","format":"standard","meta":{"footnotes":""},"categories":[1],"tags":[],"class_list":["post-44357","post","type-post","status-publish","format-standard","hentry","category-noticias"],"acf":[],"_links":{"self":[{"href":"https:\/\/www.ufsm.br\/pro-reitorias\/progep\/wp-json\/wp\/v2\/posts\/44357","targetHints":{"allow":["GET"]}}],"collection":[{"href":"https:\/\/www.ufsm.br\/pro-reitorias\/progep\/wp-json\/wp\/v2\/posts"}],"about":[{"href":"https:\/\/www.ufsm.br\/pro-reitorias\/progep\/wp-json\/wp\/v2\/types\/post"}],"author":[{"embeddable":true,"href":"https:\/\/www.ufsm.br\/pro-reitorias\/progep\/wp-json\/wp\/v2\/users\/145"}],"replies":[{"embeddable":true,"href":"https:\/\/www.ufsm.br\/pro-reitorias\/progep\/wp-json\/wp\/v2\/comments?post=44357"}],"version-history":[{"count":0,"href":"https:\/\/www.ufsm.br\/pro-reitorias\/progep\/wp-json\/wp\/v2\/posts\/44357\/revisions"}],"wp:attachment":[{"href":"https:\/\/www.ufsm.br\/pro-reitorias\/progep\/wp-json\/wp\/v2\/media?parent=44357"}],"wp:term":[{"taxonomy":"category","embeddable":true,"href":"https:\/\/www.ufsm.br\/pro-reitorias\/progep\/wp-json\/wp\/v2\/categories?post=44357"},{"taxonomy":"post_tag","embeddable":true,"href":"https:\/\/www.ufsm.br\/pro-reitorias\/progep\/wp-json\/wp\/v2\/tags?post=44357"}],"curies":[{"name":"wp","href":"https:\/\/api.w.org\/{rel}","templated":true}]}}