{"id":44499,"date":"2025-09-10T11:09:22","date_gmt":"2025-09-10T14:09:22","guid":{"rendered":"https:\/\/www.ufsm.br\/pro-reitorias\/progep\/?p=44499"},"modified":"2025-09-10T11:25:07","modified_gmt":"2025-09-10T14:25:07","slug":"inscricoes-abertas-para-a-roda-de-conversa-assedio-discriminacao-e-diversidade","status":"publish","type":"post","link":"https:\/\/www.ufsm.br\/pro-reitorias\/progep\/2025\/09\/10\/inscricoes-abertas-para-a-roda-de-conversa-assedio-discriminacao-e-diversidade","title":{"rendered":"Inscri\u00e7\u00f5es abertas para a Roda de Conversa \u201cAss\u00e9dio, Discrimina\u00e7\u00e3o e Diversidade\u201d"},"content":{"rendered":"\n<p>A Pr\u00f3-Reitoria de Gest\u00e3o de Pessoas (PROGEP) abre inscri\u00e7\u00f5es para o segundo encontro do projeto<strong> \u201cRodas de Conversa para Gestores: compartilhando desafios e solu\u00e7\u00f5es na gest\u00e3o\u201d<\/strong>, que comp\u00f5e a Trilha de Desenvolvimento de Gestores da UFSM.<\/p>\n<p>O evento ser\u00e1 realizado no dia <strong>22 de setembro de 2025<\/strong>, das <strong>14h \u00e0s 16h<\/strong>, no <strong>Audit\u00f3rio da PROGEP (Pr\u00e9dio 48C \u2013 CQVS)<\/strong>, com a participa\u00e7\u00e3o das instrutoras Josiane dos Santos Souza Borges (Corregedoria), Bruna Loureiro Denkin (Casa Ver\u00f4nica) e Angela Maria Souza de Lima (NEABI).<\/p>\n<p>A roda de conversa ir\u00e1 abordar ass\u00e9dio moral, ass\u00e9dio sexual e discrimina\u00e7\u00e3o, contemplando tamb\u00e9m quest\u00f5es \u00e9tnico-raciais, de g\u00eanero e etarismo, al\u00e9m das orienta\u00e7\u00f5es do Guia Lil\u00e1s da CGU.<\/p>\n<p>As Rodas de Conversa para Gestores acontecem mensalmente, sempre com temas voltados aos desafios da gest\u00e3o p\u00fablica.<\/p>\n<p>\ud83d\udccc Inscri\u00e7\u00f5es at\u00e9 21\/09 no <a href=\"https:\/\/portal.ufsm.br\/capacitacao\/index.html\">Portal de Capacita\u00e7\u00e3o<\/a><\/p>\n<p>Mais informa\u00e7\u00f5es poder\u00e3o ser obtidas com o N\u00facleo de Educa\u00e7\u00e3o e Desenvolvimento pelo e-mail <a href=\"mailto:ned@ufsm.br\">ned@ufsm.br<\/a> ou telefone (55)3220-8063.<\/p>\n\n\n\n\n\n\n","protected":false},"excerpt":{"rendered":"<p>A Pr\u00f3-Reitoria de Gest\u00e3o de Pessoas (PROGEP) abre inscri\u00e7\u00f5es para o segundo encontro do projeto \u201cRodas de Conversa para Gestores: compartilhando desafios e solu\u00e7\u00f5es na gest\u00e3o\u201d, que comp\u00f5e a Trilha de Desenvolvimento de Gestores da UFSM. O evento ser\u00e1 realizado no dia 22 de setembro de 2025, das 14h \u00e0s 16h, no Audit\u00f3rio da PROGEP [&hellip;]<\/p>\n","protected":false},"author":145,"featured_media":0,"comment_status":"closed","ping_status":"closed","sticky":false,"template":"","format":"standard","meta":{"footnotes":""},"categories":[1],"tags":[],"class_list":["post-44499","post","type-post","status-publish","format-standard","hentry","category-noticias"],"acf":[],"_links":{"self":[{"href":"https:\/\/www.ufsm.br\/pro-reitorias\/progep\/wp-json\/wp\/v2\/posts\/44499","targetHints":{"allow":["GET"]}}],"collection":[{"href":"https:\/\/www.ufsm.br\/pro-reitorias\/progep\/wp-json\/wp\/v2\/posts"}],"about":[{"href":"https:\/\/www.ufsm.br\/pro-reitorias\/progep\/wp-json\/wp\/v2\/types\/post"}],"author":[{"embeddable":true,"href":"https:\/\/www.ufsm.br\/pro-reitorias\/progep\/wp-json\/wp\/v2\/users\/145"}],"replies":[{"embeddable":true,"href":"https:\/\/www.ufsm.br\/pro-reitorias\/progep\/wp-json\/wp\/v2\/comments?post=44499"}],"version-history":[{"count":0,"href":"https:\/\/www.ufsm.br\/pro-reitorias\/progep\/wp-json\/wp\/v2\/posts\/44499\/revisions"}],"wp:attachment":[{"href":"https:\/\/www.ufsm.br\/pro-reitorias\/progep\/wp-json\/wp\/v2\/media?parent=44499"}],"wp:term":[{"taxonomy":"category","embeddable":true,"href":"https:\/\/www.ufsm.br\/pro-reitorias\/progep\/wp-json\/wp\/v2\/categories?post=44499"},{"taxonomy":"post_tag","embeddable":true,"href":"https:\/\/www.ufsm.br\/pro-reitorias\/progep\/wp-json\/wp\/v2\/tags?post=44499"}],"curies":[{"name":"wp","href":"https:\/\/api.w.org\/{rel}","templated":true}]}}