{"id":45478,"date":"2025-12-05T17:34:27","date_gmt":"2025-12-05T20:34:27","guid":{"rendered":"https:\/\/www.ufsm.br\/pro-reitorias\/progep\/?p=45478"},"modified":"2025-12-05T17:55:21","modified_gmt":"2025-12-05T20:55:21","slug":"ufsm-realiza-homenagem-aos-servidores-ativos-e-aposentados-da-ufsm","status":"publish","type":"post","link":"https:\/\/www.ufsm.br\/pro-reitorias\/progep\/2025\/12\/05\/ufsm-realiza-homenagem-aos-servidores-ativos-e-aposentados-da-ufsm","title":{"rendered":"UFSM realiza homenagem aos servidores ativos e aposentados da UFSM"},"content":{"rendered":"\t\t<div data-elementor-type=\"wp-post\" data-elementor-id=\"45478\" class=\"elementor elementor-45478\">\n\t\t\t\t\t\t<section class=\"elementor-section elementor-top-section elementor-element elementor-element-24437c1 elementor-section-boxed elementor-section-height-default elementor-section-height-default\" data-id=\"24437c1\" data-element_type=\"section\">\n\t\t\t\t\t\t<div class=\"elementor-container elementor-column-gap-default\">\n\t\t\t\t\t<div class=\"elementor-column elementor-col-100 elementor-top-column elementor-element elementor-element-7f3aed48\" data-id=\"7f3aed48\" data-element_type=\"column\">\n\t\t\t<div class=\"elementor-widget-wrap elementor-element-populated\">\n\t\t\t\t\t\t<div class=\"elementor-element elementor-element-17645784 elementor-widget elementor-widget-text-editor\" data-id=\"17645784\" data-element_type=\"widget\" data-widget_type=\"text-editor.default\">\n\t\t\t\t<div class=\"elementor-widget-container\">\n\t\t\t\t\t\t\t<p><!-- wp:tadv\/classic-paragraph \/--><\/p>\n<p>Nos dias 3 e 4 de dezembro de 2025, a Universidade Federal de Santa Maria (UFSM), por meio da Pr\u00f3-Reitoria de Gest\u00e3o de Pessoas (PROGEP), promoveu suas tradicionais Cerim\u00f4nias de Homenagem, reconhecendo o compromisso e a contribui\u00e7\u00e3o de seus servidores ativos e aposentados. O evento, que integra o Projeto de Reconhecimento Profissional, reafirmou o compromisso da universidade em valorizar aqueles que ajudam a construir sua hist\u00f3ria.<\/p>\n<p><span style=\"color: #000000;font-size: 16px\">As homenagens foram conduzidas pelo Reitor da UFSM, Prof. Luciano Schuch, pela Vice-Reitora, Profa. Martha Adaime e pelo Pr\u00f3-Reitor de Gest\u00e3o de Pessoas, Econ. Frank Leonardo Casado.<\/span><\/p>\n<p><strong>Dia 03\/12<\/strong>: foram realizadas as cerim\u00f4nias em homenagem aos servidores que completaram 10, 20, 30 e 40 anos de dedica\u00e7\u00e3o \u00e0 UFSM em 2025. <span style=\"color: #000000;font-size: 1rem\">No turna da manh\u00e3, o evento contou com a participa\u00e7\u00e3o do Grupo Contraponto (Betina Menine, Igor Amaral, Marcos Oliveira e Miguel Accadrolli), que emocionou o p\u00fablico com apresenta\u00e7\u00f5es musicais especiais. J\u00e1 no per\u00edodo da tarde, houve apresenta\u00e7\u00f5es dos servidores Daniela do Canto, Rafael Happke e Jo\u00e3o Fidler Rios.\u00a0<\/span><\/p>\n<table style=\"height: 244px;width: 100%;border-collapse: collapse;border-style: none\">\n<tbody>\n<tr style=\"height: 244px;border-style: none\">\n<td style=\"width: 50%;height: 244px;border-style: none\"><a href=\"https:\/\/www.ufsm.br\/app\/uploads\/sites\/341\/2025\/12\/10-20.jpg\"><img fetchpriority=\"high\" decoding=\"async\" src=\"https:\/\/www.ufsm.br\/app\/uploads\/sites\/341\/2025\/12\/10-20-300x200.jpg\" alt=\"\" width=\"558\" height=\"372\" \/><\/a><\/td>\n<td style=\"width: 50%;height: 244px;border-style: none\"><a href=\"https:\/\/www.ufsm.br\/app\/uploads\/sites\/341\/2025\/12\/30-40.jpg\"><img decoding=\"async\" src=\"https:\/\/www.ufsm.br\/app\/uploads\/sites\/341\/2025\/12\/30-40-300x200.jpg\" alt=\"\" width=\"558\" height=\"372\" \/><\/a><\/td>\n<\/tr>\n<\/tbody>\n<\/table>\n<p>\u00a0<\/p>\n<p><span style=\"color: #000000;font-size: 16px;font-weight: bolder\">Dia 04\/12<\/span><span style=\"color: #000000;font-size: 16px\">: foi realizada a solenidade de homenagem aos servidores que se aposentaram entre os meses de julho de 2024 e junho de 2025, celebrando o legado deixado por esses profissionais. <\/span><span style=\"color: #000000;font-size: 1rem\">O evento contou com a apresenta\u00e7\u00e3o musical do servidor Christian Vargas Dias.<\/span><\/p>\n<p>Um momento especial foi dedicado aos homenageados, que puderam dividir lembran\u00e7as e viv\u00eancias acumuladas ao longo de suas trajet\u00f3rias na institui\u00e7\u00e3o. Os depoimentos evidenciaram como o trabalho de cada servidor contribuiu para fortalecer a UFSM e consolid\u00e1-la como uma universidade p\u00fablica, gratuita e de qualidade.<\/p>\n<p><a href=\"https:\/\/www.ufsm.br\/app\/uploads\/sites\/341\/2025\/12\/Aposentados.jpg\"><img decoding=\"async\" class=\"aligncenter\" src=\"https:\/\/www.ufsm.br\/app\/uploads\/sites\/341\/2025\/12\/Aposentados-300x200.jpg\" alt=\"\" width=\"558\" height=\"372\" \/><\/a><br \/>\u00a0As cerim\u00f4nias reafirmaram a import\u00e2ncia daqueles que dedicaram suas vidas \u00e0 UFSM, refor\u00e7ando la\u00e7os entre a institui\u00e7\u00e3o e sua comunidade.<\/p>\n<p>Todas as fotos das cerim\u00f4nias podem ser acessadas <a href=\"https:\/\/drive.google.com\/drive\/folders\/14Oycrw1u_NU8cn1DlbsEQoY7KtZJdDxv\" target=\"_blank\" rel=\"noopener\">CLICANDO AQUI<\/a>.\u00a0<\/p>\n<p>Mais informa\u00e7\u00f5es sobre as homenagens poder\u00e3o ser obtidas com o N\u00facleo de Educa\u00e7\u00e3o e Desenvolvimento (NED), pelo e-mail ned@ufsm.br ou telefone (55)3220-8063 (servidores ativos), ou com a Coordenadoria de Sa\u00fade e Qualidade de Vida do Servidor, pelo e-mail cqvs@ufsm.br ou telefone (55)3220-8134 (servidores aposentados).<\/p>\n<p>\u00a0<\/p>\n<p>Cerimonialistas: Pedro Appel de Vargas Martins e Amanda Pies, bolsistas da Ag\u00eancia de Not\u00edcias.<br \/>Fotos: Jessica Mocellin e Paulo Bara\u00fana, bolsistas da Ag\u00eancia de Not\u00edcias.<\/p>\n<p><!-- \/wp:tadv\/classic-paragraph --><!-- wp:tadv\/classic-paragraph \/--><\/p>\t\t\t\t\t\t<\/div>\n\t\t\t\t<\/div>\n\t\t\t\t\t<\/div>\n\t\t<\/div>\n\t\t\t\t\t<\/div>\n\t\t<\/section>\n\t\t\t\t<\/div>\n\t\t","protected":false},"excerpt":{"rendered":"<p>Nos dias 3 e 4 de dezembro de 2025, a Universidade Federal de Santa Maria (UFSM), por meio da Pr\u00f3-Reitoria de Gest\u00e3o de Pessoas (PROGEP), promoveu suas tradicionais Cerim\u00f4nias de Homenagem, reconhecendo o compromisso e a contribui\u00e7\u00e3o de seus servidores ativos e aposentados. O evento, que integra o Projeto de Reconhecimento Profissional, reafirmou o compromisso [&hellip;]<\/p>\n","protected":false},"author":606,"featured_media":0,"comment_status":"closed","ping_status":"closed","sticky":false,"template":"","format":"standard","meta":{"footnotes":""},"categories":[43,1],"tags":[],"class_list":["post-45478","post","type-post","status-publish","format-standard","hentry","category-banner-home","category-noticias"],"acf":[],"_links":{"self":[{"href":"https:\/\/www.ufsm.br\/pro-reitorias\/progep\/wp-json\/wp\/v2\/posts\/45478","targetHints":{"allow":["GET"]}}],"collection":[{"href":"https:\/\/www.ufsm.br\/pro-reitorias\/progep\/wp-json\/wp\/v2\/posts"}],"about":[{"href":"https:\/\/www.ufsm.br\/pro-reitorias\/progep\/wp-json\/wp\/v2\/types\/post"}],"author":[{"embeddable":true,"href":"https:\/\/www.ufsm.br\/pro-reitorias\/progep\/wp-json\/wp\/v2\/users\/606"}],"replies":[{"embeddable":true,"href":"https:\/\/www.ufsm.br\/pro-reitorias\/progep\/wp-json\/wp\/v2\/comments?post=45478"}],"version-history":[{"count":0,"href":"https:\/\/www.ufsm.br\/pro-reitorias\/progep\/wp-json\/wp\/v2\/posts\/45478\/revisions"}],"wp:attachment":[{"href":"https:\/\/www.ufsm.br\/pro-reitorias\/progep\/wp-json\/wp\/v2\/media?parent=45478"}],"wp:term":[{"taxonomy":"category","embeddable":true,"href":"https:\/\/www.ufsm.br\/pro-reitorias\/progep\/wp-json\/wp\/v2\/categories?post=45478"},{"taxonomy":"post_tag","embeddable":true,"href":"https:\/\/www.ufsm.br\/pro-reitorias\/progep\/wp-json\/wp\/v2\/tags?post=45478"}],"curies":[{"name":"wp","href":"https:\/\/api.w.org\/{rel}","templated":true}]}}