{"id":46268,"date":"2026-03-04T17:29:35","date_gmt":"2026-03-04T20:29:35","guid":{"rendered":"https:\/\/www.ufsm.br\/pro-reitorias\/progep\/?p=46268"},"modified":"2026-03-27T09:04:12","modified_gmt":"2026-03-27T12:04:12","slug":"programa-movimenta-oferta-atividades-fisicas-para-o-primeiro-semestre-de-2026","status":"publish","type":"post","link":"https:\/\/www.ufsm.br\/pro-reitorias\/progep\/2026\/03\/04\/programa-movimenta-oferta-atividades-fisicas-para-o-primeiro-semestre-de-2026","title":{"rendered":"Programa Movimenta oferta atividades f\u00edsicas para o primeiro semestre de 2026"},"content":{"rendered":"\n<p><span style=\"font-weight: 400\">A Pr\u00f3-Reitoria de Gest\u00e3o de Pessoas informa que abrir\u00e1 inscri\u00e7\u00f5es para diversas atividades promovidas no \u00e2mbito do <\/span><b>Movimenta: Programa de Promo\u00e7\u00e3o da Sa\u00fade Integral dos(as) Servidores(as) da UFSM <\/b><span style=\"font-weight: 400\">para o primeiro semestre de 2026, conforme cronograma de inscri\u00e7\u00f5es e quadro de atividades\/vagas abaixo:<\/span><\/p>\n<p>\u00a0<\/p>\n<table>\n<tbody>\n<tr>\n<td><br \/>\n<p style=\"text-align: center\"><b>ATEN\u00c7\u00c3O!<\/b><\/p>\n<br \/>\n<p><b>Este ano, as turmas ter\u00e3o uma aula por semana e o(a) servidor(a) poder\u00e1 se inscrever em at\u00e9 duas turmas, da mesma modalidade ou de modalidades distintas.<\/b><\/p>\n<\/td>\n<\/tr>\n<\/tbody>\n<\/table>\n<p>\u00a0<\/p>\n<p><b>Cronograma de inscri\u00e7\u00f5es:<\/b><\/p>\n<table>\n<tbody>\n<tr>\n<td style=\"text-align: center\">\n<p><b>Servidores<\/b><\/p>\n<\/td>\n<td style=\"text-align: center\">\n<p><b>Data e hor\u00e1rio das inscri\u00e7\u00f5es<\/b><\/p>\n<\/td>\n<td style=\"text-align: center\">\n<p><b>Forma de inscri\u00e7\u00e3o<\/b><\/p>\n<\/td>\n<\/tr>\n<tr>\n<td style=\"text-align: center\">\n<p><span style=\"font-weight: 400\">Aposentados\/as<\/span><\/p>\n<\/td>\n<td style=\"text-align: center\">\n<p><span style=\"font-weight: 400\">05\/03\/2026 (quinta-feira)\u00a0<\/span><\/p>\n<p><span style=\"font-weight: 400\">das 8h \u00e0s 12h<\/span><\/p>\n<\/td>\n<td style=\"text-align: center\">\n<p><span style=\"font-weight: 400\">Inscri\u00e7\u00f5es via telefone, Whatsapp ou e-mail:\u00a0<\/span><\/p>\n<br \/>\n<ul>\n<li style=\"font-weight: 400\"><span style=\"font-weight: 400\">Telefone: (55) 3220-8134<\/span><\/li>\n<li style=\"font-weight: 400\"><span style=\"font-weight: 400\">Whatsapp: (55) 99165-8496<\/span><\/li>\n<li style=\"font-weight: 400\"><span style=\"font-weight: 400\">E-mail: <\/span><a href=\"mailto:movimenta@ufsm.br\"><span style=\"font-weight: 400\">movimenta@ufsm.br<\/span><\/a><\/li>\n<\/ul>\n<\/td>\n<\/tr>\n<tr>\n<td style=\"text-align: center\">\n<p><span style=\"font-weight: 400\">Ativos\/as<\/span><\/p>\n<\/td>\n<td style=\"text-align: center\"><br \/>\n<p><span style=\"font-weight: 400\">05\/03\/2026 (quinta-feira)<\/span><\/p>\n<p><span style=\"font-weight: 400\">\u00a0a partir das 13h<\/span><\/p>\n<\/td>\n<td style=\"text-align: center\">\n<p><span style=\"font-weight: 400\">Por meio do <\/span><a href=\"https:\/\/portal.ufsm.br\/agendamento\/index.html\"><span style=\"font-weight: 400\">Portal de Agendamento da UFSM<\/span><\/a><span style=\"font-weight: 400\">.<\/span><\/p>\n<\/td>\n<\/tr>\n<\/tbody>\n<\/table>\n<p>\u00a0<\/p>\n<p><b>Atividades e vagas dispon\u00edveis:<\/b><\/p>\n<table style=\"width: 100%;height: 11638px\">\n<tbody>\n<tr style=\"height: 68px\">\n<td style=\"height: 68px\">\n<p><b>MODALIDADES E HOR\u00c1RIOS<\/b><\/p>\n<\/td>\n<td style=\"text-align: center;height: 68px\">\n<p><b>VAGAS<\/b><\/p>\n<\/td>\n<td style=\"text-align: center;height: 68px\">\n<p><b>LOCAL<\/b><\/p>\n<\/td>\n<\/tr>\n<tr style=\"height: 160px\">\n<td style=\"height: 160px\">\n<p><b>ATIVIDADES COGNITIVAS T1 (Aposentados e 50+)<\/b><\/p>\n<br \/>\n<p><span style=\"font-weight: 400\">Ter\u00e7as-feiras, das 9h \u00e0s 10h<\/span><\/p>\n<\/td>\n<td style=\"text-align: center;height: 160px\"><br \/>\n<p><span style=\"font-weight: 400\">04 vagas<\/span><\/p>\n<\/td>\n<td style=\"text-align: center;height: 160px\">\n<p><span style=\"font-weight: 400\">Pr\u00e9dio 48C<\/span><\/p>\n<p><span style=\"font-weight: 400\">CQVS<\/span><\/p>\n<\/td>\n<\/tr>\n<tr style=\"height: 160px\">\n<td style=\"height: 160px\">\n<p><b>ATIVIDADES COGNITIVAS T2 (Aposentados e 50+)<\/b><\/p>\n<br \/>\n<p><span style=\"font-weight: 400\">Quintas-feiras, das 9h \u00e0s 10h<\/span><\/p>\n<\/td>\n<td style=\"text-align: center;height: 160px\"><br \/>\n<p><span style=\"font-weight: 400\">04 vagas<\/span><\/p>\n<\/td>\n<td style=\"text-align: center;height: 160px\">\n<p><span style=\"font-weight: 400\">Pr\u00e9dio 48C<\/span><\/p>\n<p><span style=\"font-weight: 400\">CQVS<\/span><\/p>\n<\/td>\n<\/tr>\n<tr style=\"height: 160px\">\n<td style=\"height: 160px\">\n<p><b>ATIVIDADES COGNITIVAS T3 (Aposentados e 50+)<\/b><\/p>\n<br \/>\n<p><span style=\"font-weight: 400\">Sextas-feiras, das 9h \u00e0s 10h<\/span><\/p>\n<\/td>\n<td style=\"text-align: center;height: 160px\"><br \/>\n<p><span style=\"font-weight: 400\">04 vagas<\/span><\/p>\n<\/td>\n<td style=\"text-align: center;height: 160px\">\n<p><span style=\"font-weight: 400\">Pr\u00e9dio 48C<\/span><\/p>\n<p><span style=\"font-weight: 400\">CQVS<\/span><\/p>\n<\/td>\n<\/tr>\n<tr style=\"height: 160px\">\n<td style=\"height: 160px\">\n<p><b>CORRIDA TURMA 1<\/b><\/p>\n<br \/>\n<p><span style=\"font-weight: 400\">Segundas-feiras, das 7h30min \u00e0s 8h20min<\/span><\/p>\n<\/td>\n<td style=\"text-align: center;height: 160px\"><br \/>\n<p><span style=\"font-weight: 400\">15 vagas<\/span><\/p>\n<\/td>\n<td style=\"text-align: center;height: 160px\">\n<p><span style=\"font-weight: 400\">Pista CEFD<\/span><\/p>\n<\/td>\n<\/tr>\n<tr style=\"height: 160px\">\n<td style=\"height: 160px\">\n<p><b>CORRIDA TURMA 2<\/b><\/p>\n<br \/>\n<p><span style=\"font-weight: 400\">Segundas-feiras, das 17h30min \u00e0s 18h20min<\/span><\/p>\n<\/td>\n<td style=\"text-align: center;height: 160px\"><br \/>\n<p><span style=\"font-weight: 400\">15 vagas<\/span><\/p>\n<\/td>\n<td style=\"text-align: center;height: 160px\">\n<p><span style=\"font-weight: 400\">Pista CEFD<\/span><\/p>\n<\/td>\n<\/tr>\n<tr style=\"height: 160px\">\n<td style=\"height: 160px\">\n<p><b>CORRIDA TURMA 3<\/b><\/p>\n<br \/>\n<p><span style=\"font-weight: 400\">Ter\u00e7as-feiras, das 7h30min \u00e0s 8h20min<\/span><\/p>\n<\/td>\n<td style=\"text-align: center;height: 160px\"><br \/>\n<p><span style=\"font-weight: 400\">15 vagas<\/span><\/p>\n<\/td>\n<td style=\"text-align: center;height: 160px\">\n<p><span style=\"font-weight: 400\">Pista CEFD<\/span><\/p>\n<\/td>\n<\/tr>\n<tr style=\"height: 160px\">\n<td style=\"height: 160px\">\n<p><b>CORRIDA TURMA 4<\/b><\/p>\n<br \/>\n<p><span style=\"font-weight: 400\">Ter\u00e7as-feiras, das 17h30min \u00e0s 18h20min<\/span><\/p>\n<\/td>\n<td style=\"text-align: center;height: 160px\"><br \/>\n<p><span style=\"font-weight: 400\">15 vagas<\/span><\/p>\n<\/td>\n<td style=\"text-align: center;height: 160px\">\n<p><span style=\"font-weight: 400\">Pista CEFD<\/span><\/p>\n<\/td>\n<\/tr>\n<tr style=\"height: 160px\">\n<td style=\"height: 160px\">\n<p><b>CORRIDA TURMA 5<\/b><\/p>\n<br \/>\n<p><span style=\"font-weight: 400\">Quartas-feiras, das 7h30min \u00e0s 8h20min<\/span><\/p>\n<\/td>\n<td style=\"text-align: center;height: 160px\"><br \/>\n<p><span style=\"font-weight: 400\">15 vagas<\/span><\/p>\n<\/td>\n<td style=\"text-align: center;height: 160px\">\n<p><span style=\"font-weight: 400\">Pista CEFD<\/span><\/p>\n<\/td>\n<\/tr>\n<tr style=\"height: 160px\">\n<td style=\"height: 160px\">\n<p><b>CORRIDA TURMA 6<\/b><\/p>\n<br \/>\n<p><span style=\"font-weight: 400\">Quartas-feiras, das 17h10min \u00e0s 18h<\/span><\/p>\n<\/td>\n<td style=\"text-align: center;height: 160px\"><br \/>\n<p><span style=\"font-weight: 400\">15 vagas<\/span><\/p>\n<\/td>\n<td style=\"text-align: center;height: 160px\">\n<p><span style=\"font-weight: 400\">Pista CEFD<\/span><\/p>\n<\/td>\n<\/tr>\n<tr style=\"height: 160px\">\n<td style=\"height: 160px\">\n<p><b>CORRIDA TURMA 7<\/b><\/p>\n<br \/>\n<p><span style=\"font-weight: 400\">Quintas-feiras, das 7h30min \u00e0s 8h20min<\/span><\/p>\n<\/td>\n<td style=\"text-align: center;height: 160px\"><br \/>\n<p><span style=\"font-weight: 400\">15 vagas<\/span><\/p>\n<\/td>\n<td style=\"text-align: center;height: 160px\">\n<p><span style=\"font-weight: 400\">Pista CEFD<\/span><\/p>\n<\/td>\n<\/tr>\n<tr style=\"height: 160px\">\n<td style=\"height: 160px\">\n<p><b>CORRIDA TURMA 8<\/b><\/p>\n<br \/>\n<p><span style=\"font-weight: 400\">Quintas-feiras, das 17h30min \u00e0s 18h20min<\/span><\/p>\n<\/td>\n<td style=\"text-align: center;height: 160px\"><br \/>\n<p><span style=\"font-weight: 400\">15 vagas<\/span><\/p>\n<\/td>\n<td style=\"text-align: center;height: 160px\">\n<p><span style=\"font-weight: 400\">Pista CEFD<\/span><\/p>\n<\/td>\n<\/tr>\n<tr style=\"height: 160px\">\n<td style=\"height: 160px\">\n<p><b>CORRIDA TURMA 9<\/b><\/p>\n<br \/>\n<p><span style=\"font-weight: 400\">Sextas-feiras, das 7h30min \u00e0s 8h20min<\/span><\/p>\n<\/td>\n<td style=\"text-align: center;height: 160px\"><br \/>\n<p><span style=\"font-weight: 400\">15 vagas<\/span><\/p>\n<\/td>\n<td style=\"text-align: center;height: 160px\">\n<p><span style=\"font-weight: 400\">Pista CEFD<\/span><\/p>\n<\/td>\n<\/tr>\n<tr style=\"height: 160px\">\n<td style=\"height: 160px\">\n<p><b>CORRIDA TURMA 10<\/b><\/p>\n<br \/>\n<p><span style=\"font-weight: 400\">Quartas-feiras, das 17h10min \u00e0s 18h<\/span><\/p>\n<\/td>\n<td style=\"text-align: center;height: 160px\"><br \/>\n<p><span style=\"font-weight: 400\">15 vagas<\/span><\/p>\n<\/td>\n<td style=\"text-align: center;height: 160px\">\n<p><span style=\"font-weight: 400\">Pista CEFD<\/span><\/p>\n<\/td>\n<\/tr>\n<tr style=\"height: 160px\">\n<td style=\"height: 160px\">\n<p><b>CAMINHADA TURMA 1<\/b><\/p>\n<br \/>\n<p><span style=\"font-weight: 400\">Segundas-feiras, das 12h \u00e0s 12h50min<\/span><\/p>\n<\/td>\n<td style=\"text-align: center;height: 160px\"><br \/>\n<p><span style=\"font-weight: 400\">15 vagas<\/span><\/p>\n<\/td>\n<td style=\"text-align: center;height: 160px\">\n<p><span style=\"font-weight: 400\">Pista Caminhada<\/span><\/p>\n<\/td>\n<\/tr>\n<tr style=\"height: 160px\">\n<td style=\"height: 160px\">\n<p><b>CAMINHADA TURMA 2<\/b><\/p>\n<br \/>\n<p><span style=\"font-weight: 400\">Segundas-feiras, das 16h30min \u00e0s 17h20min<\/span><\/p>\n<\/td>\n<td style=\"text-align: center;height: 160px\"><br \/>\n<p><span style=\"font-weight: 400\">15 vagas<\/span><\/p>\n<\/td>\n<td style=\"text-align: center;height: 160px\">\n<p><span style=\"font-weight: 400\">Pista Caminhada<\/span><\/p>\n<\/td>\n<\/tr>\n<tr style=\"height: 160px\">\n<td style=\"height: 160px\">\n<p><b>CAMINHADA TURMA 3<\/b><\/p>\n<br \/>\n<p><span style=\"font-weight: 400\">Ter\u00e7as-feiras, das 7h30min \u00e0s 8h20min<\/span><\/p>\n<\/td>\n<td style=\"text-align: center;height: 160px\"><br \/>\n<p><span style=\"font-weight: 400\">15 vagas<\/span><\/p>\n<\/td>\n<td style=\"text-align: center;height: 160px\">\n<p><span style=\"font-weight: 400\">Pista Caminhada<\/span><\/p>\n<\/td>\n<\/tr>\n<tr style=\"height: 160px\">\n<td style=\"height: 160px\">\n<p><b>CAMINHADA TURMA 4<\/b><\/p>\n<br \/>\n<p><span style=\"font-weight: 400\">Ter\u00e7as-feiras, das 12h \u00e0s 12h50min<\/span><\/p>\n<\/td>\n<td style=\"text-align: center;height: 160px\"><br \/>\n<p><span style=\"font-weight: 400\">15 vagas<\/span><\/p>\n<\/td>\n<td style=\"text-align: center;height: 160px\">\n<p><span style=\"font-weight: 400\">Pista Caminhada<\/span><\/p>\n<\/td>\n<\/tr>\n<tr style=\"height: 160px\">\n<td style=\"height: 160px\">\n<p><b>CAMINHADA TURMA 5<\/b><\/p>\n<br \/>\n<p><span style=\"font-weight: 400\">Quartas-feiras, das 7h30min \u00e0s 8h20min<\/span><\/p>\n<\/td>\n<td style=\"text-align: center;height: 160px\"><br \/>\n<p><span style=\"font-weight: 400\">15 vagas<\/span><\/p>\n<\/td>\n<td style=\"text-align: center;height: 160px\">\n<p><span style=\"font-weight: 400\">Pista Caminhada<\/span><\/p>\n<\/td>\n<\/tr>\n<tr style=\"height: 160px\">\n<td style=\"height: 160px\">\n<p><b>CAMINHADA TURMA 6<\/b><\/p>\n<br \/>\n<p><span style=\"font-weight: 400\">Quartas-feiras, das 12h \u00e0s 12h50min<\/span><\/p>\n<\/td>\n<td style=\"text-align: center;height: 160px\"><br \/>\n<p><span style=\"font-weight: 400\">15 vagas<\/span><\/p>\n<\/td>\n<td style=\"text-align: center;height: 160px\">\n<p><span style=\"font-weight: 400\">Pista Caminhada<\/span><\/p>\n<\/td>\n<\/tr>\n<tr style=\"height: 160px\">\n<td style=\"height: 160px\">\n<p><b>CAMINHADA TURMA 7<\/b><\/p>\n<br \/>\n<p><span style=\"font-weight: 400\">Quartas-feiras, das 16h30min \u00e0s 17h20min<\/span><\/p>\n<\/td>\n<td style=\"text-align: center;height: 160px\"><br \/>\n<p><span style=\"font-weight: 400\">15 vagas<\/span><\/p>\n<\/td>\n<td style=\"text-align: center;height: 160px\">\n<p><span style=\"font-weight: 400\">Pista Caminhada<\/span><\/p>\n<\/td>\n<\/tr>\n<tr style=\"height: 160px\">\n<td style=\"height: 160px\">\n<p><b>CAMINHADA TURMA 8<\/b><\/p>\n<br \/>\n<p><span style=\"font-weight: 400\">Quintas-feiras, das 16h30min \u00e0s 17h20min<\/span><\/p>\n<\/td>\n<td style=\"text-align: center;height: 160px\"><br \/>\n<p><span style=\"font-weight: 400\">15 vagas<\/span><\/p>\n<\/td>\n<td style=\"text-align: center;height: 160px\">\n<p><span style=\"font-weight: 400\">Pista Caminhada<\/span><\/p>\n<\/td>\n<\/tr>\n<tr style=\"height: 160px\">\n<td style=\"height: 160px\">\n<p><b>JARDINAGEM<\/b><\/p>\n<br \/>\n<p><span style=\"font-weight: 400\">Quartas-feiras, das 13h \u00e0s 14h<\/span><\/p>\n<\/td>\n<td style=\"text-align: center;height: 160px\"><br \/>\n<p><span style=\"font-weight: 400\">05 vagas<\/span><\/p>\n<\/td>\n<td style=\"text-align: center;height: 160px\">\n<p><span style=\"font-weight: 400\">Aulas no Polit\u00e9cnico<\/span><\/p>\n<\/td>\n<\/tr>\n<tr style=\"height: 160px\">\n<td style=\"height: 160px\">\n<p><b>PILATES &#8211; TURMA 1\u00a0<\/b><\/p>\n<br \/>\n<p><span style=\"font-weight: 400\">Segundas-feiras, das 12h \u00e0s 12h50min<\/span><\/p>\n<\/td>\n<td style=\"text-align: center;height: 160px\"><br \/>\n<p><span style=\"font-weight: 400\">12 vagas<\/span><\/p>\n<\/td>\n<td style=\"text-align: center;height: 160px\">\n<p><span style=\"font-weight: 400\">Pr\u00e9dio 48C<\/span><\/p>\n<p><span style=\"font-weight: 400\">CQVS<\/span><\/p>\n<\/td>\n<\/tr>\n<tr style=\"height: 160px\">\n<td style=\"height: 160px\">\n<p><b>PILATES &#8211; TURMA 2\u00a0<\/b><\/p>\n<br \/>\n<p><span style=\"font-weight: 400\">Segundas-feiras, das 16h40min \u00e0s 17h30min<\/span><\/p>\n<\/td>\n<td style=\"text-align: center;height: 160px\"><br \/>\n<p><span style=\"font-weight: 400\">12 vagas<\/span><\/p>\n<\/td>\n<td style=\"text-align: center;height: 160px\">\n<p><span style=\"font-weight: 400\">Pr\u00e9dio 48C<\/span><\/p>\n<p><span style=\"font-weight: 400\">CQVS<\/span><\/p>\n<\/td>\n<\/tr>\n<tr style=\"height: 160px\">\n<td style=\"height: 160px\">\n<p><b>PILATES &#8211; TURMA 3<\/b><\/p>\n<br \/>\n<p><span style=\"font-weight: 400\">Segundas-feiras, das 17h40min \u00e0s 18h30min<\/span><\/p>\n<\/td>\n<td style=\"text-align: center;height: 160px\"><br \/>\n<p><span style=\"font-weight: 400\">12 vagas<\/span><\/p>\n<\/td>\n<td style=\"text-align: center;height: 160px\">\n<p><span style=\"font-weight: 400\">Pr\u00e9dio 48C<\/span><\/p>\n<p><span style=\"font-weight: 400\">CQVS<\/span><\/p>\n<\/td>\n<\/tr>\n<tr style=\"height: 160px\">\n<td style=\"height: 160px\">\n<p><b>PILATES &#8211; TURMA 4\u00a0<\/b><\/p>\n<br \/>\n<p><span style=\"font-weight: 400\">Ter\u00e7as-feiras, das <\/span><span style=\"font-weight: 400\">12h \u00e0s 12h50min<\/span><\/p>\n<\/td>\n<td style=\"text-align: center;height: 160px\"><br \/>\n<p><span style=\"font-weight: 400\">12 vagas<\/span><\/p>\n<\/td>\n<td style=\"text-align: center;height: 160px\">\n<p><span style=\"font-weight: 400\">Pr\u00e9dio 48C<\/span><\/p>\n<p><span style=\"font-weight: 400\">CQVS<\/span><\/p>\n<\/td>\n<\/tr>\n<tr style=\"height: 160px\">\n<td style=\"height: 160px\">\n<p><b>PILATES &#8211; TURMA 5\u00a0\u00a0<\/b><\/p>\n<br \/>\n<p><span style=\"font-weight: 400\">Ter\u00e7as-feiras, das <\/span><span style=\"font-weight: 400\">13h \u00e0s 13h50min<\/span><\/p>\n<\/td>\n<td style=\"text-align: center;height: 160px\"><br \/>\n<p><span style=\"font-weight: 400\">12 vagas<\/span><\/p>\n<\/td>\n<td style=\"text-align: center;height: 160px\">\n<p><span style=\"font-weight: 400\">Pr\u00e9dio 48C<\/span><\/p>\n<p><span style=\"font-weight: 400\">CQVS<\/span><\/p>\n<\/td>\n<\/tr>\n<tr style=\"height: 160px\">\n<td style=\"height: 160px\">\n<p><b>PILATES &#8211; TURMA 6\u00a0<\/b><\/p>\n<br \/>\n<p><span style=\"font-weight: 400\">Ter\u00e7as-feiras, das <\/span><span style=\"font-weight: 400\">17h10min \u00e0s 18h<\/span><\/p>\n<\/td>\n<td style=\"text-align: center;height: 160px\"><br \/>\n<p><span style=\"font-weight: 400\">12 vagas<\/span><\/p>\n<\/td>\n<td style=\"text-align: center;height: 160px\">\n<p><span style=\"font-weight: 400\">Pr\u00e9dio 48C<\/span><\/p>\n<p><span style=\"font-weight: 400\">CQVS<\/span><\/p>\n<\/td>\n<\/tr>\n<tr style=\"height: 210px\">\n<td style=\"height: 210px\">\n<p><b>PILATES &#8211; TURMA 7\u00a0<\/b><\/p>\n<br \/>\n<p><span style=\"font-weight: 400\">Quartas-feiras, das <\/span><span style=\"font-weight: 400\">12h \u00e0s 12h50min<\/span><\/p>\n<p><span style=\"font-weight: 400\">\u00a0<\/span><\/p>\n<\/td>\n<td style=\"text-align: center;height: 210px\"><br \/>\n<p><span style=\"font-weight: 400\">12 vagas<\/span><\/p>\n<\/td>\n<td style=\"text-align: center;height: 210px\">\n<p><span style=\"font-weight: 400\">Pr\u00e9dio 48C<\/span><\/p>\n<p><span style=\"font-weight: 400\">CQVS<\/span><\/p>\n<\/td>\n<\/tr>\n<tr style=\"height: 160px\">\n<td style=\"height: 160px\">\n<p><b>PILATES &#8211; TURMA 8\u00a0<\/b><\/p>\n<br \/>\n<p><span style=\"font-weight: 400\">Quartas-feiras, das <\/span><span style=\"font-weight: 400\">13h \u00e0s 13h50min<\/span><\/p>\n<\/td>\n<td style=\"text-align: center;height: 160px\"><br \/>\n<p><span style=\"font-weight: 400\">12 vagas<\/span><\/p>\n<\/td>\n<td style=\"text-align: center;height: 160px\">\n<p><span style=\"font-weight: 400\">Pr\u00e9dio 48C<\/span><\/p>\n<p><span style=\"font-weight: 400\">CQVS<\/span><\/p>\n<\/td>\n<\/tr>\n<tr style=\"height: 160px\">\n<td style=\"height: 160px\">\n<p><b>PILATES &#8211; TURMA 9\u00a0<\/b><\/p>\n<br \/>\n<p><span style=\"font-weight: 400\">Quartas-feiras, das <\/span><span style=\"font-weight: 400\">16h40min \u00e0s 17h30min<\/span><\/p>\n<\/td>\n<td style=\"text-align: center;height: 160px\"><br \/>\n<p><span style=\"font-weight: 400\">12 vagas<\/span><\/p>\n<\/td>\n<td style=\"text-align: center;height: 160px\">\n<p><span style=\"font-weight: 400\">Pr\u00e9dio 48C<\/span><\/p>\n<p><span style=\"font-weight: 400\">CQVS<\/span><\/p>\n<\/td>\n<\/tr>\n<tr style=\"height: 160px\">\n<td style=\"height: 160px\">\n<p><b>PILATES &#8211; TURMA 10\u00a0<\/b><\/p>\n<br \/>\n<p><span style=\"font-weight: 400\">Quintas-feiras, das <\/span><span style=\"font-weight: 400\">12h \u00e0s 12h50min<\/span><\/p>\n<\/td>\n<td style=\"text-align: center;height: 160px\"><br \/>\n<p><span style=\"font-weight: 400\">12 vagas<\/span><\/p>\n<\/td>\n<td style=\"text-align: center;height: 160px\">\n<p><span style=\"font-weight: 400\">Pr\u00e9dio 48C<\/span><\/p>\n<p><span style=\"font-weight: 400\">CQVS<\/span><\/p>\n<\/td>\n<\/tr>\n<tr style=\"height: 160px\">\n<td style=\"height: 160px\">\n<p><b>PILATES &#8211; TURMA 11\u00a0<\/b><\/p>\n<br \/>\n<p><span style=\"font-weight: 400\">Quintas-feiras, das <\/span><span style=\"font-weight: 400\">16h40min \u00e0s 17h30min<\/span><\/p>\n<\/td>\n<td style=\"text-align: center;height: 160px\"><br \/>\n<p><span style=\"font-weight: 400\">12 vagas<\/span><\/p>\n<\/td>\n<td style=\"text-align: center;height: 160px\">\n<p><span style=\"font-weight: 400\">Pr\u00e9dio 48C<\/span><\/p>\n<p><span style=\"font-weight: 400\">CQVS<\/span><\/p>\n<\/td>\n<\/tr>\n<tr style=\"height: 160px\">\n<td style=\"height: 160px\">\n<p><b>PILATES &#8211; TURMA 12\u00a0<\/b><\/p>\n<br \/>\n<p><span style=\"font-weight: 400\">Sextas-feiras, das <\/span><span style=\"font-weight: 400\">12h \u00e0s 12h50min<\/span><\/p>\n<\/td>\n<td style=\"text-align: center;height: 160px\"><br \/>\n<p><span style=\"font-weight: 400\">12 vagas<\/span><\/p>\n<\/td>\n<td style=\"text-align: center;height: 160px\">\n<p><span style=\"font-weight: 400\">Pr\u00e9dio 48C<\/span><\/p>\n<p><span style=\"font-weight: 400\">CQVS<\/span><\/p>\n<\/td>\n<\/tr>\n<tr style=\"height: 160px\">\n<td style=\"height: 160px\">\n<p><b>PILATES &#8211; TURMA 13\u00a0<\/b><\/p>\n<br \/>\n<p><span style=\"font-weight: 400\">Sextas-feiras, das <\/span><span style=\"font-weight: 400\">16h40min \u00e0s 17h30min<\/span><\/p>\n<\/td>\n<td style=\"text-align: center;height: 160px\"><br \/>\n<p><span style=\"font-weight: 400\">12 vagas<\/span><\/p>\n<\/td>\n<td style=\"text-align: center;height: 160px\">\n<p><span style=\"font-weight: 400\">Pr\u00e9dio 48C<\/span><\/p>\n<p><span style=\"font-weight: 400\">CQVS<\/span><\/p>\n<\/td>\n<\/tr>\n<tr style=\"height: 160px\">\n<td style=\"height: 160px\">\n<p><b>PILATES &#8211; TURMA 14 &#8211; APOSENTADOS\u00a0<\/b><\/p>\n<br \/>\n<p><span style=\"font-weight: 400\">Quartas-feiras, das <\/span><span style=\"font-weight: 400\">10h10min \u00e0s 11h<\/span><\/p>\n<\/td>\n<td style=\"text-align: center;height: 160px\"><br \/>\n<p><span style=\"font-weight: 400\">12 vagas<\/span><\/p>\n<\/td>\n<td style=\"text-align: center;height: 160px\">\n<p><span style=\"font-weight: 400\">Pr\u00e9dio 48C<\/span><\/p>\n<p><span style=\"font-weight: 400\">CQVS<\/span><\/p>\n<\/td>\n<\/tr>\n<tr style=\"height: 160px\">\n<td style=\"height: 160px\">\n<p><b>PILATES &#8211; TURMA 15 &#8211; APOSENTADOS\u00a0<\/b><\/p>\n<br \/>\n<p><span style=\"font-weight: 400\">Quintas-feiras, das <\/span><span style=\"font-weight: 400\">10h10min \u00e0s 11h<\/span><\/p>\n<\/td>\n<td style=\"text-align: center;height: 160px\"><br \/>\n<p><span style=\"font-weight: 400\">12 vagas<\/span><\/p>\n<\/td>\n<td style=\"text-align: center;height: 160px\">\n<p><span style=\"font-weight: 400\">Pr\u00e9dio 48C<\/span><\/p>\n<p><span style=\"font-weight: 400\">CQVS<\/span><\/p>\n<\/td>\n<\/tr>\n<tr style=\"height: 160px\">\n<td style=\"height: 160px\">\n<p><b>PILATES &#8211; TURMA 16 &#8211; APOSENTADOS\u00a0<\/b><\/p>\n<br \/>\n<p><span style=\"font-weight: 400\">Sextas-feiras, das <\/span><span style=\"font-weight: 400\">10h10min \u00e0s 11h<\/span><\/p>\n<\/td>\n<td style=\"text-align: center;height: 160px\"><br \/>\n<p><span style=\"font-weight: 400\">12 vagas<\/span><\/p>\n<\/td>\n<td style=\"text-align: center;height: 160px\">\n<p><span style=\"font-weight: 400\">Pr\u00e9dio 48C<\/span><\/p>\n<p><span style=\"font-weight: 400\">CQVS<\/span><\/p>\n<\/td>\n<\/tr>\n<tr style=\"height: 160px\">\n<td style=\"height: 160px\">\n<p><b>PILATES &#8211; TURMA 17 &#8211; APOSENTADOS\u00a0<\/b><\/p>\n<br \/>\n<p><span style=\"font-weight: 400\">Sextas-feiras, das <\/span><span style=\"font-weight: 400\">11h10min \u00e0s 12h<\/span><\/p>\n<\/td>\n<td style=\"text-align: center;height: 160px\"><br \/>\n<p><span style=\"font-weight: 400\">12 vagas<\/span><\/p>\n<\/td>\n<td style=\"text-align: center;height: 160px\">\n<p><span style=\"font-weight: 400\">Pr\u00e9dio 48C<\/span><\/p>\n<p><span style=\"font-weight: 400\">CQVS<\/span><\/p>\n<\/td>\n<\/tr>\n<tr style=\"height: 160px\">\n<td style=\"height: 160px\">\n<p><b>PILATES &#8211; TURMA 18\u00a0<\/b><\/p>\n<br \/>\n<p><span style=\"font-weight: 400\">Segundas-feiras, das 12h \u00e0s 12h50min<\/span><\/p>\n<\/td>\n<td style=\"text-align: center;height: 160px\"><br \/>\n<p><span style=\"font-weight: 400\">12 vagas<\/span><\/p>\n<\/td>\n<td style=\"text-align: center;height: 160px\">\n<p><span style=\"font-weight: 400\">Biblioteca Central &#8211; Sala 15<\/span><\/p>\n<\/td>\n<\/tr>\n<tr style=\"height: 160px\">\n<td style=\"height: 160px\">\n<p><b>PILATES &#8211; TURMA 19\u00a0<\/b><\/p>\n<br \/>\n<p><span style=\"font-weight: 400\">Segundas-feiras, das 17h \u00e0s 17h50min<\/span><\/p>\n<\/td>\n<td style=\"text-align: center;height: 160px\"><br \/>\n<p><span style=\"font-weight: 400\">12 vagas<\/span><\/p>\n<\/td>\n<td style=\"text-align: center;height: 160px\">\n<p><span style=\"font-weight: 400\">Biblioteca Central &#8211; Sala 15<\/span><\/p>\n<\/td>\n<\/tr>\n<tr style=\"height: 160px\">\n<td style=\"height: 160px\">\n<p><b>PILATES &#8211; TURMA 20\u00a0<\/b><\/p>\n<br \/>\n<p><span style=\"font-weight: 400\">Ter\u00e7as-feiras, das 12h \u00e0s 12h50min<\/span><\/p>\n<\/td>\n<td style=\"text-align: center;height: 160px\"><br \/>\n<p><span style=\"font-weight: 400\">12 vagas<\/span><\/p>\n<\/td>\n<td style=\"text-align: center;height: 160px\">\n<p><span style=\"font-weight: 400\">Biblioteca Central &#8211; Sala 15<\/span><\/p>\n<\/td>\n<\/tr>\n<tr style=\"height: 160px\">\n<td style=\"height: 160px\">\n<p><b>PILATES &#8211; TURMA 21\u00a0<\/b><\/p>\n<br \/>\n<p><span style=\"font-weight: 400\">Ter\u00e7as-feiras, das 17h \u00e0s 17h50min<\/span><\/p>\n<\/td>\n<td style=\"text-align: center;height: 160px\"><br \/>\n<p><span style=\"font-weight: 400\">12 vagas<\/span><\/p>\n<\/td>\n<td style=\"text-align: center;height: 160px\">\n<p><span style=\"font-weight: 400\">Biblioteca Central &#8211; Sala 15<\/span><\/p>\n<\/td>\n<\/tr>\n<tr style=\"height: 160px\">\n<td style=\"height: 160px\">\n<p><b>PILATES &#8211; TURMA 22\u00a0<\/b><\/p>\n<br \/>\n<p><span style=\"font-weight: 400\">Quartas-feiras, das 17h \u00e0s 17h50min<\/span><\/p>\n<\/td>\n<td style=\"text-align: center;height: 160px\"><br \/>\n<p><span style=\"font-weight: 400\">12 vagas<\/span><\/p>\n<\/td>\n<td style=\"text-align: center;height: 160px\">\n<p><span style=\"font-weight: 400\">Biblioteca Central &#8211; Sala 15<\/span><\/p>\n<\/td>\n<\/tr>\n<tr style=\"height: 160px\">\n<td style=\"height: 160px\">\n<p><b>PILATES &#8211; TURMA 23\u00a0<\/b><\/p>\n<br \/>\n<p><span style=\"font-weight: 400\">Quartas-feiras, das 18h \u00e0s 18h50min<\/span><\/p>\n<\/td>\n<td style=\"text-align: center;height: 160px\"><br \/>\n<p><span style=\"font-weight: 400\">12 vagas<\/span><\/p>\n<\/td>\n<td style=\"text-align: center;height: 160px\">\n<p><span style=\"font-weight: 400\">Biblioteca Central &#8211; Sala 15<\/span><\/p>\n<\/td>\n<\/tr>\n<tr style=\"height: 160px\">\n<td style=\"height: 160px\">\n<p><b>PILATES &#8211; TURMA 24\u00a0<\/b><\/p>\n<br \/>\n<p><span style=\"font-weight: 400\">Quintas-feiras, das <\/span><span style=\"font-weight: 400\">12h \u00e0s 12h50min<\/span><\/p>\n<\/td>\n<td style=\"text-align: center;height: 160px\"><br \/>\n<p><span style=\"font-weight: 400\">12 vagas<\/span><\/p>\n<\/td>\n<td style=\"text-align: center;height: 160px\">\n<p><span style=\"font-weight: 400\">Biblioteca Central &#8211; Sala 15<\/span><\/p>\n<\/td>\n<\/tr>\n<tr style=\"height: 160px\">\n<td style=\"height: 160px\">\n<p><b>PILATES &#8211; TURMA 25\u00a0<\/b><\/p>\n<br \/>\n<p><span style=\"font-weight: 400\">Quintas-feiras, das 17h \u00e0s 17h50min<\/span><\/p>\n<\/td>\n<td style=\"text-align: center;height: 160px\"><br \/>\n<p><span style=\"font-weight: 400\">12 vagas<\/span><\/p>\n<\/td>\n<td style=\"text-align: center;height: 160px\">\n<p><span style=\"font-weight: 400\">Biblioteca Central &#8211; Sala 15<\/span><\/p>\n<\/td>\n<\/tr>\n<tr style=\"height: 160px\">\n<td style=\"height: 160px\">\n<p><b>PILATES &#8211; TURMA 26\u00a0\u00a0<\/b><\/p>\n<br \/>\n<p><span style=\"font-weight: 400\">Sextas-feiras, das <\/span><span style=\"font-weight: 400\">13h \u00e0s 13h50min<\/span><\/p>\n<\/td>\n<td style=\"text-align: center;height: 160px\"><br \/>\n<p><span style=\"font-weight: 400\">12 vagas<\/span><\/p>\n<\/td>\n<td style=\"text-align: center;height: 160px\">\n<p><span style=\"font-weight: 400\">Biblioteca Central &#8211; Sala 15<\/span><\/p>\n<\/td>\n<\/tr>\n<tr style=\"height: 160px\">\n<td style=\"height: 160px\">\n<p><b>TREINO FUNCIONAL &#8211; TURMA 1<\/b><\/p>\n<br \/>\n<p><span style=\"font-weight: 400\">Ter\u00e7as-feiras, das <\/span><span style=\"font-weight: 400\">16h40min \u00e0s 17h30min<\/span><\/p>\n<\/td>\n<td style=\"text-align: center;height: 160px\"><br \/>\n<p><span style=\"font-weight: 400\">30 vagas<\/span><\/p>\n<\/td>\n<td style=\"text-align: center;height: 160px\">\n<p><span style=\"font-weight: 400\">Gin\u00e1sio 2\/ CEFD<\/span><\/p>\n<\/td>\n<\/tr>\n<tr style=\"height: 160px\">\n<td style=\"height: 160px\">\n<p><b>TREINO FUNCIONAL &#8211; TURMA 2\u00a0<\/b><\/p>\n<br \/>\n<p><span style=\"font-weight: 400\">Quartas-feiras, das <\/span><span style=\"font-weight: 400\">16h40min \u00e0s 17h30min<\/span><\/p>\n<\/td>\n<td style=\"text-align: center;height: 160px\"><br \/>\n<p><span style=\"font-weight: 400\">30 vagas<\/span><\/p>\n<\/td>\n<td style=\"text-align: center;height: 160px\">\n<p><span style=\"font-weight: 400\">Gin\u00e1sio 2\/ CEFD<\/span><\/p>\n<\/td>\n<\/tr>\n<tr style=\"height: 160px\">\n<td style=\"height: 160px\">\n<p><b>TREINO FUNCIONAL &#8211; TURMA 3\u00a0<\/b><\/p>\n<br \/>\n<p><span style=\"font-weight: 400\">Quintas-feiras, das <\/span><span style=\"font-weight: 400\">16h40min \u00e0s 17h30min<\/span><\/p>\n<\/td>\n<td style=\"text-align: center;height: 160px\"><br \/>\n<p><span style=\"font-weight: 400\">30 vagas<\/span><\/p>\n<\/td>\n<td style=\"text-align: center;height: 160px\">\n<p><span style=\"font-weight: 400\">Gin\u00e1sio 2\/ CEFD<\/span><\/p>\n<\/td>\n<\/tr>\n<tr style=\"height: 160px\">\n<td style=\"height: 160px\">\n<p><b>TREINO FUNCIONAL &#8211; TURMA 4<\/b><\/p>\n<br \/>\n<p><span style=\"font-weight: 400\">Sextas-feiras, das <\/span><span style=\"font-weight: 400\">16h40min \u00e0s 17h30min<\/span><\/p>\n<\/td>\n<td style=\"text-align: center;height: 160px\"><br \/>\n<p><span style=\"font-weight: 400\">30 vagas<\/span><\/p>\n<\/td>\n<td style=\"text-align: center;height: 160px\">\n<p><span style=\"font-weight: 400\">Gin\u00e1sio 2\/ CEFD<\/span><\/p>\n<\/td>\n<\/tr>\n<tr style=\"height: 160px\">\n<td style=\"height: 160px\">\n<p><b>TREINO FUNCIONAL &#8211; TURMA 5\u00a0<\/b><\/p>\n<br \/>\n<p><span style=\"font-weight: 400\">Quartas-feiras, das <\/span><span style=\"font-weight: 400\">17h40min \u00e0s 18h30min<\/span><\/p>\n<\/td>\n<td style=\"text-align: center;height: 160px\"><br \/>\n<p><span style=\"font-weight: 400\">10 vagas<\/span><\/p>\n<\/td>\n<td style=\"text-align: center;height: 160px\">\n<p><span style=\"font-weight: 400\">Pr\u00e9dio 48C<\/span><\/p>\n<p><span style=\"font-weight: 400\">CQVS<\/span><\/p>\n<\/td>\n<\/tr>\n<tr style=\"height: 160px\">\n<td style=\"height: 160px\">\n<p><b>TREINO FUNCIONAL &#8211; TURMA 6\u00a0<\/b><\/p>\n<br \/>\n<p><span style=\"font-weight: 400\">Quintas-feiras, das <\/span><span style=\"font-weight: 400\">17h40min \u00e0s 18h30min<\/span><\/p>\n<\/td>\n<td style=\"text-align: center;height: 160px\"><br \/>\n<p><span style=\"font-weight: 400\">10 vagas<\/span><\/p>\n<\/td>\n<td style=\"text-align: center;height: 160px\">\n<p><span style=\"font-weight: 400\">Pr\u00e9dio 48C<\/span><\/p>\n<p><span style=\"font-weight: 400\">CQVS<\/span><\/p>\n<\/td>\n<\/tr>\n<tr style=\"height: 160px\">\n<td style=\"height: 160px\">\n<p><b>RITMOS &#8211; TURMA 1<\/b><\/p>\n<br \/>\n<p><span style=\"font-weight: 400\">Segundas-feiras, das <\/span><span style=\"font-weight: 400\">12h \u00e0s 12h50min<\/span><\/p>\n<\/td>\n<td style=\"text-align: center;height: 160px\"><br \/>\n<p><span style=\"font-weight: 400\">15 vagas<\/span><\/p>\n<\/td>\n<td style=\"text-align: center;height: 160px\">\n<p><span style=\"font-weight: 400\">Sala de espelhos CDA\/CEFD<\/span><\/p>\n<\/td>\n<\/tr>\n<tr style=\"height: 160px\">\n<td style=\"height: 160px\">\n<p><b>RITMOS &#8211; TURMA 2<\/b><\/p>\n<br \/>\n<p><span style=\"font-weight: 400\">Segundas-feiras, das <\/span><span style=\"font-weight: 400\">16h40min \u00e0s 17h30min<\/span><\/p>\n<\/td>\n<td style=\"text-align: center;height: 160px\"><br \/>\n<p><span style=\"font-weight: 400\">15 vagas<\/span><\/p>\n<\/td>\n<td style=\"text-align: center;height: 160px\">\n<p><span style=\"font-weight: 400\">Sala de espelhos CDA\/CEFD<\/span><\/p>\n<\/td>\n<\/tr>\n<tr style=\"height: 160px\">\n<td style=\"height: 160px\">\n<p><b>RITMOS &#8211; TURMA 3<\/b><\/p>\n<br \/>\n<p><span style=\"font-weight: 400\">Segundas-feiras, das 17h30min \u00e0s 18h20min<\/span><\/p>\n<\/td>\n<td style=\"text-align: center;height: 160px\"><br \/>\n<p><span style=\"font-weight: 400\">15 vagas<\/span><\/p>\n<\/td>\n<td style=\"text-align: center;height: 160px\">\n<p><span style=\"font-weight: 400\">Sala de espelhos CDA\/CEFD<\/span><\/p>\n<\/td>\n<\/tr>\n<tr style=\"height: 160px\">\n<td style=\"height: 160px\">\n<p><b>RITMOS &#8211; TURMA 4<\/b><\/p>\n<br \/>\n<p><span style=\"font-weight: 400\">Ter\u00e7as-feiras, das <\/span><span style=\"font-weight: 400\">16h40min \u00e0s 17h30min<\/span><\/p>\n<\/td>\n<td style=\"text-align: center;height: 160px\"><br \/>\n<p><span style=\"font-weight: 400\">15 vagas<\/span><\/p>\n<\/td>\n<td style=\"text-align: center;height: 160px\">\n<p><span style=\"font-weight: 400\">Sala de espelhos CDA\/CEFD<\/span><\/p>\n<\/td>\n<\/tr>\n<tr style=\"height: 160px\">\n<td style=\"height: 160px\">\n<p><b>RITMOS &#8211; TURMA 5<\/b><\/p>\n<br \/>\n<p><span style=\"font-weight: 400\">Ter\u00e7as-feiras, das <\/span><span style=\"font-weight: 400\">17h30min \u00e0s 18h20min<\/span><\/p>\n<\/td>\n<td style=\"text-align: center;height: 160px\"><br \/>\n<p><span style=\"font-weight: 400\">15 vagas<\/span><\/p>\n<\/td>\n<td style=\"text-align: center;height: 160px\">\n<p><span style=\"font-weight: 400\">Audit\u00f3rio CDA\/CEFD<\/span><\/p>\n<\/td>\n<\/tr>\n<tr style=\"height: 160px\">\n<td style=\"height: 160px\">\n<p><b>RITMOS &#8211; TURMA 6<\/b><\/p>\n<br \/>\n<p><span style=\"font-weight: 400\">Quintas-feiras, das 17h30min \u00e0s 18h20min<\/span><\/p>\n<\/td>\n<td style=\"text-align: center;height: 160px\"><br \/>\n<p><span style=\"font-weight: 400\">15 vagas<\/span><\/p>\n<\/td>\n<td style=\"text-align: center;height: 160px\">\n<p><span style=\"font-weight: 400\">Audit\u00f3rio CDA\/CEFD<\/span><\/p>\n<\/td>\n<\/tr>\n<tr style=\"height: 160px\">\n<td style=\"height: 160px\">\n<p><b>RITMOS &#8211; TURMA 7<\/b><\/p>\n<br \/>\n<p><span style=\"font-weight: 400\">Quintas-feiras, das <\/span><span style=\"font-weight: 400\">16h40min \u00e0s 17h30min<\/span><\/p>\n<\/td>\n<td style=\"text-align: center;height: 160px\"><br \/>\n<p><span style=\"font-weight: 400\">15 vagas<\/span><\/p>\n<\/td>\n<td style=\"text-align: center;height: 160px\">\n<p><span style=\"font-weight: 400\">Sala de espelhos CDA\/CEFD<\/span><\/p>\n<\/td>\n<\/tr>\n<tr style=\"height: 160px\">\n<td style=\"height: 160px\">\n<p><b>RITMOS &#8211; TURMA 8<\/b><\/p>\n<br \/>\n<p><span style=\"font-weight: 400\">Sextas-feiras, das <\/span><span style=\"font-weight: 400\">16h40min \u00e0s 17h30min<\/span><\/p>\n<\/td>\n<td style=\"text-align: center;height: 160px\"><br \/>\n<p><span style=\"font-weight: 400\">15 vagas<\/span><\/p>\n<\/td>\n<td style=\"text-align: center;height: 160px\">\n<p><span style=\"font-weight: 400\">Sala de espelhos CDA\/CEFD<\/span><\/p>\n<\/td>\n<\/tr>\n<tr style=\"height: 160px\">\n<td style=\"height: 160px\">\n<p><b>RITMOS &#8211; TURMA 9<\/b><\/p>\n<br \/>\n<p><span style=\"font-weight: 400\">Sextas-feiras, das 17h30min \u00e0s 18h20min<\/span><\/p>\n<\/td>\n<td style=\"text-align: center;height: 160px\"><br \/>\n<p><span style=\"font-weight: 400\">15 vagas<\/span><\/p>\n<\/td>\n<td style=\"text-align: center;height: 160px\">\n<p><span style=\"font-weight: 400\">Sala de espelhos CDA\/CEFD<\/span><\/p>\n<\/td>\n<\/tr>\n<tr style=\"height: 160px\">\n<td style=\"height: 160px\">\n<p><b>V\u00d4LEI TURMA 1<\/b><\/p>\n<br \/>\n<p><span style=\"font-weight: 400\">Ter\u00e7as-feiras, das 17h30min \u00e0s 18h30min<\/span><\/p>\n<\/td>\n<td style=\"text-align: center;height: 160px\"><br \/>\n<p><span style=\"font-weight: 400\">20 vagas<\/span><\/p>\n<\/td>\n<td style=\"text-align: center;height: 160px\">\n<p><span style=\"font-weight: 400\">Gin\u00e1sio 4 CEFD<\/span><\/p>\n<\/td>\n<\/tr>\n<tr style=\"height: 160px\">\n<td style=\"height: 160px\">\n<p><b>V\u00d4LEI TURMA 2<\/b><\/p>\n<br \/>\n<p><span style=\"font-weight: 400\">Quartas-feiras, das 17h30min \u00e0s 18h20min<\/span><\/p>\n<\/td>\n<td style=\"text-align: center;height: 160px\"><br \/>\n<p><span style=\"font-weight: 400\">20 vagas<\/span><\/p>\n<\/td>\n<td style=\"text-align: center;height: 160px\">\n<p><span style=\"font-weight: 400\">Gin\u00e1sio 4 CEFD<\/span><\/p>\n<\/td>\n<\/tr>\n<tr style=\"height: 160px\">\n<td style=\"height: 160px\">\n<p><b>FUTSAL TURMA 1<\/b><\/p>\n<br \/>\n<p><span style=\"font-weight: 400\">Ter\u00e7as-feiras, das 18h30min \u00e0s 19h30min<\/span><\/p>\n<\/td>\n<td style=\"text-align: center;height: 160px\"><br \/>\n<p><span style=\"font-weight: 400\">20 vagas<\/span><\/p>\n<\/td>\n<td style=\"text-align: center;height: 160px\">\n<p><span style=\"font-weight: 400\">Gin\u00e1sio 4 CEFD<\/span><\/p>\n<\/td>\n<\/tr>\n<tr style=\"height: 160px\">\n<td style=\"height: 160px\">\n<p><b>FUTSAL TURMA 2<\/b><\/p>\n<br \/>\n<p><span style=\"font-weight: 400\">Quartas-feiras, das 18h30min \u00e0s 19h30min<\/span><\/p>\n<\/td>\n<td style=\"text-align: center;height: 160px\"><br \/>\n<p><span style=\"font-weight: 400\">20 vagas<\/span><\/p>\n<\/td>\n<td style=\"text-align: center;height: 160px\">\n<p><span style=\"font-weight: 400\">Gin\u00e1sio 4 CEFD<\/span><\/p>\n<\/td>\n<\/tr>\n<tr style=\"height: 160px\">\n<td style=\"height: 160px\">\n<p><b>YOGA TURMA 1<\/b><\/p>\n<br \/>\n<p><span style=\"font-weight: 400\">Segundas-feiras, das 7h30min \u00e0s 8h20min<\/span><\/p>\n<\/td>\n<td style=\"text-align: center;height: 160px\"><br \/>\n<p><span style=\"font-weight: 400\">35 vagas<\/span><\/p>\n<\/td>\n<td style=\"text-align: center;height: 160px\">\n<p><span style=\"font-weight: 400\">Sala de Ensaios<\/span><\/p>\n<p><span style=\"font-weight: 400\">Centro Conven\u00e7\u00f5es<\/span><\/p>\n<\/td>\n<\/tr>\n<tr style=\"height: 160px\">\n<td style=\"height: 160px\">\n<p><b>YOGA TURMA 2<\/b><\/p>\n<br \/>\n<p><span style=\"font-weight: 400\">Segundas-feiras, das 11h30min \u00e0s 12h20min<\/span><\/p>\n<\/td>\n<td style=\"text-align: center;height: 160px\"><br \/>\n<p><span style=\"font-weight: 400\">35 vagas<\/span><\/p>\n<\/td>\n<td style=\"text-align: center;height: 160px\">\n<p><span style=\"font-weight: 400\">Sala de Ensaios<\/span><\/p>\n<p><span style=\"font-weight: 400\">Centro Conven\u00e7\u00f5es<\/span><\/p>\n<\/td>\n<\/tr>\n<tr style=\"height: 160px\">\n<td style=\"height: 160px\">\n<p><b>YOGA TURMA 3<\/b><\/p>\n<br \/>\n<p><span style=\"font-weight: 400\">Segundas-feiras, das 12h30min \u00e0s 13h20min<\/span><\/p>\n<\/td>\n<td style=\"text-align: center;height: 160px\"><br \/>\n<p><span style=\"font-weight: 400\">35 vagas<\/span><\/p>\n<\/td>\n<td style=\"text-align: center;height: 160px\">\n<p><span style=\"font-weight: 400\">Sala de Ensaios<\/span><\/p>\n<p><span style=\"font-weight: 400\">Centro Conven\u00e7\u00f5es<\/span><\/p>\n<\/td>\n<\/tr>\n<tr style=\"height: 160px\">\n<td style=\"height: 160px\">\n<p><b>YOGA TURMA 4<\/b><\/p>\n<br \/>\n<p><span style=\"font-weight: 400\">Ter\u00e7as-feiras, das <\/span><span style=\"font-weight: 400\">16h40min \u00e0s 17h30min<\/span><\/p>\n<\/td>\n<td style=\"text-align: center;height: 160px\"><br \/>\n<p><span style=\"font-weight: 400\">35 vagas<\/span><\/p>\n<\/td>\n<td style=\"text-align: center;height: 160px\">\n<p><span style=\"font-weight: 400\">Sala de Ensaios<\/span><\/p>\n<p><span style=\"font-weight: 400\">Centro Conven\u00e7\u00f5es<\/span><\/p>\n<\/td>\n<\/tr>\n<tr style=\"height: 160px\">\n<td style=\"height: 160px\">\n<p><b>YOGA TURMA 5<\/b><\/p>\n<br \/>\n<p><span style=\"font-weight: 400\">Ter\u00e7as-feiras, das 17h30min \u00e0s 18h20min<\/span><\/p>\n<\/td>\n<td style=\"text-align: center;height: 160px\"><br \/>\n<p><span style=\"font-weight: 400\">35 vagas<\/span><\/p>\n<\/td>\n<td style=\"text-align: center;height: 160px\">\n<p><span style=\"font-weight: 400\">Sala de Ensaios<\/span><\/p>\n<p><span style=\"font-weight: 400\">Centro Conven\u00e7\u00f5es<\/span><\/p>\n<\/td>\n<\/tr>\n<\/tbody>\n<\/table>\n\n\n\n<p>\u00a0<\/p>\n<p><b>\u27a1\ufe0f <\/b><span style=\"font-weight: 400\">Ap\u00f3s a inscri\u00e7\u00e3o dos(as) servidores(as) aposentados(as), as vagas s\u00e3o disponibilizadas no Portal de Agendamentos. A inscri\u00e7\u00e3o \u00e9 controlada pelo sistema, conforme ordem de acesso e preenchimento. <\/span><span style=\"font-weight: 400\"><br \/><\/span><span style=\"font-weight: 400\"><br \/><\/span><b>\u27a1\ufe0f <\/b><span style=\"font-weight: 400\">Os\/as servidores\/as que conseguirem efetuar a inscri\u00e7\u00e3o junto ao Portal de Agendamentos podem iniciar as atividades, conforme cronograma de aulas de cada modalidade.<\/span><\/p>\n<p><b>\u27a1\ufe0f A previs\u00e3o de in\u00edcio das atividades \u00e9 a partir de 9 de mar\u00e7o de 2026.\u00a0<\/b><\/p>\n<p><b>\u27a1\ufe0f <\/b><span style=\"font-weight: 400\">N\u00e3o haver\u00e1 fila de espera\/suplentes, pois no final de cada m\u00eas s\u00e3o abertas as inscri\u00e7\u00f5es para as vagas dispon\u00edveis em cada modalidade.<\/span><\/p>\n<p><b>\u27a1\ufe0f<\/b><span style=\"font-weight: 400\">Cada servidor\/a pode participar de duas turmas. Caso se inscreva em mais de duas turmas, ser\u00e3o consideradas as <\/span><b>DUAS<\/b> <b>\u00daLTIMAS<\/b> <span style=\"font-weight: 400\">inscri\u00e7\u00f5es, e as demais ser\u00e3o canceladas.<\/span><\/p>\n<p>\u00a0<\/p>\n<p><span style=\"font-weight: 400\">Mais informa\u00e7\u00f5es podem ser obtidas com o N\u00facleo de Promo\u00e7\u00e3o de Sa\u00fade do Trabalho (NPSAT\/CQVS\/PROGEP) pelos seguintes canais:<\/span><\/p>\n<p><span style=\"font-weight: 400\">E-mail: movimenta@ufsm.br<\/span><\/p>\n<p><span style=\"font-weight: 400\">Telefone: (55) 3220-8134<\/span><\/p>\n<p><span style=\"font-weight: 400\">Whatsapp: (55) 99165-8496<\/span><\/p>\n","protected":false},"excerpt":{"rendered":"<p>A Pr\u00f3-Reitoria de Gest\u00e3o de Pessoas informa que abrir\u00e1 inscri\u00e7\u00f5es para diversas atividades promovidas no \u00e2mbito do Movimenta: Programa de Promo\u00e7\u00e3o da Sa\u00fade Integral dos(as) Servidores(as) da UFSM para o primeiro semestre de 2026, conforme cronograma de inscri\u00e7\u00f5es e quadro de atividades\/vagas abaixo: \u00a0 ATEN\u00c7\u00c3O! Este ano, as turmas ter\u00e3o uma aula por semana e [&hellip;]<\/p>\n","protected":false},"author":708,"featured_media":42427,"comment_status":"closed","ping_status":"closed","sticky":false,"template":"","format":"standard","meta":{"footnotes":""},"categories":[1157,1],"tags":[1320,1156,1318],"class_list":["post-46268","post","type-post","status-publish","format-standard","has-post-thumbnail","hentry","category-movimenta","category-noticias","tag-conecta-saude-mental","tag-movimenta","tag-saude-mental-2"],"acf":[],"_links":{"self":[{"href":"https:\/\/www.ufsm.br\/pro-reitorias\/progep\/wp-json\/wp\/v2\/posts\/46268","targetHints":{"allow":["GET"]}}],"collection":[{"href":"https:\/\/www.ufsm.br\/pro-reitorias\/progep\/wp-json\/wp\/v2\/posts"}],"about":[{"href":"https:\/\/www.ufsm.br\/pro-reitorias\/progep\/wp-json\/wp\/v2\/types\/post"}],"author":[{"embeddable":true,"href":"https:\/\/www.ufsm.br\/pro-reitorias\/progep\/wp-json\/wp\/v2\/users\/708"}],"replies":[{"embeddable":true,"href":"https:\/\/www.ufsm.br\/pro-reitorias\/progep\/wp-json\/wp\/v2\/comments?post=46268"}],"version-history":[{"count":0,"href":"https:\/\/www.ufsm.br\/pro-reitorias\/progep\/wp-json\/wp\/v2\/posts\/46268\/revisions"}],"wp:featuredmedia":[{"embeddable":true,"href":"https:\/\/www.ufsm.br\/pro-reitorias\/progep\/wp-json\/wp\/v2\/media\/42427"}],"wp:attachment":[{"href":"https:\/\/www.ufsm.br\/pro-reitorias\/progep\/wp-json\/wp\/v2\/media?parent=46268"}],"wp:term":[{"taxonomy":"category","embeddable":true,"href":"https:\/\/www.ufsm.br\/pro-reitorias\/progep\/wp-json\/wp\/v2\/categories?post=46268"},{"taxonomy":"post_tag","embeddable":true,"href":"https:\/\/www.ufsm.br\/pro-reitorias\/progep\/wp-json\/wp\/v2\/tags?post=46268"}],"curies":[{"name":"wp","href":"https:\/\/api.w.org\/{rel}","templated":true}]}}