{"id":46280,"date":"2026-03-05T14:20:38","date_gmt":"2026-03-05T17:20:38","guid":{"rendered":"https:\/\/www.ufsm.br\/pro-reitorias\/progep\/?p=46280"},"modified":"2026-03-05T14:20:40","modified_gmt":"2026-03-05T17:20:40","slug":"divulgada-listagem-definitiva-de-inscricoes-homologadas-do-concurso-publico-para-docentes-regido-pelo-edital-n-343-2025","status":"publish","type":"post","link":"https:\/\/www.ufsm.br\/pro-reitorias\/progep\/2026\/03\/05\/divulgada-listagem-definitiva-de-inscricoes-homologadas-do-concurso-publico-para-docentes-regido-pelo-edital-n-343-2025","title":{"rendered":"Divulgada listagem definitiva de inscri\u00e7\u00f5es homologadas do Concurso P\u00fablico para Docentes regido pelo Edital n. 343\/2025"},"content":{"rendered":"\n<p>A Coordenadoria de Concursos\/Pr\u00f3-Reitoria de Gest\u00e3o de Pessoas informa que foi publicada na p\u00e1gina do Edital n. 343\/2025 a listagem definitiva dos candidatos inscritos no Concurso P\u00fablico para Professor da Carreira de Magist\u00e9rio Superior regido pelo referido Edital. O Edital contempla as \u00e1reas de &#8220;Ci\u00eancias da Sa\u00fade\/Enfermagem\/Enfermagem M\u00e9dico-Cir\u00fargica&#8221; e &#8220;Ci\u00eancias Exatas e da Terra\/Qu\u00edmica\/Qu\u00edmica Org\u00e2nica&#8221;.<\/p>\n<p>\u00a0<\/p>\n<p>A listagem definitiva dos inscritos pode ser encontrada na p\u00e1gina do Concurso ou pelo link:<\/p>\n<p>\u00a0<\/p>\n<p><blockquote class=\"wp-embedded-content\" data-secret=\"JGxp5SxdPf\"><a href=\"https:\/\/www.ufsm.br\/pro-reitorias\/progep\/editais\/343-2025\">343\/2025 &#8211; Concurso Docente para Professor da Carreira do Magist\u00e9rio Superior<\/a><\/blockquote><iframe class=\"wp-embedded-content\" sandbox=\"allow-scripts\" security=\"restricted\" style=\"position: absolute; visibility: hidden;\" title=\"&#8220;343\/2025 &#8211; Concurso Docente para Professor da Carreira do Magist\u00e9rio Superior&#8221; &#8212; PROGEP\" src=\"https:\/\/www.ufsm.br\/pro-reitorias\/progep\/editais\/343-2025\/embed#?secret=cinRagdlA2#?secret=JGxp5SxdPf\" data-secret=\"JGxp5SxdPf\" width=\"500\" height=\"282\" frameborder=\"0\" marginwidth=\"0\" marginheight=\"0\" scrolling=\"no\"><\/iframe><\/p>\n","protected":false},"excerpt":{"rendered":"<p>A Coordenadoria de Concursos\/Pr\u00f3-Reitoria de Gest\u00e3o de Pessoas informa que foi publicada na p\u00e1gina do Edital n. 343\/2025 a listagem definitiva dos candidatos inscritos no Concurso P\u00fablico para Professor da Carreira de Magist\u00e9rio Superior regido pelo referido Edital. O Edital contempla as \u00e1reas de &#8220;Ci\u00eancias da Sa\u00fade\/Enfermagem\/Enfermagem M\u00e9dico-Cir\u00fargica&#8221; e &#8220;Ci\u00eancias Exatas e da Terra\/Qu\u00edmica\/Qu\u00edmica Org\u00e2nica&#8221;. [&hellip;]<\/p>\n","protected":false},"author":7171,"featured_media":0,"comment_status":"closed","ping_status":"closed","sticky":false,"template":"","format":"standard","meta":{"footnotes":""},"categories":[1],"tags":[],"class_list":["post-46280","post","type-post","status-publish","format-standard","hentry","category-noticias"],"acf":[],"_links":{"self":[{"href":"https:\/\/www.ufsm.br\/pro-reitorias\/progep\/wp-json\/wp\/v2\/posts\/46280","targetHints":{"allow":["GET"]}}],"collection":[{"href":"https:\/\/www.ufsm.br\/pro-reitorias\/progep\/wp-json\/wp\/v2\/posts"}],"about":[{"href":"https:\/\/www.ufsm.br\/pro-reitorias\/progep\/wp-json\/wp\/v2\/types\/post"}],"author":[{"embeddable":true,"href":"https:\/\/www.ufsm.br\/pro-reitorias\/progep\/wp-json\/wp\/v2\/users\/7171"}],"replies":[{"embeddable":true,"href":"https:\/\/www.ufsm.br\/pro-reitorias\/progep\/wp-json\/wp\/v2\/comments?post=46280"}],"version-history":[{"count":0,"href":"https:\/\/www.ufsm.br\/pro-reitorias\/progep\/wp-json\/wp\/v2\/posts\/46280\/revisions"}],"wp:attachment":[{"href":"https:\/\/www.ufsm.br\/pro-reitorias\/progep\/wp-json\/wp\/v2\/media?parent=46280"}],"wp:term":[{"taxonomy":"category","embeddable":true,"href":"https:\/\/www.ufsm.br\/pro-reitorias\/progep\/wp-json\/wp\/v2\/categories?post=46280"},{"taxonomy":"post_tag","embeddable":true,"href":"https:\/\/www.ufsm.br\/pro-reitorias\/progep\/wp-json\/wp\/v2\/tags?post=46280"}],"curies":[{"name":"wp","href":"https:\/\/api.w.org\/{rel}","templated":true}]}}