{"id":46281,"date":"2026-03-05T14:49:31","date_gmt":"2026-03-05T17:49:31","guid":{"rendered":"https:\/\/www.ufsm.br\/pro-reitorias\/progep\/?p=46281"},"modified":"2026-03-09T13:02:14","modified_gmt":"2026-03-09T16:02:14","slug":"a-universidade-federal-de-santa-maria-promove-em-marco-de-2026-a-formacao-planejamento-e-acolhimento-docente","status":"publish","type":"post","link":"https:\/\/www.ufsm.br\/pro-reitorias\/progep\/2026\/03\/05\/a-universidade-federal-de-santa-maria-promove-em-marco-de-2026-a-formacao-planejamento-e-acolhimento-docente","title":{"rendered":"A Universidade Federal de Santa Maria promove, em mar\u00e7o de 2026, a forma\u00e7\u00e3o \u201cPlanejamento e Acolhimento Docente\u201d"},"content":{"rendered":"\n<p style=\"text-align: left\"><span style=\"font-weight: 400\">A Universidade Federal de Santa Maria promove, em mar\u00e7o de 2026, a forma\u00e7\u00e3o \u201cPlanejamento e Acolhimento Docente\u201d, voltada a professores interessados em qualificar suas pr\u00e1ticas no in\u00edcio do semestre letivo. A atividade integra as a\u00e7\u00f5es de desenvolvimento da institui\u00e7\u00e3o voltadas \u00e0 doc\u00eancia universit\u00e1ria, englobando professores do Magist\u00e9rio superior e da Educa\u00e7\u00e3o B\u00e1sica, T\u00e9cnica e Tecnol\u00f3gica.<\/span><\/p>\n<p style=\"text-align: left\"><span style=\"font-weight: 400\">A forma\u00e7\u00e3o ser\u00e1 conduzida pela Profa. Dr\u00aa.\u00a0 <\/span><a href=\"https:\/\/lattes.cnpq.br\/7081978206926650\"><i><span style=\"font-weight: 400\">Ana Carla Hollweg Powaczuk<\/span><\/i><\/a> <span style=\"font-weight: 400\">, Professora Adjunta do Departamento de Metodologia do Ensino da UFSM. Doutora em Educa\u00e7\u00e3o pela UFSM, a docente atua nos Programas de P\u00f3s-Gradua\u00e7\u00e3o em Pol\u00edticas P\u00fablicas e Gest\u00e3o Educacional e em Educa\u00e7\u00e3o, com \u00eanfase em gest\u00e3o pedag\u00f3gica, doc\u00eancia universit\u00e1ria e desenvolvimento profissional docente, al\u00e9m de liderar o Grupo de Pesquisa Pr\u00e1ticas e Forma\u00e7\u00e3o para Doc\u00eancia: Educa\u00e7\u00e3o B\u00e1sica e Superior (CNPq)<\/span><\/p>\n<p style=\"text-align: left\"><span style=\"font-weight: 400\">Ser\u00e3o tr\u00eas\u00a0 encontros que acontecer\u00e3o dia 17, 25 e\u00a0 30 de mar\u00e7o de 2026, de forma presencial, no CT (9C, Audit\u00f3rio Wilson Aita \u2013 Anexo C), com carga hor\u00e1ria de 3 horas por encontro. As inscri\u00e7\u00f5es <em>s\u00e3o individuais<\/em> para cada encontro e podem ser realizadas de 4 a 30 de mar\u00e7o, pelo <\/span><a href=\"https:\/\/portal.ufsm.br\/capacitacao\/index.html\"><span style=\"font-weight: 400\">Portal de Capacita\u00e7\u00e3o da UFSM<\/span><\/a><span style=\"font-weight: 400\">. Os campi fora de sede poder\u00e3o participar por meio de transmiss\u00e3o via google meet,.<\/span><\/p>\n<p><b>Cronograma:<\/b><\/p>\n<ul>\n<li style=\"font-weight: 400\"><span style=\"font-weight: 400\">17\/03 (08h30\u201311h30) : <\/span>Agendas de acolhimento no Ensino Superior: contextos emergentes da e na doc\u00eancia<\/li>\n<\/ul>\n<ul>\n<li style=\"font-weight: 400\"><span style=\"font-weight: 400\">25\/03 (08h30\u201311h30):\u00a0 <\/span>Doc\u00eancias universit\u00e1rias em reconstru\u00e7\u00e3o: a vulnerabilidade em quest\u00e3o<\/li>\n<\/ul>\n<ul>\n<li style=\"font-weight: 400\"><span style=\"font-weight: 400\">\u00a030\/03 (14h\u201317h) : <\/span>In\u00e9ditos Vi\u00e1veis na Doc\u00eancia Universit\u00e1ria: Possibilidades para o Trabalho Docente<\/li>\n<\/ul>\n<p><span style=\"font-weight: 400\">A a\u00e7\u00e3o busca apoiar o planejamento de in\u00edcio de semestre e fortalecer pr\u00e1ticas pedag\u00f3gicas mais significativas na UFSM<\/span><\/p>\n<p>\u00a0<\/p>\n\n\n\n<figure class=\"wp-block-image size-large\"><img fetchpriority=\"high\" decoding=\"async\" width=\"1024\" height=\"1024\" src=\"https:\/\/www.ufsm.br\/app\/uploads\/sites\/341\/2026\/03\/Planejamento-e-acolhimento-docente-1024x1024.jpg\" alt=\"\" class=\"wp-image-46322\" srcset=\"https:\/\/www.ufsm.br\/app\/uploads\/sites\/341\/2026\/03\/Planejamento-e-acolhimento-docente-1024x1024.jpg 1024w, https:\/\/www.ufsm.br\/app\/uploads\/sites\/341\/2026\/03\/Planejamento-e-acolhimento-docente-300x300.jpg 300w, https:\/\/www.ufsm.br\/app\/uploads\/sites\/341\/2026\/03\/Planejamento-e-acolhimento-docente-150x150.jpg 150w, https:\/\/www.ufsm.br\/app\/uploads\/sites\/341\/2026\/03\/Planejamento-e-acolhimento-docente-768x768.jpg 768w, https:\/\/www.ufsm.br\/app\/uploads\/sites\/341\/2026\/03\/Planejamento-e-acolhimento-docente.jpg 1080w\" sizes=\"(max-width: 1024px) 100vw, 1024px\" \/><\/figure>\n","protected":false},"excerpt":{"rendered":"<p>A Universidade Federal de Santa Maria promove, em mar\u00e7o de 2026, a forma\u00e7\u00e3o \u201cPlanejamento e Acolhimento Docente\u201d, voltada a professores interessados em qualificar suas pr\u00e1ticas no in\u00edcio do semestre letivo. A atividade integra as a\u00e7\u00f5es de desenvolvimento da institui\u00e7\u00e3o voltadas \u00e0 doc\u00eancia universit\u00e1ria, englobando professores do Magist\u00e9rio superior e da Educa\u00e7\u00e3o B\u00e1sica, T\u00e9cnica e Tecnol\u00f3gica. [&hellip;]<\/p>\n","protected":false},"author":8192,"featured_media":0,"comment_status":"closed","ping_status":"closed","sticky":false,"template":"","format":"standard","meta":{"footnotes":""},"categories":[1],"tags":[],"class_list":["post-46281","post","type-post","status-publish","format-standard","hentry","category-noticias"],"acf":[],"_links":{"self":[{"href":"https:\/\/www.ufsm.br\/pro-reitorias\/progep\/wp-json\/wp\/v2\/posts\/46281","targetHints":{"allow":["GET"]}}],"collection":[{"href":"https:\/\/www.ufsm.br\/pro-reitorias\/progep\/wp-json\/wp\/v2\/posts"}],"about":[{"href":"https:\/\/www.ufsm.br\/pro-reitorias\/progep\/wp-json\/wp\/v2\/types\/post"}],"author":[{"embeddable":true,"href":"https:\/\/www.ufsm.br\/pro-reitorias\/progep\/wp-json\/wp\/v2\/users\/8192"}],"replies":[{"embeddable":true,"href":"https:\/\/www.ufsm.br\/pro-reitorias\/progep\/wp-json\/wp\/v2\/comments?post=46281"}],"version-history":[{"count":0,"href":"https:\/\/www.ufsm.br\/pro-reitorias\/progep\/wp-json\/wp\/v2\/posts\/46281\/revisions"}],"wp:attachment":[{"href":"https:\/\/www.ufsm.br\/pro-reitorias\/progep\/wp-json\/wp\/v2\/media?parent=46281"}],"wp:term":[{"taxonomy":"category","embeddable":true,"href":"https:\/\/www.ufsm.br\/pro-reitorias\/progep\/wp-json\/wp\/v2\/categories?post=46281"},{"taxonomy":"post_tag","embeddable":true,"href":"https:\/\/www.ufsm.br\/pro-reitorias\/progep\/wp-json\/wp\/v2\/tags?post=46281"}],"curies":[{"name":"wp","href":"https:\/\/api.w.org\/{rel}","templated":true}]}}