{"id":46341,"date":"2026-03-13T08:32:11","date_gmt":"2026-03-13T11:32:11","guid":{"rendered":"https:\/\/www.ufsm.br\/pro-reitorias\/progep\/?p=46341"},"modified":"2026-03-13T08:32:13","modified_gmt":"2026-03-13T11:32:13","slug":"divulgada-listagem-definitiva-de-inscricoes-homologadas-do-processo-seletivo-para-professor-visitante-estrangeiro-regido-pelo-edital-ufsm-n-028-2026","status":"publish","type":"post","link":"https:\/\/www.ufsm.br\/pro-reitorias\/progep\/2026\/03\/13\/divulgada-listagem-definitiva-de-inscricoes-homologadas-do-processo-seletivo-para-professor-visitante-estrangeiro-regido-pelo-edital-ufsm-n-028-2026","title":{"rendered":"Divulgada listagem definitiva de inscri\u00e7\u00f5es homologadas do Processo Seletivo para Professor Visitante Estrangeiro regido pelo Edital UFSM N. 028\/2026"},"content":{"rendered":"\n<p><\/p>\n<p>A Coordenadoria de Concursos\/Pr\u00f3-Reitoria de Gest\u00e3o de Pessoas informa que foi publicada na p\u00e1gina do Edital UFSM N. 028\/2026 a listagem definitiva dos candidatos inscritos no Processo Seletivo para Professor Visitante Estrangeiro.<\/p>\n<p>\u00a0<\/p>\n<p>A listagem definitiva dos inscritos pode ser encontrada na p\u00e1gina do concurso ou pelo link:<\/p>\n<p>\u00a0<\/p>\n<p>https:\/\/portal.ufsm.br\/documentos\/download.html?action=componente&#038;download=false&#038;id=7002939<\/p>\n<p><\/p>\n","protected":false},"excerpt":{"rendered":"","protected":false},"author":7171,"featured_media":0,"comment_status":"closed","ping_status":"closed","sticky":false,"template":"","format":"standard","meta":{"footnotes":""},"categories":[1],"tags":[],"class_list":["post-46341","post","type-post","status-publish","format-standard","hentry","category-noticias"],"acf":[],"_links":{"self":[{"href":"https:\/\/www.ufsm.br\/pro-reitorias\/progep\/wp-json\/wp\/v2\/posts\/46341","targetHints":{"allow":["GET"]}}],"collection":[{"href":"https:\/\/www.ufsm.br\/pro-reitorias\/progep\/wp-json\/wp\/v2\/posts"}],"about":[{"href":"https:\/\/www.ufsm.br\/pro-reitorias\/progep\/wp-json\/wp\/v2\/types\/post"}],"author":[{"embeddable":true,"href":"https:\/\/www.ufsm.br\/pro-reitorias\/progep\/wp-json\/wp\/v2\/users\/7171"}],"replies":[{"embeddable":true,"href":"https:\/\/www.ufsm.br\/pro-reitorias\/progep\/wp-json\/wp\/v2\/comments?post=46341"}],"version-history":[{"count":0,"href":"https:\/\/www.ufsm.br\/pro-reitorias\/progep\/wp-json\/wp\/v2\/posts\/46341\/revisions"}],"wp:attachment":[{"href":"https:\/\/www.ufsm.br\/pro-reitorias\/progep\/wp-json\/wp\/v2\/media?parent=46341"}],"wp:term":[{"taxonomy":"category","embeddable":true,"href":"https:\/\/www.ufsm.br\/pro-reitorias\/progep\/wp-json\/wp\/v2\/categories?post=46341"},{"taxonomy":"post_tag","embeddable":true,"href":"https:\/\/www.ufsm.br\/pro-reitorias\/progep\/wp-json\/wp\/v2\/tags?post=46341"}],"curies":[{"name":"wp","href":"https:\/\/api.w.org\/{rel}","templated":true}]}}