{"id":47200,"date":"2026-06-09T08:13:20","date_gmt":"2026-06-09T11:13:20","guid":{"rendered":"https:\/\/www.ufsm.br\/pro-reitorias\/progep\/?p=47200"},"modified":"2026-06-09T08:13:22","modified_gmt":"2026-06-09T11:13:22","slug":"chamada-publica-de-redistribuicao-docente-do-magisterio-superior-para-o-dff-2","status":"publish","type":"post","link":"https:\/\/www.ufsm.br\/pro-reitorias\/progep\/2026\/06\/09\/chamada-publica-de-redistribuicao-docente-do-magisterio-superior-para-o-dff-2","title":{"rendered":"Chamada p\u00fablica de redistribui\u00e7\u00e3o docente do Magist\u00e9rio Superior para o DFF"},"content":{"rendered":"\n<p>O Departamento de Farmacologia e Fisiologia da Universidade Federal de Santa Maria informa que foi publicado o Edital n. 01\/2026\/DFF\/CCS\/UFSM, Chamada P\u00fablica para redistribui\u00e7\u00e3o de servidores docentes do Magist\u00e9rio Superior para a UFSM.<br \/><strong>\u00c1rea de atua\u00e7\u00e3o, conforme Tabela de \u00e1reas da CAPES: Ci\u00eancias Biol\u00f3gicas II:<\/strong> Farmacologia<br \/><strong>Pr\u00e9-requisitos:<\/strong> Gradua\u00e7\u00e3o em Medicina Veterin\u00e1ria e Doutorado em Farmacologia<br \/><strong>N\u00ba de vagas:<\/strong> 1<br \/><strong>Lota\u00e7\u00e3o:<\/strong> Departamento de Fisiologia e Farmacologia<br \/><strong>Campus da UFSM:<\/strong> Campus Sede em Santa Maria\/RS<br \/><strong>Regime de trabalho:<\/strong> 40 horas com Dedica\u00e7\u00e3o Exclusiva<br \/><strong>As inscri\u00e7\u00f5es poder\u00e3o ser realizadas no per\u00edodo de 15 a 29 de junho de 2026<\/strong>, via Processo Eletr\u00f4nico Nacional (PEN-SIE\/UFSM), a ser aberto no Portal de Documentos da UFSM.<\/p>\n<p>Poder\u00e1 inscrever-se nesta chamada p\u00fablica o(a) servidor(a) que, de forma cumulativa:<br \/>a) for efetivo(a) da carreira de Professor do Magist\u00e9rio Superior em outra Institui\u00e7\u00e3o Federal de Ensino;<br \/>b) n\u00e3o tenha sofrido nenhuma das penalidades previstas no artigo 127 da Lei n. 8.112\/1990 nos \u00faltimos 12 (doze) meses, considerando a data de abertura do processo de redistribui\u00e7\u00e3o.<br \/>c) tenha cumprido o per\u00edodo de tr\u00eas anos do est\u00e1gio probat\u00f3rio;<br \/>d) n\u00e3o tenha sido redistribu\u00eddo(a) nos \u00faltimos tr\u00eas anos;<br \/>e) n\u00e3o esteja respondendo a processo administrativo disciplinar, ou, caso esteja respondendo a processo administrativo disciplinar, apresente declara\u00e7\u00e3o da unidade correcional do \u00f3rg\u00e3o ou entidade de origem, de que n\u00e3o haver\u00e1 preju\u00edzos ao regular andamento do procedimento disciplinar em curso, caso a redistribui\u00e7\u00e3o seja concretizada;<br \/>f) no caso de estar cedido(a) ou em exerc\u00edcio provis\u00f3rio em outro \u00f3rg\u00e3o, apresente declara\u00e7\u00e3o de ci\u00eancia da Institui\u00e7\u00e3o de exerc\u00edcio quanto \u00e0 solicita\u00e7\u00e3o de redistribui\u00e7\u00e3o;<br \/>g) tiver disponibilidade para trabalhar em quaisquer dos turnos de funcionamento, quaisquer das Unidades da UFSM e quaisquer atividades inerentes ao cargo;<br \/>h) preencher os crit\u00e9rios de professor(a) permanente de um dos Programas de P\u00f3s-gradua\u00e7\u00e3o da UFSM; *A listagem completa dos Programas de P\u00f3s-Gradua\u00e7\u00e3o da UFSM, e seus contatos, encontra-se em https:\/\/www.ufsm.br\/pro-reitorias\/prpgp<br \/>i) residir na cidade onde a vaga est\u00e1 sendo ofertada;<br \/>j) atender \u00e0s demais exig\u00eancias contidas neste Edital.<\/p>\n<p>O Edital e demais documentos relativos ao processo seletivo est\u00e3o dispon\u00edveis no link:\u00a0<a href=\"https:\/\/www.ufsm.br\/pro-reitorias\/progep\/editais\/001-2026-3\" target=\"_blank\" rel=\"noopener\">https:\/\/www.ufsm.br\/pro-reitorias\/progep\/editais\/001-2026-3<\/a><\/p>\n<p>Em caso de d\u00favidas, entre em contato com o Departamento de Fisiologia e Farmacologia (DFF) pelo e-mail fisio.farm@ufsm.br e pelo telefone (55) 3220.8342, ou com o N\u00facleo de Avalia\u00e7\u00e3o e Movimenta\u00e7\u00e3o Funcional (NUMOV) pelo e-mail numov@ufsm.br e telefone (55) 3220.8760.<\/p>\n\n\n\n\n","protected":false},"excerpt":{"rendered":"<p>O Departamento de Farmacologia e Fisiologia da Universidade Federal de Santa Maria informa que foi publicado o Edital n. 01\/2026\/DFF\/CCS\/UFSM, Chamada P\u00fablica para redistribui\u00e7\u00e3o de servidores docentes do Magist\u00e9rio Superior para a UFSM.\u00c1rea de atua\u00e7\u00e3o, conforme Tabela de \u00e1reas da CAPES: Ci\u00eancias Biol\u00f3gicas II: FarmacologiaPr\u00e9-requisitos: Gradua\u00e7\u00e3o em Medicina Veterin\u00e1ria e Doutorado em FarmacologiaN\u00ba de vagas: [&hellip;]<\/p>\n","protected":false},"author":7619,"featured_media":0,"comment_status":"closed","ping_status":"closed","sticky":false,"template":"","format":"standard","meta":{"footnotes":""},"categories":[1],"tags":[],"class_list":["post-47200","post","type-post","status-publish","format-standard","hentry","category-noticias"],"acf":[],"_links":{"self":[{"href":"https:\/\/www.ufsm.br\/pro-reitorias\/progep\/wp-json\/wp\/v2\/posts\/47200","targetHints":{"allow":["GET"]}}],"collection":[{"href":"https:\/\/www.ufsm.br\/pro-reitorias\/progep\/wp-json\/wp\/v2\/posts"}],"about":[{"href":"https:\/\/www.ufsm.br\/pro-reitorias\/progep\/wp-json\/wp\/v2\/types\/post"}],"author":[{"embeddable":true,"href":"https:\/\/www.ufsm.br\/pro-reitorias\/progep\/wp-json\/wp\/v2\/users\/7619"}],"replies":[{"embeddable":true,"href":"https:\/\/www.ufsm.br\/pro-reitorias\/progep\/wp-json\/wp\/v2\/comments?post=47200"}],"version-history":[{"count":0,"href":"https:\/\/www.ufsm.br\/pro-reitorias\/progep\/wp-json\/wp\/v2\/posts\/47200\/revisions"}],"wp:attachment":[{"href":"https:\/\/www.ufsm.br\/pro-reitorias\/progep\/wp-json\/wp\/v2\/media?parent=47200"}],"wp:term":[{"taxonomy":"category","embeddable":true,"href":"https:\/\/www.ufsm.br\/pro-reitorias\/progep\/wp-json\/wp\/v2\/categories?post=47200"},{"taxonomy":"post_tag","embeddable":true,"href":"https:\/\/www.ufsm.br\/pro-reitorias\/progep\/wp-json\/wp\/v2\/tags?post=47200"}],"curies":[{"name":"wp","href":"https:\/\/api.w.org\/{rel}","templated":true}]}}