{"id":47888,"date":"2026-09-03T09:45:08","date_gmt":"2026-09-03T12:45:08","guid":{"rendered":"https:\/\/www.ufsm.br\/pro-reitorias\/progep\/?p=47888"},"modified":"2026-09-03T09:50:41","modified_gmt":"2026-09-03T12:50:41","slug":"abertas-as-inscricoes-para-o-curso-power-bi-formacao-autoinstrucional","status":"publish","type":"post","link":"https:\/\/www.ufsm.br\/pro-reitorias\/progep\/2026\/09\/03\/abertas-as-inscricoes-para-o-curso-power-bi-formacao-autoinstrucional","title":{"rendered":"Abertas as inscri\u00e7\u00f5es para o Curso \u201cPower BI: Forma\u00e7\u00e3o Autoinstrucional\u201d"},"content":{"rendered":"\t\t<div data-elementor-type=\"wp-post\" data-elementor-id=\"47888\" class=\"elementor elementor-47888\">\n\t\t\t\t\t\t<section class=\"elementor-section elementor-top-section elementor-element elementor-element-116a52f elementor-section-boxed elementor-section-height-default elementor-section-height-default\" data-id=\"116a52f\" data-element_type=\"section\">\n\t\t\t\t\t\t<div class=\"elementor-container elementor-column-gap-default\">\n\t\t\t\t\t<div class=\"elementor-column elementor-col-100 elementor-top-column elementor-element elementor-element-a53bd56\" data-id=\"a53bd56\" data-element_type=\"column\">\n\t\t\t<div class=\"elementor-widget-wrap elementor-element-populated\">\n\t\t\t\t\t\t<div class=\"elementor-element elementor-element-6aab957 elementor-widget elementor-widget-text-editor\" data-id=\"6aab957\" data-element_type=\"widget\" data-widget_type=\"text-editor.default\">\n\t\t\t\t<div class=\"elementor-widget-container\">\n\t\t\t\t\t\t\t<p>A Pr\u00f3-Reitoria de Gest\u00e3o de Pessoas (PROGEP) informa que est\u00e3o abertas as inscri\u00e7\u00f5es para o Curso \u201cPower BI: Forma\u00e7\u00e3o Autoinstrucional\u201d.<\/p><p>A a\u00e7\u00e3o visa capacitar os(as) servidores(as) da UFSM no uso b\u00e1sico do Power BI, por meio de uma forma\u00e7\u00e3o autoinstrucional. Posteriormente, ser\u00e3o ofertadas oficinas presenciais para servidores(as) que j\u00e1 conclu\u00edram a capacita\u00e7\u00e3o autoinstrucional e que tenham interesse em avan\u00e7ar na \u00e1rea.<\/p><p>O curso estar\u00e1 dispon\u00edvel para realiza\u00e7\u00e3o no per\u00edodo de 03 de setembro a 18 de dezembro de 2026 e \u00e9 ministrado por servidores(as) da Pr\u00f3-Reitoria de Planejamento.<\/p><p>As inscri\u00e7\u00f5es podem ser feitas diretamente no <a href=\"https:\/\/portal.ufsm.br\/capacitacao\">Portal de Capacita\u00e7\u00e3o da UFSM<\/a> e d\u00favidas sobre a capacita\u00e7\u00e3o podem ser encaminhadas para o e-mail <a href=\"mailto:ned@ufsm.br\">ned@ufsm.br<\/a> ou telefone 3220-8063.<\/p><p><img fetchpriority=\"high\" decoding=\"async\" class=\"size-medium wp-image-47887 alignright\" src=\"https:\/\/www.ufsm.br\/app\/uploads\/sites\/341\/2026\/09\/Card-do-Curso-300x300.jpg\" alt=\"\" width=\"300\" height=\"300\" srcset=\"https:\/\/www.ufsm.br\/app\/uploads\/sites\/341\/2026\/09\/Card-do-Curso-300x300.jpg 300w, https:\/\/www.ufsm.br\/app\/uploads\/sites\/341\/2026\/09\/Card-do-Curso-1024x1024.jpg 1024w, https:\/\/www.ufsm.br\/app\/uploads\/sites\/341\/2026\/09\/Card-do-Curso-150x150.jpg 150w, https:\/\/www.ufsm.br\/app\/uploads\/sites\/341\/2026\/09\/Card-do-Curso-768x768.jpg 768w, https:\/\/www.ufsm.br\/app\/uploads\/sites\/341\/2026\/09\/Card-do-Curso.jpg 1080w\" sizes=\"(max-width: 300px) 100vw, 300px\" \/><\/p>\t\t\t\t\t\t<\/div>\n\t\t\t\t<\/div>\n\t\t\t\t\t<\/div>\n\t\t<\/div>\n\t\t\t\t\t<\/div>\n\t\t<\/section>\n\t\t\t\t<\/div>\n\t\t","protected":false},"excerpt":{"rendered":"<p>A Pr\u00f3-Reitoria de Gest\u00e3o de Pessoas (PROGEP) informa que est\u00e3o abertas as inscri\u00e7\u00f5es para o Curso \u201cPower BI: Forma\u00e7\u00e3o Autoinstrucional\u201d. A a\u00e7\u00e3o visa capacitar os(as) servidores(as) da UFSM no uso b\u00e1sico do Power BI, por meio de uma forma\u00e7\u00e3o autoinstrucional. Posteriormente, ser\u00e3o ofertadas oficinas presenciais para servidores(as) que j\u00e1 conclu\u00edram a capacita\u00e7\u00e3o autoinstrucional e que [&hellip;]<\/p>\n","protected":false},"author":171,"featured_media":0,"comment_status":"closed","ping_status":"closed","sticky":false,"template":"","format":"standard","meta":{"footnotes":""},"categories":[1],"tags":[],"class_list":["post-47888","post","type-post","status-publish","format-standard","hentry","category-noticias"],"acf":[],"_links":{"self":[{"href":"https:\/\/www.ufsm.br\/pro-reitorias\/progep\/wp-json\/wp\/v2\/posts\/47888","targetHints":{"allow":["GET"]}}],"collection":[{"href":"https:\/\/www.ufsm.br\/pro-reitorias\/progep\/wp-json\/wp\/v2\/posts"}],"about":[{"href":"https:\/\/www.ufsm.br\/pro-reitorias\/progep\/wp-json\/wp\/v2\/types\/post"}],"author":[{"embeddable":true,"href":"https:\/\/www.ufsm.br\/pro-reitorias\/progep\/wp-json\/wp\/v2\/users\/171"}],"replies":[{"embeddable":true,"href":"https:\/\/www.ufsm.br\/pro-reitorias\/progep\/wp-json\/wp\/v2\/comments?post=47888"}],"version-history":[{"count":0,"href":"https:\/\/www.ufsm.br\/pro-reitorias\/progep\/wp-json\/wp\/v2\/posts\/47888\/revisions"}],"wp:attachment":[{"href":"https:\/\/www.ufsm.br\/pro-reitorias\/progep\/wp-json\/wp\/v2\/media?parent=47888"}],"wp:term":[{"taxonomy":"category","embeddable":true,"href":"https:\/\/www.ufsm.br\/pro-reitorias\/progep\/wp-json\/wp\/v2\/categories?post=47888"},{"taxonomy":"post_tag","embeddable":true,"href":"https:\/\/www.ufsm.br\/pro-reitorias\/progep\/wp-json\/wp\/v2\/tags?post=47888"}],"curies":[{"name":"wp","href":"https:\/\/api.w.org\/{rel}","templated":true}]}}