{"id":9900,"date":"2016-06-13T20:35:46","date_gmt":"2016-06-13T23:35:46","guid":{"rendered":"https:\/\/www.ufsm.br\/pro-reitorias\/progep\/2016\/06\/13\/progep-promovera-homenagem-aos-servidores-que-completam-30-e-40-anos-de-dedicacao-a-ufsm-em-2016\/"},"modified":"2016-06-13T20:35:46","modified_gmt":"2016-06-13T23:35:46","slug":"progep-promovera-homenagem-aos-servidores-que-completam-30-e-40-anos-de-dedicacao-a-ufsm-em-2016","status":"publish","type":"post","link":"https:\/\/www.ufsm.br\/pro-reitorias\/progep\/2016\/06\/13\/progep-promovera-homenagem-aos-servidores-que-completam-30-e-40-anos-de-dedicacao-a-ufsm-em-2016","title":{"rendered":"Progep promover\u00e1 homenagem aos servidores que completam 30 e 40 anos de dedica\u00e7\u00e3o \u00e0 UFSM em 2016"},"content":{"rendered":"<p>A Pr&oacute;-Reitoria de Gest&atilde;o de Pessoas, por meio do N&uacute;cleo de Educa&ccedil;&atilde;o e Desenvolvimento promover&aacute;, na manh&atilde; do dia 21 de junho de 2016, a Cerim&ocirc;nia de Homenagem aos Servidores que completam 30 e 40 anos de dedica&ccedil;&atilde;o &agrave; UFSM em 2016.<\/p>\n<p>A solenidade de homenagem ser&aacute; realizada &agrave;s 9h na Sala 218 &#8211; 2&ordm; Andar da Reitoria, momento no qual os servidores receber&atilde;o uma placa e um certificado como homenagem e reconhecimento pelos anos de dedica&ccedil;&atilde;o &agrave; UFSM.<\/p>\n<p>A iniciativa faz parte do Projeto de Reconhecimento Profissional, promovido a partir de 2014 pela PROGEP, com o objetivo de homenagear os servidores que completam 10, 20, 30 e 40 anos de trabalho na Institui&ccedil;&atilde;o, como forma de reconhecimento pela dedica&ccedil;&atilde;o e pela valiosa contribui&ccedil;&atilde;o de cada um para o desenvolvimento da UFSM.<\/p>\n<p>Veja a lista dos homenageados <a href=\"https:\/\/www.ufsm.br\/pro-reitorias\/progep\/wp-content\/uploads\/sites\/341\/2016\/06\/Listagem-30-e-40-divulgao-site.pdf\" target=\"_blank\"><\/a><a href=\"https:\/\/www.ufsm.br\/pro-reitorias\/progep\/wp-content\/uploads\/sites\/341\/2016\/06\/Listagem-30-e-40-divulgao-site.pdf\">clicando AQUI<\/a><\/p>\n<p>Mais informa&ccedil;&otilde;es podem ser obtidas pelo telefone 3220-8063, com a equipe do N&uacute;cleo de Educa&ccedil;&atilde;o e Desenvolvimento\/PROGEP.<\/p>\n","protected":false},"excerpt":{"rendered":"<p>A Pr&oacute;-Reitoria de Gest&atilde;o de Pessoas, por meio do N&uacute;cleo de Educa&ccedil;&atilde;o e Desenvolvimento promover&aacute;, na manh&atilde; do dia 21 de junho de 2016, a Cerim&ocirc;nia de Homenagem aos Servidores que completam 30 e 40 anos de dedica&ccedil;&atilde;o &agrave; UFSM em 2016. A solenidade de homenagem ser&aacute; realizada &agrave;s 9h na Sala 218 &#8211; 2&ordm; [&hellip;]<\/p>\n","protected":false},"author":8,"featured_media":0,"comment_status":"closed","ping_status":"closed","sticky":false,"template":"","format":"standard","meta":{"footnotes":""},"categories":[1],"tags":[],"class_list":["post-9900","post","type-post","status-publish","format-standard","hentry","category-noticias"],"acf":[],"_links":{"self":[{"href":"https:\/\/www.ufsm.br\/pro-reitorias\/progep\/wp-json\/wp\/v2\/posts\/9900","targetHints":{"allow":["GET"]}}],"collection":[{"href":"https:\/\/www.ufsm.br\/pro-reitorias\/progep\/wp-json\/wp\/v2\/posts"}],"about":[{"href":"https:\/\/www.ufsm.br\/pro-reitorias\/progep\/wp-json\/wp\/v2\/types\/post"}],"author":[{"embeddable":true,"href":"https:\/\/www.ufsm.br\/pro-reitorias\/progep\/wp-json\/wp\/v2\/users\/8"}],"replies":[{"embeddable":true,"href":"https:\/\/www.ufsm.br\/pro-reitorias\/progep\/wp-json\/wp\/v2\/comments?post=9900"}],"version-history":[{"count":0,"href":"https:\/\/www.ufsm.br\/pro-reitorias\/progep\/wp-json\/wp\/v2\/posts\/9900\/revisions"}],"wp:attachment":[{"href":"https:\/\/www.ufsm.br\/pro-reitorias\/progep\/wp-json\/wp\/v2\/media?parent=9900"}],"wp:term":[{"taxonomy":"category","embeddable":true,"href":"https:\/\/www.ufsm.br\/pro-reitorias\/progep\/wp-json\/wp\/v2\/categories?post=9900"},{"taxonomy":"post_tag","embeddable":true,"href":"https:\/\/www.ufsm.br\/pro-reitorias\/progep\/wp-json\/wp\/v2\/tags?post=9900"}],"curies":[{"name":"wp","href":"https:\/\/api.w.org\/{rel}","templated":true}]}}