{"id":1531,"date":"2016-03-03T12:13:32","date_gmt":"2016-03-03T15:13:32","guid":{"rendered":"https:\/\/www.ufsm.br\/orgaos-executivos\/caed\/2016\/03\/03\/cursol\/"},"modified":"2016-03-03T12:13:32","modified_gmt":"2016-03-03T15:13:32","slug":"cursol","status":"publish","type":"post","link":"https:\/\/www.ufsm.br\/pro-reitorias\/prograd\/caed\/2016\/03\/03\/cursol","title":{"rendered":"Inscri\u00e7\u00f5es Curso de Libras B\u00e1sico"},"content":{"rendered":"<p style=\"margin: 0cm 0cm 7.5pt; text-align: justify; line-height: 17.25pt; background-image: initial; background-attachment: initial; background-position: initial; background-repeat: initial;\"><span style=\"font-size: 10pt; font-family: Helvetica, sans-serif; color: #000000;\">Diante da necessidade da intera\u00e7\u00e3o entre surdos e ouvintes, a Universidade Federal de Santa&nbsp;Maria\/N\u00facleo de Acessibilidade, oferta o Curso de Libras \u2013 L\u00edngua Brasileira de Sinais para ampliar as&nbsp;possibilidades de comunica\u00e7\u00e3o entre surdos e ouvintes para a inclus\u00e3o de pessoas surdas, nos diferentes&nbsp;espa\u00e7os do meio social.<\/span><\/p>\n<p style=\"margin: 0cm 0cm 7.5pt; line-height: 17.25pt; background-image: initial; background-attachment: initial; background-position: initial; background-repeat: initial;\"><strong><span style=\"font-size: 9pt; font-family: Helvetica, sans-serif; color: blue;\">Ser\u00e1 ofertado:<\/span><\/strong><\/p>\n<p style=\"margin: 0cm 0cm 7.5pt; line-height: 17.25pt; background-image: initial; background-attachment: initial; background-position: initial; background-repeat: initial;\"><span style=\"font-size: 10pt; font-family: Helvetica, sans-serif; color: #000000;\">Libras B\u00e1sico \u2013 aulas nas&nbsp;ter\u00e7as &#8211; feiras das 17:00 Hs. at\u00e9 as 19:00 Hs&nbsp;.<\/span><\/p>\n<p style=\"margin: 0cm 0cm 7.5pt; line-height: 17.25pt; background-image: initial; background-attachment: initial; background-position: initial; background-repeat: initial;\"><strong><span style=\"font-size: 10pt; font-family: Helvetica, sans-serif; color: blue;\">Requisito:<\/span><\/strong><\/p>\n<p style=\"margin: 0cm 0cm 7.5pt; line-height: 17.25pt; background-image: initial; background-attachment: initial; background-position: initial; background-repeat: initial;\"><span style=\"font-size: 10pt; font-family: Helvetica, sans-serif; color: #000000;\">Est\u00e1 aberto vagas para alunos, funcion\u00e1rios da UFSM e comunidade em geral.<\/span><\/p>\n<p style=\"margin: 0cm 0cm 7.5pt; line-height: 17.25pt; background-image: initial; background-attachment: initial; background-position: initial; background-repeat: initial;\"><span style=\"font-size: 10pt; font-family: Helvetica, sans-serif; color: #000000;\">Disponibilizar\u00e1 de 25 vagas.<\/span><\/p>\n<p style=\"margin: 0cm 0cm 7.5pt; line-height: 17.25pt; background-image: initial; background-attachment: initial; background-position: initial; background-repeat: initial;\"><span style=\"font-size: 10pt; font-family: Helvetica, sans-serif; color: #000000;\">As inscri\u00e7\u00f5es ocorrem do dia 03\/03\/2016 ao dia 09\/03\/2016 somente pelo <\/span><\/p>\n<p style=\"margin: 0cm 0cm 7.5pt; line-height: 17.25pt; background-image: initial; background-attachment: initial; background-position: initial; background-repeat: initial;\"><span style=\"font-size: 10pt; font-family: Helvetica, sans-serif; color: #666666;\"><span style=\"color: #000000;\">link:<\/span>&nbsp; <\/span><span style=\"font-size: 10pt; font-family: 'Segoe UI', sans-serif; background-image: initial; background-attachment: initial; background-position: initial; background-repeat: initial;\"><a href=\"http:\/\/goo.gl\/forms\/LSQqag5VWw\">&nbsp;<\/a><a href=\"http:\/\/goo.gl\/forms\/LSQqag5VWw\">http:\/\/goo.gl\/forms\/LSQqag5VWw<\/a><\/span><span style=\"font-size: 10pt; font-family: Helvetica, sans-serif; color: #666666;\">&nbsp;<\/span><\/p>\n<p style=\"margin: 0cm 0cm 7.5pt; line-height: 17.25pt; background-image: initial; background-attachment: initial; background-position: initial; background-repeat: initial;\"><span style=\"font-size: 10pt; font-family: Helvetica, sans-serif; color: #000000;\">A sele\u00e7\u00e3o para o curso ser\u00e1 feita conforme ordem de inscri\u00e7\u00e3o.<\/span><\/p>\n<p style=\"margin: 0cm 0cm 7.5pt; line-height: 17.25pt; background-image: initial; background-attachment: initial; background-position: initial; background-repeat: initial;\"><span style=\"font-size: 10pt; font-family: Helvetica, sans-serif; color: #000000;\">A lista dos selecionados ser\u00e1 disponibilizada no site do N\u00facleo de Acessibilidade no dia 10 de mar\u00e7o. <\/span><\/p>\n<p style=\"margin: 0cm 0cm 7.5pt; line-height: 17.25pt; background-image: initial; background-attachment: initial; background-position: initial; background-repeat: initial;\"><span style=\"font-size: 10pt; font-family: Helvetica, sans-serif; color: #000000;\">Caso haja desist\u00eancia, novos alunos poder\u00e3o ser chamados at\u00e9 o dia 23 de mar\u00e7o. A listagem ser\u00e1 divulgada no site do N\u00facleo de Acessibilidade.<\/span><\/p>\n<p style=\"margin: 0cm 0cm 7.5pt; line-height: 17.25pt; background-image: initial; background-attachment: initial; background-position: initial; background-repeat: initial;\"><span style=\"font-size: 10pt; font-family: Helvetica, sans-serif; color: #000000;\">As aulas iniciar\u00e3o no dia 15 de mar\u00e7o.<\/span><\/p>\n","protected":false},"excerpt":{"rendered":"<p>Diante da necessidade da intera\u00e7\u00e3o entre surdos e ouvintes, a Universidade Federal de Santa&nbsp;Maria\/N\u00facleo de Acessibilidade, oferta o Curso de Libras \u2013 L\u00edngua Brasileira de Sinais para ampliar as&nbsp;possibilidades de comunica\u00e7\u00e3o entre surdos e ouvintes para a inclus\u00e3o de pessoas surdas, nos diferentes&nbsp;espa\u00e7os do meio social. Ser\u00e1 ofertado: Libras B\u00e1sico \u2013 aulas nas&nbsp;ter\u00e7as &#8211; feiras [&hellip;]<\/p>\n","protected":false},"author":30,"featured_media":0,"comment_status":"closed","ping_status":"closed","sticky":false,"template":"","format":"standard","meta":{"footnotes":""},"categories":[47],"tags":[],"class_list":["post-1531","post","type-post","status-publish","format-standard","hentry","category-noticias-nucleo-acessibilidade"],"acf":[],"_links":{"self":[{"href":"https:\/\/www.ufsm.br\/pro-reitorias\/prograd\/caed\/wp-json\/wp\/v2\/posts\/1531","targetHints":{"allow":["GET"]}}],"collection":[{"href":"https:\/\/www.ufsm.br\/pro-reitorias\/prograd\/caed\/wp-json\/wp\/v2\/posts"}],"about":[{"href":"https:\/\/www.ufsm.br\/pro-reitorias\/prograd\/caed\/wp-json\/wp\/v2\/types\/post"}],"author":[{"embeddable":true,"href":"https:\/\/www.ufsm.br\/pro-reitorias\/prograd\/caed\/wp-json\/wp\/v2\/users\/30"}],"replies":[{"embeddable":true,"href":"https:\/\/www.ufsm.br\/pro-reitorias\/prograd\/caed\/wp-json\/wp\/v2\/comments?post=1531"}],"version-history":[{"count":0,"href":"https:\/\/www.ufsm.br\/pro-reitorias\/prograd\/caed\/wp-json\/wp\/v2\/posts\/1531\/revisions"}],"wp:attachment":[{"href":"https:\/\/www.ufsm.br\/pro-reitorias\/prograd\/caed\/wp-json\/wp\/v2\/media?parent=1531"}],"wp:term":[{"taxonomy":"category","embeddable":true,"href":"https:\/\/www.ufsm.br\/pro-reitorias\/prograd\/caed\/wp-json\/wp\/v2\/categories?post=1531"},{"taxonomy":"post_tag","embeddable":true,"href":"https:\/\/www.ufsm.br\/pro-reitorias\/prograd\/caed\/wp-json\/wp\/v2\/tags?post=1531"}],"curies":[{"name":"wp","href":"https:\/\/api.w.org\/{rel}","templated":true}]}}