{"id":2763,"date":"2020-03-16T12:51:27","date_gmt":"2020-03-16T15:51:27","guid":{"rendered":"https:\/\/www.ufsm.br\/orgaos-executivos\/caed\/?p=2763"},"modified":"2020-05-28T09:38:27","modified_gmt":"2020-05-28T12:38:27","slug":"coronavirus-esclarecimentos-e-prevencao","status":"publish","type":"post","link":"https:\/\/www.ufsm.br\/pro-reitorias\/prograd\/caed\/2020\/03\/16\/coronavirus-esclarecimentos-e-prevencao","title":{"rendered":"CORONAVIRUS: ESCLARECIMENTOS E PREVEN\u00c7\u00c3O"},"content":{"rendered":"\n<p>A Universidade Federal de Santa Maria (UFSM)\/Coordenadoria de A\u00e7\u00f5es Educacionais (CAEd) divulga esclarecimentos e a\u00e7\u00f5es de preven\u00e7\u00e3o sobre o COVID-19 (coronavirus). Acrescentamos que as atividades acad\u00eamicas e administrativas da UFSM est\u00e3o suspensas por tempo indeterminado.\u00a0<\/p>\n<p><img fetchpriority=\"high\" decoding=\"async\" class=\"alignnone size-medium wp-image-2764\" src=\"https:\/\/www.ufsm.br\/orgaos-executivos\/caed\/wp-content\/uploads\/sites\/391\/2020\/03\/1-300x300.jpg\" alt=\"\" width=\"300\" height=\"300\" srcset=\"https:\/\/www.ufsm.br\/app\/uploads\/sites\/391\/2020\/03\/1-300x300.jpg 300w, https:\/\/www.ufsm.br\/app\/uploads\/sites\/391\/2020\/03\/1-1024x1024.jpg 1024w, https:\/\/www.ufsm.br\/app\/uploads\/sites\/391\/2020\/03\/1-150x150.jpg 150w, https:\/\/www.ufsm.br\/app\/uploads\/sites\/391\/2020\/03\/1-768x768.jpg 768w, https:\/\/www.ufsm.br\/app\/uploads\/sites\/391\/2020\/03\/1.jpg 1080w\" sizes=\"(max-width: 300px) 100vw, 300px\" \/><\/p>\n<p>Ao estabelecer contato pr\u00f3ximo com uma pessoa infectada ou que demonstra sintomas de tosse, espirro, etc. O v\u00edrus tamb\u00e9m dura 24 horas em objetos que foram contaminados, como copos, len\u00e7os, bot\u00f5es de elevador, corrim\u00e3o do \u00f4nibus e ma\u00e7aneta da porta. Por isso, \u00e9 importante sempre higienizar as m\u00e3os antes de lev\u00e1-las \u00e0 boca, nariz ou olhos.<\/p>\n<p><img decoding=\"async\" class=\"alignnone size-medium wp-image-2765\" src=\"https:\/\/www.ufsm.br\/orgaos-executivos\/caed\/wp-content\/uploads\/sites\/391\/2020\/03\/2-300x300.jpg\" alt=\"\" width=\"300\" height=\"300\" srcset=\"https:\/\/www.ufsm.br\/app\/uploads\/sites\/391\/2020\/03\/2-300x300.jpg 300w, https:\/\/www.ufsm.br\/app\/uploads\/sites\/391\/2020\/03\/2-1024x1024.jpg 1024w, https:\/\/www.ufsm.br\/app\/uploads\/sites\/391\/2020\/03\/2-150x150.jpg 150w, https:\/\/www.ufsm.br\/app\/uploads\/sites\/391\/2020\/03\/2-768x768.jpg 768w, https:\/\/www.ufsm.br\/app\/uploads\/sites\/391\/2020\/03\/2.jpg 1080w\" sizes=\"(max-width: 300px) 100vw, 300px\" \/><\/p>\n<p>Confira essas dicas do Departamento de Sa\u00fade Coletiva\/CCS da UFSM!<br \/>&#8211; Higienize as m\u00e3os antes de consumir alimentos, e sempre que tossir, espirrar ou entrar em contato com pessoas com sintomas respirat\u00f3rios. Utilize \u00e1lcool gel para limpar as m\u00e3os.<br \/>&#8211; Utilize len\u00e7o descart\u00e1vel para higiene nasal e jogue no lixo imediatamente ap\u00f3s o uso. Cubra o nariz e a boca quando espirrar ou tossir.<br \/>&#8211; Evite tocar nas mucosas dos olhos, nariz e boca.<br \/>&#8211; N\u00e3o compartilhe objetos de uso pessoal, como talheres, pratos, copos ou garrafas.<br \/>&#8211; Procure manter os ambientes bem ventilados.<\/p>\n<p><img decoding=\"async\" class=\"alignnone size-medium wp-image-2766\" src=\"https:\/\/www.ufsm.br\/orgaos-executivos\/caed\/wp-content\/uploads\/sites\/391\/2020\/03\/3-300x300.jpg\" alt=\"\" width=\"300\" height=\"300\" srcset=\"https:\/\/www.ufsm.br\/app\/uploads\/sites\/391\/2020\/03\/3-300x300.jpg 300w, https:\/\/www.ufsm.br\/app\/uploads\/sites\/391\/2020\/03\/3-1024x1024.jpg 1024w, https:\/\/www.ufsm.br\/app\/uploads\/sites\/391\/2020\/03\/3-150x150.jpg 150w, https:\/\/www.ufsm.br\/app\/uploads\/sites\/391\/2020\/03\/3-768x768.jpg 768w, https:\/\/www.ufsm.br\/app\/uploads\/sites\/391\/2020\/03\/3.jpg 1080w\" sizes=\"(max-width: 300px) 100vw, 300px\" \/><\/p>\n<p>Os sintomas iniciais da infec\u00e7\u00e3o pelo coronav\u00edrus s\u00e3o semelhantes aos causados por outros v\u00edrus, como o H1N1, dentre eles febre, tosse e dificuldade para respirar. Ao sentir os sintomas, procure um m\u00e9dico ou um posto de sa\u00fade.<\/p>\n<p><img loading=\"lazy\" decoding=\"async\" class=\"alignnone size-medium wp-image-2767\" src=\"https:\/\/www.ufsm.br\/orgaos-executivos\/caed\/wp-content\/uploads\/sites\/391\/2020\/03\/4-300x300.jpg\" alt=\"\" width=\"300\" height=\"300\" srcset=\"https:\/\/www.ufsm.br\/app\/uploads\/sites\/391\/2020\/03\/4-300x300.jpg 300w, https:\/\/www.ufsm.br\/app\/uploads\/sites\/391\/2020\/03\/4-1024x1024.jpg 1024w, https:\/\/www.ufsm.br\/app\/uploads\/sites\/391\/2020\/03\/4-150x150.jpg 150w, https:\/\/www.ufsm.br\/app\/uploads\/sites\/391\/2020\/03\/4-768x768.jpg 768w, https:\/\/www.ufsm.br\/app\/uploads\/sites\/391\/2020\/03\/4.jpg 1080w\" sizes=\"(max-width: 300px) 100vw, 300px\" \/><\/p>\n<p>O Minist\u00e9rio da Sa\u00fade instalou o Centro de Opera\u00e7\u00f5es de Emerg\u00eancia (COE) \u2013 coronav\u00edrus para preparar o pa\u00eds para o atendimento de poss\u00edveis casos. Pesquisadoras da USP j\u00e1 sequenciaram o genoma do v\u00edrus, colaborando nos diagn\u00f3sticos e na elabora\u00e7\u00e3o de vacinas para combater o v\u00edrus.<br \/>Saiba mais em <strong>saude.gov.br\/coronavirus<\/strong><\/p>\n","protected":false},"excerpt":{"rendered":"<p>A Universidade Federal de Santa Maria (UFSM)\/Coordenadoria de A\u00e7\u00f5es Educacionais (CAEd) divulga esclarecimentos e a\u00e7\u00f5es de preven\u00e7\u00e3o sobre o COVID-19 (coronavirus). Acrescentamos que as atividades acad\u00eamicas e administrativas da UFSM est\u00e3o suspensas por tempo indeterminado.\u00a0 Ao estabelecer contato pr\u00f3ximo com uma pessoa infectada ou que demonstra sintomas de tosse, espirro, etc. O v\u00edrus tamb\u00e9m dura [&hellip;]<\/p>\n","protected":false},"author":252,"featured_media":0,"comment_status":"closed","ping_status":"closed","sticky":false,"template":"","format":"standard","meta":{"footnotes":""},"categories":[1],"tags":[],"class_list":["post-2763","post","type-post","status-publish","format-standard","hentry","category-sem-categoria"],"acf":[],"_links":{"self":[{"href":"https:\/\/www.ufsm.br\/pro-reitorias\/prograd\/caed\/wp-json\/wp\/v2\/posts\/2763","targetHints":{"allow":["GET"]}}],"collection":[{"href":"https:\/\/www.ufsm.br\/pro-reitorias\/prograd\/caed\/wp-json\/wp\/v2\/posts"}],"about":[{"href":"https:\/\/www.ufsm.br\/pro-reitorias\/prograd\/caed\/wp-json\/wp\/v2\/types\/post"}],"author":[{"embeddable":true,"href":"https:\/\/www.ufsm.br\/pro-reitorias\/prograd\/caed\/wp-json\/wp\/v2\/users\/252"}],"replies":[{"embeddable":true,"href":"https:\/\/www.ufsm.br\/pro-reitorias\/prograd\/caed\/wp-json\/wp\/v2\/comments?post=2763"}],"version-history":[{"count":0,"href":"https:\/\/www.ufsm.br\/pro-reitorias\/prograd\/caed\/wp-json\/wp\/v2\/posts\/2763\/revisions"}],"wp:attachment":[{"href":"https:\/\/www.ufsm.br\/pro-reitorias\/prograd\/caed\/wp-json\/wp\/v2\/media?parent=2763"}],"wp:term":[{"taxonomy":"category","embeddable":true,"href":"https:\/\/www.ufsm.br\/pro-reitorias\/prograd\/caed\/wp-json\/wp\/v2\/categories?post=2763"},{"taxonomy":"post_tag","embeddable":true,"href":"https:\/\/www.ufsm.br\/pro-reitorias\/prograd\/caed\/wp-json\/wp\/v2\/tags?post=2763"}],"curies":[{"name":"wp","href":"https:\/\/api.w.org\/{rel}","templated":true}]}}