{"id":2783,"date":"2020-03-25T13:19:19","date_gmt":"2020-03-25T16:19:19","guid":{"rendered":"https:\/\/www.ufsm.br\/orgaos-executivos\/caed\/?p=2783"},"modified":"2020-05-28T09:37:48","modified_gmt":"2020-05-28T12:37:48","slug":"infeccao-humana-pelo-coronavirus-covid-19-orientacoes-da-coordenadoria-de-acoes-educacionais-caed-ufsm","status":"publish","type":"post","link":"https:\/\/www.ufsm.br\/pro-reitorias\/prograd\/caed\/2020\/03\/25\/infeccao-humana-pelo-coronavirus-covid-19-orientacoes-da-coordenadoria-de-acoes-educacionais-caed-ufsm","title":{"rendered":"Infec\u00e7\u00e3o Humana pelo coronav\u00edrus (COVID-19): orienta\u00e7\u00f5es da Universidade Federal de Santa Maria (UFSM)\/Coordenadoria de A\u00e7\u00f5es Educacionais (CAEd)"},"content":{"rendered":"\n<p>A Universidade Federal de Santa Maria (UFSM)\/Coordenadoria de A\u00e7\u00f5es Educacionais (CAEd) divulga o memorando circular 010\/2020, com orienta\u00e7\u00f5es e esclarecimentos acerca dos servi\u00e7os prestados por essa coordenadoria durante o per\u00edodo de suspens\u00e3o das atividades na UFSM, em raz\u00e3o da pandemia do COVID-19.\u00a0<\/p>\n<p>Em anexo, o referido memorando, em formato PDF e Word.<\/p>\n<p><a href=\"https:\/\/www.ufsm.br\/orgaos-executivos\/caed\/wp-content\/uploads\/sites\/391\/2020\/03\/Memorando-circular-010-2020-Coronavirus-CAEd.pdf\">Memorando circular 010 2020 &#8211; Coronavirus CAEd<\/a><\/p>\n<p><a href=\"https:\/\/www.ufsm.br\/orgaos-executivos\/caed\/wp-content\/uploads\/sites\/391\/2020\/03\/Memorando-circular-010-2020-Coronavirus-CAEd.docx\">Memorando circular 010 2020 &#8211; Coronavirus CAEd<\/a><\/p>\n<p>\u00a0<\/p>\n<p>\u00a0<\/p>\n","protected":false},"excerpt":{"rendered":"<p>A Universidade Federal de Santa Maria (UFSM)\/Coordenadoria de A\u00e7\u00f5es Educacionais (CAEd) divulga o memorando circular 010\/2020, com orienta\u00e7\u00f5es e esclarecimentos acerca dos servi\u00e7os prestados por essa coordenadoria durante o per\u00edodo de suspens\u00e3o das atividades na UFSM, em raz\u00e3o da pandemia do COVID-19.\u00a0 Em anexo, o referido memorando, em formato PDF e Word. Memorando circular 010 [&hellip;]<\/p>\n","protected":false},"author":252,"featured_media":0,"comment_status":"closed","ping_status":"closed","sticky":false,"template":"","format":"standard","meta":{"footnotes":""},"categories":[1],"tags":[],"class_list":["post-2783","post","type-post","status-publish","format-standard","hentry","category-sem-categoria"],"acf":[],"_links":{"self":[{"href":"https:\/\/www.ufsm.br\/pro-reitorias\/prograd\/caed\/wp-json\/wp\/v2\/posts\/2783","targetHints":{"allow":["GET"]}}],"collection":[{"href":"https:\/\/www.ufsm.br\/pro-reitorias\/prograd\/caed\/wp-json\/wp\/v2\/posts"}],"about":[{"href":"https:\/\/www.ufsm.br\/pro-reitorias\/prograd\/caed\/wp-json\/wp\/v2\/types\/post"}],"author":[{"embeddable":true,"href":"https:\/\/www.ufsm.br\/pro-reitorias\/prograd\/caed\/wp-json\/wp\/v2\/users\/252"}],"replies":[{"embeddable":true,"href":"https:\/\/www.ufsm.br\/pro-reitorias\/prograd\/caed\/wp-json\/wp\/v2\/comments?post=2783"}],"version-history":[{"count":0,"href":"https:\/\/www.ufsm.br\/pro-reitorias\/prograd\/caed\/wp-json\/wp\/v2\/posts\/2783\/revisions"}],"wp:attachment":[{"href":"https:\/\/www.ufsm.br\/pro-reitorias\/prograd\/caed\/wp-json\/wp\/v2\/media?parent=2783"}],"wp:term":[{"taxonomy":"category","embeddable":true,"href":"https:\/\/www.ufsm.br\/pro-reitorias\/prograd\/caed\/wp-json\/wp\/v2\/categories?post=2783"},{"taxonomy":"post_tag","embeddable":true,"href":"https:\/\/www.ufsm.br\/pro-reitorias\/prograd\/caed\/wp-json\/wp\/v2\/tags?post=2783"}],"curies":[{"name":"wp","href":"https:\/\/api.w.org\/{rel}","templated":true}]}}