{"id":2794,"date":"2020-03-25T19:26:01","date_gmt":"2020-03-25T22:26:01","guid":{"rendered":"https:\/\/www.ufsm.br\/orgaos-executivos\/caed\/?p=2794"},"modified":"2020-05-28T09:36:18","modified_gmt":"2020-05-28T12:36:18","slug":"interpretacao-em-lingua-de-sinais-das-principais-informacoes-do-video-ufsm-responde-ufsm-e-husm-frente-ao-coronavirus","status":"publish","type":"post","link":"https:\/\/www.ufsm.br\/pro-reitorias\/prograd\/caed\/2020\/03\/25\/interpretacao-em-lingua-de-sinais-das-principais-informacoes-do-video-ufsm-responde-ufsm-e-husm-frente-ao-coronavirus","title":{"rendered":"Interpreta\u00e7\u00e3o em L\u00edngua de Sinais das principais informa\u00e7\u00f5es do V\u00eddeo UFSM Responde: UFSM e HUSM frente ao Coronav\u00edrus."},"content":{"rendered":"\n<p><span class=\"hasCaption\">Na sexta-feira, dia 20 de mar\u00e7o de 2020, o reitor da UFSM, Paulo Burmann, fez uma transmiss\u00e3o ao vivo, juntamente com o Dr. Alexandre Vargas Scwarzbold, infectologista do HUSM e Soeli Guerra, enfermeira e Gerente de Aten\u00e7\u00e3o \u00e0 Sa\u00fade.<br \/>Os Tradutores e Int\u00e9rpretes de Libras da Universidade Federal de Santa Maria (UFSM)\/Coordenadoria de A\u00e7\u00f5es Educacionais(CAEd) fizeram um v\u00eddeo com as principais informa\u00e7\u00f5es sobre o Coronav\u00edrus, visando oferecer acessibilidade lingu\u00edstica aos surdos.<\/span><\/p>\n<p>Assista ao v\u00eddeo a seguir:<\/p>\n<div style=\"width: 640px;\" class=\"wp-video\"><video class=\"wp-video-shortcode\" id=\"video-2794-1\" width=\"640\" height=\"360\" preload=\"metadata\" controls=\"controls\"><source type=\"video\/mp4\" src=\"https:\/\/www.ufsm.br\/orgaos-executivos\/caed\/wp-content\/uploads\/sites\/391\/2020\/03\/video-UFSM.mp4?_=1\" \/><a href=\"https:\/\/www.ufsm.br\/orgaos-executivos\/caed\/wp-content\/uploads\/sites\/391\/2020\/03\/video-UFSM.mp4\">https:\/\/www.ufsm.br\/orgaos-executivos\/caed\/wp-content\/uploads\/sites\/391\/2020\/03\/video-UFSM.mp4<\/a><\/video><\/div>\n<p>\u00a0<\/p>\n<p>\u00a0<\/p>\n","protected":false},"excerpt":{"rendered":"<p>Na sexta-feira, dia 20 de mar\u00e7o de 2020, o reitor da UFSM, Paulo Burmann, fez uma transmiss\u00e3o ao vivo, juntamente com o Dr. Alexandre Vargas Scwarzbold, infectologista do HUSM e Soeli Guerra, enfermeira e Gerente de Aten\u00e7\u00e3o \u00e0 Sa\u00fade.Os Tradutores e Int\u00e9rpretes de Libras da Universidade Federal de Santa Maria (UFSM)\/Coordenadoria de A\u00e7\u00f5es Educacionais(CAEd) fizeram [&hellip;]<\/p>\n","protected":false},"author":252,"featured_media":0,"comment_status":"closed","ping_status":"closed","sticky":false,"template":"","format":"standard","meta":{"footnotes":""},"categories":[1],"tags":[],"class_list":["post-2794","post","type-post","status-publish","format-standard","hentry","category-sem-categoria"],"acf":[],"_links":{"self":[{"href":"https:\/\/www.ufsm.br\/pro-reitorias\/prograd\/caed\/wp-json\/wp\/v2\/posts\/2794","targetHints":{"allow":["GET"]}}],"collection":[{"href":"https:\/\/www.ufsm.br\/pro-reitorias\/prograd\/caed\/wp-json\/wp\/v2\/posts"}],"about":[{"href":"https:\/\/www.ufsm.br\/pro-reitorias\/prograd\/caed\/wp-json\/wp\/v2\/types\/post"}],"author":[{"embeddable":true,"href":"https:\/\/www.ufsm.br\/pro-reitorias\/prograd\/caed\/wp-json\/wp\/v2\/users\/252"}],"replies":[{"embeddable":true,"href":"https:\/\/www.ufsm.br\/pro-reitorias\/prograd\/caed\/wp-json\/wp\/v2\/comments?post=2794"}],"version-history":[{"count":0,"href":"https:\/\/www.ufsm.br\/pro-reitorias\/prograd\/caed\/wp-json\/wp\/v2\/posts\/2794\/revisions"}],"wp:attachment":[{"href":"https:\/\/www.ufsm.br\/pro-reitorias\/prograd\/caed\/wp-json\/wp\/v2\/media?parent=2794"}],"wp:term":[{"taxonomy":"category","embeddable":true,"href":"https:\/\/www.ufsm.br\/pro-reitorias\/prograd\/caed\/wp-json\/wp\/v2\/categories?post=2794"},{"taxonomy":"post_tag","embeddable":true,"href":"https:\/\/www.ufsm.br\/pro-reitorias\/prograd\/caed\/wp-json\/wp\/v2\/tags?post=2794"}],"curies":[{"name":"wp","href":"https:\/\/api.w.org\/{rel}","templated":true}]}}