{"id":2834,"date":"2020-03-30T16:11:31","date_gmt":"2020-03-30T19:11:31","guid":{"rendered":"https:\/\/www.ufsm.br\/orgaos-executivos\/caed\/?p=2834"},"modified":"2020-05-28T09:34:25","modified_gmt":"2020-05-28T12:34:25","slug":"pro-reitoria-de-graduacao-prograd-publica-orientacoes-para-as-atividades-do-regime-de-exercicios-domiciliares-especiais-rede","status":"publish","type":"post","link":"https:\/\/www.ufsm.br\/pro-reitorias\/prograd\/caed\/2020\/03\/30\/pro-reitoria-de-graduacao-prograd-publica-orientacoes-para-as-atividades-do-regime-de-exercicios-domiciliares-especiais-rede","title":{"rendered":"Pr\u00f3-Reitoria de Gradua\u00e7\u00e3o (PROGRAD) publica orienta\u00e7\u00f5es para as atividades do Regime de Exerc\u00edcios Domiciliares Especiais (REDE)"},"content":{"rendered":"\n<p>A Universidade Federal de Santa Maria (UFSM)\/Coordenadoria de A\u00e7\u00f5es Educacionais (CAEd) soma-se \u00e0 divulga\u00e7\u00e3o das orienta\u00e7\u00f5es da PROGRAD sobre atividades do Regime de Exerc\u00edcios Domiciliares Especiais (REDE), no per\u00edodo de suspens\u00e3o das atividades presenciais, em raz\u00e3o da pandemia do COVID-19. Maiores informa\u00e7\u00f5es no link a seguir:<\/p>\n<p><blockquote class=\"wp-embedded-content\" data-secret=\"diVYfVxX16\"><a href=\"https:\/\/www.ufsm.br\/pro-reitorias\/prograd\/2020\/03\/19\/prograd-publica-orientacoes-para-as-atividades-do-regime-de-exercicios-domiciliares-especiais-rede\">Prograd publica orienta\u00e7\u00f5es para as atividades do Regime de Exerc\u00edcios Domiciliares Especiais (REDE)<\/a><\/blockquote><iframe class=\"wp-embedded-content\" sandbox=\"allow-scripts\" security=\"restricted\" style=\"position: absolute; clip: rect(1px, 1px, 1px, 1px);\" title=\"&#8220;Prograd publica orienta\u00e7\u00f5es para as atividades do Regime de Exerc\u00edcios Domiciliares Especiais (REDE)&#8221; &#8212; PROGRAD\" src=\"https:\/\/www.ufsm.br\/pro-reitorias\/prograd\/2020\/03\/19\/prograd-publica-orientacoes-para-as-atividades-do-regime-de-exercicios-domiciliares-especiais-rede\/embed#?secret=i9n0IUPFPY#?secret=diVYfVxX16\" data-secret=\"diVYfVxX16\" width=\"500\" height=\"282\" frameborder=\"0\" marginwidth=\"0\" marginheight=\"0\" scrolling=\"no\"><\/iframe><\/p>\n<h1 class=\"entry-title text-primary text-center\">\u00a0<\/h1>\n","protected":false},"excerpt":{"rendered":"<p>A Universidade Federal de Santa Maria (UFSM)\/Coordenadoria de A\u00e7\u00f5es Educacionais (CAEd) soma-se \u00e0 divulga\u00e7\u00e3o das orienta\u00e7\u00f5es da PROGRAD sobre atividades do Regime de Exerc\u00edcios Domiciliares Especiais (REDE), no per\u00edodo de suspens\u00e3o das atividades presenciais, em raz\u00e3o da pandemia do COVID-19. Maiores informa\u00e7\u00f5es no link a seguir: Prograd publica orienta\u00e7\u00f5es para as atividades do Regime de [&hellip;]<\/p>\n","protected":false},"author":252,"featured_media":0,"comment_status":"closed","ping_status":"closed","sticky":false,"template":"","format":"standard","meta":{"footnotes":""},"categories":[1],"tags":[88],"class_list":["post-2834","post","type-post","status-publish","format-standard","hentry","category-sem-categoria","tag-coronavirus"],"acf":[],"_links":{"self":[{"href":"https:\/\/www.ufsm.br\/pro-reitorias\/prograd\/caed\/wp-json\/wp\/v2\/posts\/2834","targetHints":{"allow":["GET"]}}],"collection":[{"href":"https:\/\/www.ufsm.br\/pro-reitorias\/prograd\/caed\/wp-json\/wp\/v2\/posts"}],"about":[{"href":"https:\/\/www.ufsm.br\/pro-reitorias\/prograd\/caed\/wp-json\/wp\/v2\/types\/post"}],"author":[{"embeddable":true,"href":"https:\/\/www.ufsm.br\/pro-reitorias\/prograd\/caed\/wp-json\/wp\/v2\/users\/252"}],"replies":[{"embeddable":true,"href":"https:\/\/www.ufsm.br\/pro-reitorias\/prograd\/caed\/wp-json\/wp\/v2\/comments?post=2834"}],"version-history":[{"count":0,"href":"https:\/\/www.ufsm.br\/pro-reitorias\/prograd\/caed\/wp-json\/wp\/v2\/posts\/2834\/revisions"}],"wp:attachment":[{"href":"https:\/\/www.ufsm.br\/pro-reitorias\/prograd\/caed\/wp-json\/wp\/v2\/media?parent=2834"}],"wp:term":[{"taxonomy":"category","embeddable":true,"href":"https:\/\/www.ufsm.br\/pro-reitorias\/prograd\/caed\/wp-json\/wp\/v2\/categories?post=2834"},{"taxonomy":"post_tag","embeddable":true,"href":"https:\/\/www.ufsm.br\/pro-reitorias\/prograd\/caed\/wp-json\/wp\/v2\/tags?post=2834"}],"curies":[{"name":"wp","href":"https:\/\/api.w.org\/{rel}","templated":true}]}}