{"id":2994,"date":"2020-05-26T12:05:42","date_gmt":"2020-05-26T15:05:42","guid":{"rendered":"https:\/\/www.ufsm.br\/orgaos-executivos\/caed\/?p=2994"},"modified":"2020-05-28T09:31:56","modified_gmt":"2020-05-28T12:31:56","slug":"ufsm-inicia-o-projeto-em-tempos-de-distanciamento-social-qualidade-de-vida-e-essencial","status":"publish","type":"post","link":"https:\/\/www.ufsm.br\/pro-reitorias\/prograd\/caed\/2020\/05\/26\/ufsm-inicia-o-projeto-em-tempos-de-distanciamento-social-qualidade-de-vida-e-essencial","title":{"rendered":"UFSM inicia o projeto \u201cEm tempos de distanciamento social, qualidade de vida \u00e9 essencial\u201d"},"content":{"rendered":"\n<p>A Universidade Federal de Santa Maria (UFSM), atenta ao cen\u00e1rio ocasionado pela pandemia da Covid-19 e buscando dar continuidade \u00e0s atividades e oficinas desenvolvidas presencialmente pela Coordenadoria de Sa\u00fade e Qualidade de Vida do Servidor (CQVS), da Pr\u00f3-Reitoria de Gest\u00e3o de Pessoas (PROGEP), est\u00e1 iniciando o projeto \u201cEm tempos de distanciamento social, qualidade de vida \u00e9 essencial\u201d.\u00a0 Todas as segundas, quartas e sextas-feiras ser\u00e3o divulgadas videoaulas com dicas de atividades f\u00edsicas e de sa\u00fade para serem realizadas em casa. Os v\u00eddeos, produzidos pelos instrutores e parceiros dos projetos da CQVS\/PROGEP, buscam incentivar os servidores da Universidade Federal de Santa Maria a manter h\u00e1bitos saud\u00e1veis, preservando a sa\u00fade f\u00edsica e mental durante o per\u00edodo de isolamento social.<\/p>\n<p>Os v\u00eddeos estar\u00e3o dispon\u00edveis na p\u00e1gina <a href=\"https:\/\/www.ufsm.br\/pro-reitorias\/progep\/2020\/05\/08\/ufsm-inicia-o-projeto-em-tempos-de-isolamento-social-qualidade-de-vida-e-essencial\/\">&#8220;Em tempos de distanciamento social, qualidade de vida \u00e9 essencial&#8221;<\/a> e no <a href=\"https:\/\/www.facebook.com\/progep\/\">Facebook da PROGEP<\/a>.<\/p>\n","protected":false},"excerpt":{"rendered":"<p>A Universidade Federal de Santa Maria (UFSM), atenta ao cen\u00e1rio ocasionado pela pandemia da Covid-19 e buscando dar continuidade \u00e0s atividades e oficinas desenvolvidas presencialmente pela Coordenadoria de Sa\u00fade e Qualidade de Vida do Servidor (CQVS), da Pr\u00f3-Reitoria de Gest\u00e3o de Pessoas (PROGEP), est\u00e1 iniciando o projeto \u201cEm tempos de distanciamento social, qualidade de vida [&hellip;]<\/p>\n","protected":false},"author":252,"featured_media":0,"comment_status":"closed","ping_status":"closed","sticky":false,"template":"","format":"standard","meta":{"footnotes":""},"categories":[1],"tags":[],"class_list":["post-2994","post","type-post","status-publish","format-standard","hentry","category-sem-categoria"],"acf":[],"_links":{"self":[{"href":"https:\/\/www.ufsm.br\/pro-reitorias\/prograd\/caed\/wp-json\/wp\/v2\/posts\/2994","targetHints":{"allow":["GET"]}}],"collection":[{"href":"https:\/\/www.ufsm.br\/pro-reitorias\/prograd\/caed\/wp-json\/wp\/v2\/posts"}],"about":[{"href":"https:\/\/www.ufsm.br\/pro-reitorias\/prograd\/caed\/wp-json\/wp\/v2\/types\/post"}],"author":[{"embeddable":true,"href":"https:\/\/www.ufsm.br\/pro-reitorias\/prograd\/caed\/wp-json\/wp\/v2\/users\/252"}],"replies":[{"embeddable":true,"href":"https:\/\/www.ufsm.br\/pro-reitorias\/prograd\/caed\/wp-json\/wp\/v2\/comments?post=2994"}],"version-history":[{"count":0,"href":"https:\/\/www.ufsm.br\/pro-reitorias\/prograd\/caed\/wp-json\/wp\/v2\/posts\/2994\/revisions"}],"wp:attachment":[{"href":"https:\/\/www.ufsm.br\/pro-reitorias\/prograd\/caed\/wp-json\/wp\/v2\/media?parent=2994"}],"wp:term":[{"taxonomy":"category","embeddable":true,"href":"https:\/\/www.ufsm.br\/pro-reitorias\/prograd\/caed\/wp-json\/wp\/v2\/categories?post=2994"},{"taxonomy":"post_tag","embeddable":true,"href":"https:\/\/www.ufsm.br\/pro-reitorias\/prograd\/caed\/wp-json\/wp\/v2\/tags?post=2994"}],"curies":[{"name":"wp","href":"https:\/\/api.w.org\/{rel}","templated":true}]}}