{"id":2996,"date":"2020-05-26T12:43:15","date_gmt":"2020-05-26T15:43:15","guid":{"rendered":"https:\/\/www.ufsm.br\/orgaos-executivos\/caed\/?p=2996"},"modified":"2020-05-28T09:31:38","modified_gmt":"2020-05-28T12:31:38","slug":"ufsm-60-anos","status":"publish","type":"post","link":"https:\/\/www.ufsm.br\/pro-reitorias\/prograd\/caed\/2020\/05\/26\/ufsm-60-anos","title":{"rendered":"UFSM 60 anos"},"content":{"rendered":"\n<p><span style=\"font-weight: 400\">No ano de 2020, a Universidade Federal de Santa Maria (UFSM) comemora 60 anos desde a sua funda\u00e7\u00e3o. S\u00e3o 60 anos de um ciclo com a cidade de Santa Maria e regi\u00e3o: uma alian\u00e7a que constr\u00f3i projetos de ensino, pesquisa e extens\u00e3o, proporcionando o reconhecimento ao interior do estado do Rio Grande do Sul.\u00a0<\/span><\/p>\n<p>Em alus\u00e3o \u00e0 data, divulgamos o cronograma de a\u00e7\u00f5es:<\/p>\n<table>\n<tbody>\n<tr>\n<td>\n<p><b>PER\u00cdODO<\/b><\/p>\n<\/td>\n<td>\n<p><b>A\u00c7\u00c3O\/EVENTO<\/b><\/p>\n<\/td>\n<td>\n<p><b>RESPONS\u00c1VEIS<\/b><\/p>\n<\/td>\n<td>\n<p><b>OBSERVA\u00c7\u00d5ES<\/b><\/p>\n<\/td>\n<\/tr>\n<tr>\n<td>\n<p><span style=\"font-weight: 400\">Junho a Dezembro\/2019<\/span><\/p>\n<\/td>\n<td>\n<p><span style=\"font-weight: 400\">Cria\u00e7\u00e3o selo comemorativo 60 anos da UFSM, materiais padr\u00e3o e Manual de Uso do Selo<\/span><\/p>\n<\/td>\n<td>\n<p><span style=\"font-weight: 400\">Unicom<\/span><\/p>\n<p><span style=\"font-weight: 400\">Ascom<\/span><\/p>\n<p><span style=\"font-weight: 400\">Coord. Comunica\u00e7\u00e3o<\/span><\/p>\n<p><span style=\"font-weight: 400\">PRE<\/span><\/p>\n<p><span style=\"font-weight: 400\">Facos Ag\u00eancia<\/span><\/p>\n<\/td>\n<td>\n<p><span style=\"font-weight: 400\">Material dispon\u00edvel em https:\/\/drive.google.com\/drive\/folders\/1drX3bZCbPH-6K3LpuVJM4yfOkZ0XJJPP?usp=sharing<\/span><\/p>\n<\/td>\n<\/tr>\n<tr>\n<td>\n<p><span style=\"font-weight: 400\">Dezembro\/2019<\/span><\/p>\n<\/td>\n<td>\n<p><span style=\"font-weight: 400\">Lan\u00e7amento selo comemorativo 60 anos durante apresenta\u00e7\u00e3o da Orquestra Sinf\u00f4nica e Ballet Ivone Freire<\/span><\/p>\n<\/td>\n<td>\n<p><span style=\"font-weight: 400\">Unicom<\/span><\/p>\n<p><span style=\"font-weight: 400\">Ascom<\/span><\/p>\n<p><span style=\"font-weight: 400\">Coord. Comunica\u00e7\u00e3o<\/span><\/p>\n<p><span style=\"font-weight: 400\">PRE<\/span><\/p>\n<p><span style=\"font-weight: 400\">Facos Ag\u00eancia<\/span><\/p>\n<\/td>\n<td>\u00a0<\/td>\n<\/tr>\n<tr>\n<td>\n<p><span style=\"font-weight: 400\">Dezembro\/2019<\/span><\/p>\n<\/td>\n<td>\n<p><span style=\"font-weight: 400\">Divulga\u00e7\u00e3o por e-mail do material dispon\u00edvel sobre os 60 anos para Unidades e Pr\u00f3-Reitorias; Disponibiliza\u00e7\u00e3o do selo para baixar no site e mat\u00e9ria sobre<\/span><\/p>\n<\/td>\n<td>\n<p><span style=\"font-weight: 400\">Unicom<\/span><\/p>\n<p><span style=\"font-weight: 400\">Ag\u00eancia de Not\u00edcias<\/span><\/p>\n<\/td>\n<td>\n<p><a href=\"https:\/\/www.ufsm.br\/60-anos-ufsm\/\"><span style=\"font-weight: 400\">https:\/\/www.ufsm.br\/60-anos-ufsm\/<\/span><\/a><\/p>\n<\/td>\n<\/tr>\n<tr>\n<td>\n<p><span style=\"font-weight: 400\">Mar\u00e7o\/2020<\/span><\/p>\n<\/td>\n<td>\n<p><span style=\"font-weight: 400\">Cria\u00e7\u00e3o de Comit\u00ea dos 60 anos, primeira reuni\u00e3o e cria\u00e7\u00e3o de grupo no Whats App<\/span><\/p>\n<\/td>\n<td>\n<p><span style=\"font-weight: 400\">Gabinete do Reitor<\/span><\/p>\n<\/td>\n<td>\n<p><span style=\"font-weight: 400\">Comit\u00ea:<\/span><\/p>\n<p><span style=\"font-weight: 400\">Prof. Paulo Burmann<\/span><\/p>\n<p><span style=\"font-weight: 400\">Solange Prediger<\/span><\/p>\n<p><span style=\"font-weight: 400\">Profa. Martha Adaime<\/span><\/p>\n<p><span style=\"font-weight: 400\">Profa. Vera Viana<\/span><\/p>\n<p><span style=\"font-weight: 400\">Profa. Paola Mello<\/span><\/p>\n<p><span style=\"font-weight: 400\">Profa. Jaqueline Kegler<\/span><\/p>\n<p><span style=\"font-weight: 400\">Profa. Iza Teixeira<\/span><\/p>\n<\/td>\n<\/tr>\n<tr>\n<td>\n<p><span style=\"font-weight: 400\">Mar\u00e7o\/2020<\/span><\/p>\n<\/td>\n<td>\n<p><span style=\"font-weight: 400\">Cria\u00e7\u00e3o dos Eventos Comemorativos dos 60 anos UFSM no site<\/span><\/p>\n<\/td>\n<td>\n<p><span style=\"font-weight: 400\">Unicom<\/span><\/p>\n<p><span style=\"font-weight: 400\">Ag\u00eancia de Not\u00edcias<\/span><\/p>\n<\/td>\n<td>\n<p><a href=\"https:\/\/www.ufsm.br\/?post_type=eventos&amp;p=51424\"><span style=\"font-weight: 400\">https:\/\/www.ufsm.br\/?post_type=eventos&amp;p=51424<\/span><\/a><\/p>\n<\/td>\n<\/tr>\n<tr>\n<td>\n<p><span style=\"font-weight: 400\">Maio\/2020<\/span><\/p>\n<\/td>\n<td>\n<p><span style=\"font-weight: 400\">Retomada reuni\u00f5es e plano de a\u00e7\u00f5es para os 60\u00a0<\/span><\/p>\n<\/td>\n<td>\n<p><span style=\"font-weight: 400\">Comit\u00ea 60 anos<\/span><\/p>\n<\/td>\n<td>\n<p><span style=\"font-weight: 400\">Reuni\u00f5es semanais nas sextas-feiras \u00e0s 10h30<\/span><\/p>\n<p><b>Estamos revivendo e valorizando os 60 anos de hist\u00f3ria e projetando o futuro.<\/b><\/p>\n<\/td>\n<\/tr>\n<tr>\n<td>\n<p><span style=\"font-weight: 400\">Maio\/2020<\/span><\/p>\n<\/td>\n<td>\n<p><span style=\"font-weight: 400\">Atualiza\u00e7\u00e3o do evento com not\u00edcias e comemora\u00e7\u00f5es dos 50 e 60 anos das Unidades Universit\u00e1rias<\/span><\/p>\n<\/td>\n<td>\n<p><span style=\"font-weight: 400\">Unicom<\/span><\/p>\n<p><span style=\"font-weight: 400\">Ag\u00eancia de Not\u00edcias<\/span><\/p>\n<\/td>\n<td>\n<p><a href=\"https:\/\/www.ufsm.br\/?post_type=eventos&amp;p=51424\"><span style=\"font-weight: 400\">https:\/\/www.ufsm.br\/?post_type=eventos&amp;p=51424<\/span><\/a><\/p>\n<\/td>\n<\/tr>\n<tr>\n<td>\n<p><span style=\"font-weight: 400\">Maio\/2020<\/span><\/p>\n<\/td>\n<td>\n<p><span style=\"font-weight: 400\">Envio de memorando pelo Gabinete do Reitor para todos os setores sobre uso do Selo Comemorativo dos 60 anos em todos os eventos<\/span><\/p>\n<\/td>\n<td>\n<p><span style=\"font-weight: 400\">Ascom<\/span><\/p>\n<\/td>\n<td>\n<p><span style=\"font-weight: 400\">https:\/\/docs.google.com\/document\/d\/1VaD2e&#8211;FpvHAHyAfyNiSX_WVGQSE41TvkKHYXvpaUEw\/edit?usp=sharing<\/span><\/p>\n<\/td>\n<\/tr>\n<tr>\n<td>\n<p><span style=\"font-weight: 400\">Maio\/2020<\/span><\/p>\n<\/td>\n<td>\n<p><span style=\"font-weight: 400\">Divulga\u00e7\u00e3o filtro de perfil para Facebook dos 60 anos da UFSM &#8211; Unicom e Ag\u00eancia de Not\u00edcias.<\/span><\/p>\n<\/td>\n<td>\n<p><span style=\"font-weight: 400\">Unicom<\/span><\/p>\n<p><span style=\"font-weight: 400\">Ag\u00eancia de Not\u00edcias<\/span><\/p>\n<\/td>\n<td>\u00a0<\/td>\n<\/tr>\n<tr>\n<td>\n<p><span style=\"font-weight: 400\">Maio\/2020<\/span><\/p>\n<\/td>\n<td>\n<p><span style=\"font-weight: 400\">Retomada dos TBT\u2019s com fotos antigas das turmas e dos campi no Instagram da UFSM<\/span><\/p>\n<\/td>\n<td>\n<p><span style=\"font-weight: 400\">Unicom<\/span><\/p>\n<p><span style=\"font-weight: 400\">Ag\u00eancia de Not\u00edcias<\/span><\/p>\n<\/td>\n<td>\n<p><span style=\"font-weight: 400\">Contar com o apoio do Projeto Retalhos de Mem\u00f3ria do DAG: <\/span><a href=\"https:\/\/www.ufsm.br\/orgaos-suplementares\/dag\/projeto-retalhos\/\"><span style=\"font-weight: 400\">https:\/\/www.ufsm.br\/orgaos-suplementares\/dag\/projeto-retalhos\/<\/span><\/a><\/p>\n<\/td>\n<\/tr>\n<tr>\n<td>\n<p><span style=\"font-weight: 400\">Junho ou Julho\/2020<\/span><\/p>\n<\/td>\n<td>\n<p><span style=\"font-weight: 400\">Webconfer\u00eancia sobre interioriza\u00e7\u00e3o do ensino e hist\u00f3ria da Universidade\u00a0<\/span><\/p>\n<\/td>\n<td>\n<p><span style=\"font-weight: 400\">Unicom<\/span><\/p>\n<p><span style=\"font-weight: 400\">Ascom\u00a0<\/span><\/p>\n<p><span style=\"font-weight: 400\">Profa. Eug\u00eania<\/span><\/p>\n<p><span style=\"font-weight: 400\">Profa. Iza<\/span><\/p>\n<p><span style=\"font-weight: 400\">CAED<\/span><\/p>\n<p><span style=\"font-weight: 400\">CPD<\/span><\/p>\n<\/td>\n<td>\u00a0<\/td>\n<\/tr>\n<tr>\n<td>\n<p><span style=\"font-weight: 400\">Junho ou Julho\/2020<\/span><\/p>\n<\/td>\n<td>\n<p><span style=\"font-weight: 400\">Webconfer\u00eancia sobre novas tecnologias na educa\u00e7\u00e3o\u00a0\u00a0<\/span><\/p>\n<\/td>\n<td>\n<p><span style=\"font-weight: 400\">Prograd<\/span><\/p>\n<p><span style=\"font-weight: 400\">Grupo de Metodologias Ativas<\/span><\/p>\n<p><span style=\"font-weight: 400\">CAED\u00a0<\/span><\/p>\n<p><span style=\"font-weight: 400\">CPD<\/span><\/p>\n<\/td>\n<td>\u00a0<\/td>\n<\/tr>\n<tr>\n<td>\n<p><span style=\"font-weight: 400\">Julho ou Agosto\/2020<\/span><\/p>\n<\/td>\n<td>\n<p><span style=\"font-weight: 400\">Apresenta\u00e7\u00e3o cultural com alunos e professores ou egressos e aposentados da UFSM<\/span><\/p>\n<\/td>\n<td>\n<p><span style=\"font-weight: 400\">PRE<\/span><\/p>\n<p><span style=\"font-weight: 400\">CAED<\/span><\/p>\n<p><span style=\"font-weight: 400\">CPD<\/span><\/p>\n<\/td>\n<td>\u00a0<\/td>\n<\/tr>\n<tr>\n<td>\n<p><span style=\"font-weight: 400\">Julho ou Agosto\/2020<\/span><\/p>\n<\/td>\n<td>\n<p><span style=\"font-weight: 400\">Webconfer\u00eancia sobre internacionaliza\u00e7\u00e3o do ensino\u00a0<\/span><\/p>\n<\/td>\n<td>\n<p><span style=\"font-weight: 400\">SAI<\/span><\/p>\n<p><span style=\"font-weight: 400\">CAED\u00a0<\/span><\/p>\n<p><span style=\"font-weight: 400\">CPD<\/span><\/p>\n<\/td>\n<td>\u00a0<\/td>\n<\/tr>\n<tr>\n<td>\n<p><span style=\"font-weight: 400\">Julho ou Agosto\/2020<\/span><\/p>\n<\/td>\n<td>\n<p><span style=\"font-weight: 400\">Exposi\u00e7\u00e3o virtual do acervo art\u00edstico da UFSM<\/span><\/p>\n<\/td>\n<td>\n<p><span style=\"font-weight: 400\">PRE<\/span><\/p>\n<p><span style=\"font-weight: 400\">CPD<\/span><\/p>\n<\/td>\n<td>\n<p><span style=\"font-weight: 400\">Possibilidade de convidar a UFG para integrar a exposi\u00e7\u00e3o<\/span><\/p>\n<\/td>\n<\/tr>\n<tr>\n<td>\n<p><span style=\"font-weight: 400\">Setembro ou Outubro\/2020<\/span><\/p>\n<\/td>\n<td>\n<p><span style=\"font-weight: 400\">Semana do Servidor P\u00fablico tem\u00e1tica 60 anos\u00a0<\/span><\/p>\n<\/td>\n<td>\n<p><span style=\"font-weight: 400\">Progep\u00a0<\/span><\/p>\n<p><span style=\"font-weight: 400\">Unicom<\/span><\/p>\n<p><span style=\"font-weight: 400\">CPD<\/span><\/p>\n<\/td>\n<td>\u00a0<\/td>\n<\/tr>\n<tr>\n<td>\n<p><span style=\"font-weight: 400\">Setembro ou Outubro\/2020<\/span><\/p>\n<\/td>\n<td>\n<p><span style=\"font-weight: 400\">Jornada Acad\u00eamica Integrada online<\/span><\/p>\n<\/td>\n<td>\n<p><span style=\"font-weight: 400\">PRPGP<\/span><\/p>\n<p><span style=\"font-weight: 400\">Unicom<\/span><\/p>\n<p><span style=\"font-weight: 400\">CPD<\/span><\/p>\n<\/td>\n<td>\u00a0<\/td>\n<\/tr>\n<tr>\n<td>\n<p><span style=\"font-weight: 400\">Setembro ou Outubro\/2020<\/span><\/p>\n<\/td>\n<td>\n<p><span style=\"font-weight: 400\">Descubra<\/span><\/p>\n<\/td>\n<td>\n<p><span style=\"font-weight: 400\">Prograd<\/span><\/p>\n<p><span style=\"font-weight: 400\">Unicom<\/span><\/p>\n<p><span style=\"font-weight: 400\">CPD<\/span><\/p>\n<\/td>\n<td>\u00a0<\/td>\n<\/tr>\n<tr>\n<td>\n<p><span style=\"font-weight: 400\">Setembro ou Outubro\/2020<\/span><\/p>\n<\/td>\n<td>\n<p><span style=\"font-weight: 400\">Sal\u00e3o de Inova\u00e7\u00e3o com webconfer\u00eancia sobre inova\u00e7\u00e3o e transfer\u00eancia de tecnologia nas universidades p\u00fablicas<\/span><\/p>\n<\/td>\n<td>\n<p><span style=\"font-weight: 400\">Agittec<\/span><\/p>\n<p><span style=\"font-weight: 400\">PRPGP<\/span><\/p>\n<p><span style=\"font-weight: 400\">CPD<\/span><\/p>\n<\/td>\n<td>\u00a0<\/td>\n<\/tr>\n<tr>\n<td>\n<p><span style=\"font-weight: 400\">Dezembro\/2020<\/span><\/p>\n<\/td>\n<td>\n<p><span style=\"font-weight: 400\">Evento comemorativo 60 anos com Orquestra Sinf\u00f4nica<\/span><\/p>\n<\/td>\n<td>\n<p><span style=\"font-weight: 400\">PRE<\/span><\/p>\n<p><span style=\"font-weight: 400\">Ascom<\/span><\/p>\n<\/td>\n<td>\u00a0<\/td>\n<\/tr>\n<\/tbody>\n<\/table>\n","protected":false},"excerpt":{"rendered":"<p>No ano de 2020, a Universidade Federal de Santa Maria (UFSM) comemora 60 anos desde a sua funda\u00e7\u00e3o. S\u00e3o 60 anos de um ciclo com a cidade de Santa Maria e regi\u00e3o: uma alian\u00e7a que constr\u00f3i projetos de ensino, pesquisa e extens\u00e3o, proporcionando o reconhecimento ao interior do estado do Rio Grande do Sul.\u00a0 Em [&hellip;]<\/p>\n","protected":false},"author":252,"featured_media":0,"comment_status":"closed","ping_status":"closed","sticky":false,"template":"","format":"standard","meta":{"footnotes":""},"categories":[1],"tags":[],"class_list":["post-2996","post","type-post","status-publish","format-standard","hentry","category-sem-categoria"],"acf":[],"_links":{"self":[{"href":"https:\/\/www.ufsm.br\/pro-reitorias\/prograd\/caed\/wp-json\/wp\/v2\/posts\/2996","targetHints":{"allow":["GET"]}}],"collection":[{"href":"https:\/\/www.ufsm.br\/pro-reitorias\/prograd\/caed\/wp-json\/wp\/v2\/posts"}],"about":[{"href":"https:\/\/www.ufsm.br\/pro-reitorias\/prograd\/caed\/wp-json\/wp\/v2\/types\/post"}],"author":[{"embeddable":true,"href":"https:\/\/www.ufsm.br\/pro-reitorias\/prograd\/caed\/wp-json\/wp\/v2\/users\/252"}],"replies":[{"embeddable":true,"href":"https:\/\/www.ufsm.br\/pro-reitorias\/prograd\/caed\/wp-json\/wp\/v2\/comments?post=2996"}],"version-history":[{"count":0,"href":"https:\/\/www.ufsm.br\/pro-reitorias\/prograd\/caed\/wp-json\/wp\/v2\/posts\/2996\/revisions"}],"wp:attachment":[{"href":"https:\/\/www.ufsm.br\/pro-reitorias\/prograd\/caed\/wp-json\/wp\/v2\/media?parent=2996"}],"wp:term":[{"taxonomy":"category","embeddable":true,"href":"https:\/\/www.ufsm.br\/pro-reitorias\/prograd\/caed\/wp-json\/wp\/v2\/categories?post=2996"},{"taxonomy":"post_tag","embeddable":true,"href":"https:\/\/www.ufsm.br\/pro-reitorias\/prograd\/caed\/wp-json\/wp\/v2\/tags?post=2996"}],"curies":[{"name":"wp","href":"https:\/\/api.w.org\/{rel}","templated":true}]}}