{"id":3057,"date":"2020-06-05T15:27:02","date_gmt":"2020-06-05T18:27:02","guid":{"rendered":"https:\/\/www.ufsm.br\/orgaos-executivos\/caed\/?p=3057"},"modified":"2020-06-05T15:28:25","modified_gmt":"2020-06-05T18:28:25","slug":"cicloficinas-na-caed","status":"publish","type":"post","link":"https:\/\/www.ufsm.br\/pro-reitorias\/prograd\/caed\/2020\/06\/05\/cicloficinas-na-caed","title":{"rendered":"CICLOFICINAS NA CAEd"},"content":{"rendered":"\n<p>A Universidade Federal de Santa Maria(UFSM)\/Coordenadoria de A\u00e7\u00f5es Educacionais(CAEd)\/N\u00facleo de Apoio \u00e0 Aprendizagem divulga as Cicloficinas, relativas \u00e0 Matem\u00e1tica, Qu\u00edmica, F\u00edsica e Portugu\u00eas. D\u00favidas podem ser encaminhadas ao e-mail cicloficinascaed@gmail.com<\/p>\n<p><strong>Descri\u00e7\u00e3o da imagem:<\/strong> imagem na forma de um quadrado, com fundo na cor preta. Ao lado esquerdo, est\u00e3o as palavras Matem\u00e1tica, Qu\u00edmica, F\u00edsica &amp; Portugu\u00eas, em letras mai\u00fasculas, na cor branca, dispostas no sentido horizontal, uma abaixo da outra.\u00a0 O s\u00edmbolo &amp; e o ponto de interroga\u00e7\u00e3o est\u00e3o na cor amarela. Abaixo, h\u00e1 a inscri\u00e7\u00e3o &#8220;Envie sua d\u00favida para as cicloficinas&#8221;, na cor branca, em letras mai\u00fasculas, em tamanho menor do que as palavras anteriores. A seguir, em um ret\u00e2ngulo na cor amarela, consta o endere\u00e7o de e-mail &#8220;cicloficinascaed@gmail.com&#8221;, em letras mai\u00fasculas, na cor preta. Ao lado direito da imagem, em letras mai\u00fasculas, na cor branca, est\u00e1 a inscri\u00e7\u00e3o &#8220;UFSM-CAED-N\u00daCLEO DE APOIO \u00c0 APRENDIZAGEM&#8221;.<\/p>\n<p><img fetchpriority=\"high\" decoding=\"async\" class=\"alignnone size-medium wp-image-3059\" src=\"https:\/\/www.ufsm.br\/orgaos-executivos\/caed\/wp-content\/uploads\/sites\/391\/2020\/06\/Cicloficinas-300x251.jpg\" alt=\"\" width=\"300\" height=\"251\" srcset=\"https:\/\/www.ufsm.br\/app\/uploads\/sites\/391\/2020\/06\/Cicloficinas-300x251.jpg 300w, https:\/\/www.ufsm.br\/app\/uploads\/sites\/391\/2020\/06\/Cicloficinas-768x644.jpg 768w, https:\/\/www.ufsm.br\/app\/uploads\/sites\/391\/2020\/06\/Cicloficinas.jpg 940w\" sizes=\"(max-width: 300px) 100vw, 300px\" \/><\/p>\n","protected":false},"excerpt":{"rendered":"<p>A Universidade Federal de Santa Maria(UFSM)\/Coordenadoria de A\u00e7\u00f5es Educacionais(CAEd)\/N\u00facleo de Apoio \u00e0 Aprendizagem divulga as Cicloficinas, relativas \u00e0 Matem\u00e1tica, Qu\u00edmica, F\u00edsica e Portugu\u00eas. D\u00favidas podem ser encaminhadas ao e-mail cicloficinascaed@gmail.com Descri\u00e7\u00e3o da imagem: imagem na forma de um quadrado, com fundo na cor preta. Ao lado esquerdo, est\u00e3o as palavras Matem\u00e1tica, Qu\u00edmica, F\u00edsica &amp; Portugu\u00eas, [&hellip;]<\/p>\n","protected":false},"author":252,"featured_media":0,"comment_status":"closed","ping_status":"closed","sticky":false,"template":"","format":"standard","meta":{"footnotes":""},"categories":[1],"tags":[],"class_list":["post-3057","post","type-post","status-publish","format-standard","hentry","category-sem-categoria"],"acf":[],"_links":{"self":[{"href":"https:\/\/www.ufsm.br\/pro-reitorias\/prograd\/caed\/wp-json\/wp\/v2\/posts\/3057","targetHints":{"allow":["GET"]}}],"collection":[{"href":"https:\/\/www.ufsm.br\/pro-reitorias\/prograd\/caed\/wp-json\/wp\/v2\/posts"}],"about":[{"href":"https:\/\/www.ufsm.br\/pro-reitorias\/prograd\/caed\/wp-json\/wp\/v2\/types\/post"}],"author":[{"embeddable":true,"href":"https:\/\/www.ufsm.br\/pro-reitorias\/prograd\/caed\/wp-json\/wp\/v2\/users\/252"}],"replies":[{"embeddable":true,"href":"https:\/\/www.ufsm.br\/pro-reitorias\/prograd\/caed\/wp-json\/wp\/v2\/comments?post=3057"}],"version-history":[{"count":0,"href":"https:\/\/www.ufsm.br\/pro-reitorias\/prograd\/caed\/wp-json\/wp\/v2\/posts\/3057\/revisions"}],"wp:attachment":[{"href":"https:\/\/www.ufsm.br\/pro-reitorias\/prograd\/caed\/wp-json\/wp\/v2\/media?parent=3057"}],"wp:term":[{"taxonomy":"category","embeddable":true,"href":"https:\/\/www.ufsm.br\/pro-reitorias\/prograd\/caed\/wp-json\/wp\/v2\/categories?post=3057"},{"taxonomy":"post_tag","embeddable":true,"href":"https:\/\/www.ufsm.br\/pro-reitorias\/prograd\/caed\/wp-json\/wp\/v2\/tags?post=3057"}],"curies":[{"name":"wp","href":"https:\/\/api.w.org\/{rel}","templated":true}]}}