{"id":3069,"date":"2020-06-12T03:03:05","date_gmt":"2020-06-12T06:03:05","guid":{"rendered":"https:\/\/www.ufsm.br\/orgaos-executivos\/caed\/?p=3069"},"modified":"2020-06-17T15:35:15","modified_gmt":"2020-06-17T18:35:15","slug":"saude-bucal-em-tempos-de-pandemia-da-covid-19","status":"publish","type":"post","link":"https:\/\/www.ufsm.br\/pro-reitorias\/prograd\/caed\/2020\/06\/12\/saude-bucal-em-tempos-de-pandemia-da-covid-19","title":{"rendered":"SA\u00daDE BUCAL EM TEMPOS DE PANDEMIA DA COVID-19"},"content":{"rendered":"\n<p>A Universidade Federal de Santa Maria (UFSM)\/Coordenadoria de A\u00e7\u00f5es Educacionais(CAEd) divulga orienta\u00e7\u00f5es sobre os cuidados com a sa\u00fade bucal em tempos de pandemia.<\/p>\n<p>Descri\u00e7\u00e3o da imagem: imagem vertical, com fundo na cor cinza. No canto superior esquerdo, h\u00e1 a imagem de uma representa\u00e7\u00e3o estrutural do v\u00edrus da COVID-19, em forma de uma coroa maci\u00e7a. Ao fundo, de maneira desfocada, h\u00e1 mais representa\u00e7\u00f5es estruturais de v\u00edrus, todas na cor azul clara. \u00c0 direita, um pouco mais abaixo, em letras brancas, l\u00ea-se \u201cVOC\u00ca SABE A DIFEREN\u00c7A?\u201d. Abaixo, h\u00e1 tr\u00eas informa\u00e7\u00f5es, com os t\u00edtulos dentro de um ret\u00e2ngulo azul e as informa\u00e7\u00f5es a seguir: \u201cCoronav\u00edrus\u201d, \u201cFam\u00edlia de v\u00edrus que causa infec\u00e7\u00f5es respirat\u00f3rias\u201d; \u201cSARS-COV-2\u201d, \u201c\u201dCoronav\u00edrus da S\u00edndrome Respirat\u00f3ria Aguda Grave 2\u201d \u00e9 o nome pelo qual ficou conhecido o v\u00edrus causados da doen\u00e7a\u201d; \u201cCOVID-19\u201d, \u201c\u00c9 como \u00e9 chamada a doen\u00e7a causada pelo v\u00edrus\u201d. Do t\u00edtulo \u201cCOVID-19\u201d sai uma linha indicando para um c\u00edrculo branco com: CO = Corona; VI = V\u00edrus; D = Doen\u00e7a; 19 = Ano em que surgiu a doen\u00e7a. Na parte inferior da imagem, dentro de um ret\u00e2ngulo com as bordas superiores arredondadas, est\u00e3o, centralizados, os logos \u201cOdonto PRAE\u201d e \u201cUFSM Pr\u00f3-Reitoria de Assuntos Educacionais\u201d, um ao lado do outro.<\/p>\n<p><img fetchpriority=\"high\" decoding=\"async\" class=\"alignnone size-medium wp-image-3070\" src=\"https:\/\/www.ufsm.br\/orgaos-executivos\/caed\/wp-content\/uploads\/sites\/391\/2020\/06\/1-1-300x300.jpg\" alt=\"\" width=\"300\" height=\"300\" srcset=\"https:\/\/www.ufsm.br\/app\/uploads\/sites\/391\/2020\/06\/1-1-300x300.jpg 300w, https:\/\/www.ufsm.br\/app\/uploads\/sites\/391\/2020\/06\/1-1-1024x1024.jpg 1024w, https:\/\/www.ufsm.br\/app\/uploads\/sites\/391\/2020\/06\/1-1-150x150.jpg 150w, https:\/\/www.ufsm.br\/app\/uploads\/sites\/391\/2020\/06\/1-1-768x768.jpg 768w, https:\/\/www.ufsm.br\/app\/uploads\/sites\/391\/2020\/06\/1-1.jpg 1080w\" sizes=\"(max-width: 300px) 100vw, 300px\" \/><\/p>\n<p>Descri\u00e7\u00e3o da imagem: imagem vertical com fundo na cor cinza. No canto superior esquerdo, h\u00e1 a imagem de uma representa\u00e7\u00e3o estrutural do v\u00edrus da COVID-19, em forma de uma coroa maci\u00e7a. Ao fundo, de maneira desfocada, h\u00e1 mais representa\u00e7\u00f5es estruturais de v\u00edrus, todas na cor azul clara. \u00c1 direita, um pouco mais abaixo, em letras brancas, h\u00e1 a inscri\u00e7\u00e3o \u201cSA\u00daDE BUCAL EM TEMPOS DE CORONAV\u00cdRUS\u201d. Abaixo, na sequ\u00eancia, tamb\u00e9m em letras brancas, h\u00e1 a inscri\u00e7\u00e3o \u201cNossa boca funciona como porta de entrada para v\u00e1rios microrganismos, com \u00e9 o caso do novo coronav\u00edrus. Por isso, os cuidados com a higiene bucal di\u00e1ria devem ser refor\u00e7ados!\u201d. Abaixo, dentro de um ret\u00e2ngulo azul, em letras brancas, l\u00ea-se \u201cN\u00e3o deixe sua higiene bucal de quarentena!\u201d. Na parte inferior da imagem, dentro de um ret\u00e2ngulo com as bordas superiores arredondadas, est\u00e3o, centralizados, os logos \u201cOdonto PRAE\u201d e \u201cUFSM Pr\u00f3-Reitoria de Assuntos Educacionais\u201d, um ao lado do outro.<\/p>\n<p><img decoding=\"async\" class=\"alignnone size-medium wp-image-3071\" src=\"https:\/\/www.ufsm.br\/orgaos-executivos\/caed\/wp-content\/uploads\/sites\/391\/2020\/06\/2-1-300x300.jpg\" alt=\"\" width=\"300\" height=\"300\" srcset=\"https:\/\/www.ufsm.br\/app\/uploads\/sites\/391\/2020\/06\/2-1-300x300.jpg 300w, https:\/\/www.ufsm.br\/app\/uploads\/sites\/391\/2020\/06\/2-1-1024x1024.jpg 1024w, https:\/\/www.ufsm.br\/app\/uploads\/sites\/391\/2020\/06\/2-1-150x150.jpg 150w, https:\/\/www.ufsm.br\/app\/uploads\/sites\/391\/2020\/06\/2-1-768x768.jpg 768w, https:\/\/www.ufsm.br\/app\/uploads\/sites\/391\/2020\/06\/2-1.jpg 1080w\" sizes=\"(max-width: 300px) 100vw, 300px\" \/><\/p>\n<p>Descri\u00e7\u00e3o da imagem:<\/p>\n<p>imagem vertical com fundo na cor cinza. No canto superior direito, h\u00e1 a imagem de uma representa\u00e7\u00e3o estrutural do v\u00edrus da COVID-19, em forma de uma coroa maci\u00e7a. Ao fundo, de maneira desfocada, h\u00e1 mais representa\u00e7\u00f5es estruturais de v\u00edrus, todas na cor azul clara. \u00c1 esquerda, um pouco mais abaixo, em letras brancas, l\u00ea-se \u201cSA\u00daDE BUCAL EM TEMPOS DE CORONAV\u00cdRUS\u201d. Abaixo, tamb\u00e9m em letras brancas, l\u00ea-se \u201cA COVID-19 tem demonstrado desencadear inflama\u00e7\u00f5es m\u00faltiplas. Portanto, cuidar da sa\u00fade bucal diariamente \u00e9 muito importante para evitar complica\u00e7\u00f5es.\u201d. Abaixo, dentro de um ret\u00e2ngulo azul, em letras brancas, l\u00ea-se \u201cN\u00e3o deixe sua higiene bucal de quarentena!\u201d. Na parte inferior da imagem, dentro de um ret\u00e2ngulo com as bordas superiores arredondadas, est\u00e3o, centralizados, os logos \u201cOdonto PRAE\u201d e \u201cUFSM Pr\u00f3-Reitoria de Assuntos Educacionais\u201d, um ao lado do outro.<\/p>\n<p><img decoding=\"async\" class=\"alignnone size-medium wp-image-3072\" src=\"https:\/\/www.ufsm.br\/orgaos-executivos\/caed\/wp-content\/uploads\/sites\/391\/2020\/06\/3-1-300x300.jpg\" alt=\"\" width=\"300\" height=\"300\" srcset=\"https:\/\/www.ufsm.br\/app\/uploads\/sites\/391\/2020\/06\/3-1-300x300.jpg 300w, https:\/\/www.ufsm.br\/app\/uploads\/sites\/391\/2020\/06\/3-1-1024x1024.jpg 1024w, https:\/\/www.ufsm.br\/app\/uploads\/sites\/391\/2020\/06\/3-1-150x150.jpg 150w, https:\/\/www.ufsm.br\/app\/uploads\/sites\/391\/2020\/06\/3-1-768x768.jpg 768w, https:\/\/www.ufsm.br\/app\/uploads\/sites\/391\/2020\/06\/3-1.jpg 1080w\" sizes=\"(max-width: 300px) 100vw, 300px\" \/><\/p>\n<p>Descri\u00e7\u00e3o da imagem: imagem vertical. Na parte superior da imagem, h\u00e1 a inscri\u00e7\u00e3o \u201cDICAS DE SA\u00daDE BUCAL\u201d, repetida tr\u00eas vezes, uma abaixo da outra. Centralizada, \u00e0 esquerda, h\u00e1 uma fotografia de uma gengiva com tr\u00eas dentes, os quais cont\u00eam manchas brancas. \u00c1 direita da fotografia, l\u00ea-se \u201cA c\u00e1rie ainda \u00e9 a principal causa de perda dent\u00e1ria em adultos. Fique atento, em seu est\u00e1gio inicial, ela aparece como uma mancha branca no dente\u201d. Na parte inferior da imagem, dentro de um ret\u00e2ngulo, com as bordas superiores arredondadas, est\u00e3o, centralizados, os logos \u201cOdonto PRAE\u201d e \u201cUFSM Pr\u00f3-Reitoria de Assuntos Educacionais\u201d, um ao lado do outro.<\/p>\n<p><img loading=\"lazy\" decoding=\"async\" class=\"alignnone size-medium wp-image-3073\" src=\"https:\/\/www.ufsm.br\/orgaos-executivos\/caed\/wp-content\/uploads\/sites\/391\/2020\/06\/4-1-300x300.jpg\" alt=\"\" width=\"300\" height=\"300\" srcset=\"https:\/\/www.ufsm.br\/app\/uploads\/sites\/391\/2020\/06\/4-1-300x300.jpg 300w, https:\/\/www.ufsm.br\/app\/uploads\/sites\/391\/2020\/06\/4-1-1024x1024.jpg 1024w, https:\/\/www.ufsm.br\/app\/uploads\/sites\/391\/2020\/06\/4-1-150x150.jpg 150w, https:\/\/www.ufsm.br\/app\/uploads\/sites\/391\/2020\/06\/4-1-768x768.jpg 768w, https:\/\/www.ufsm.br\/app\/uploads\/sites\/391\/2020\/06\/4-1.jpg 1080w\" sizes=\"(max-width: 300px) 100vw, 300px\" \/><\/p>\n<p>Descri\u00e7\u00e3o da imagem: imagem vertical. Na parte superior da imagem, h\u00e1 a inscri\u00e7\u00e3o \u201cDICAS DE SA\u00daDE BUCAL\u201d, repetida tr\u00eas vezes, uma abaixo da outra. Centralizada, h\u00e1 a inscri\u00e7\u00e3o \u201cA placa bacteriana ou biofilme \u00e9 uma pel\u00edcula pegajosa formada por bact\u00e9rias sobre as superf\u00edcies dos dentes. Quando n\u00e3o removida adequadamente pode causar c\u00e1rie e doen\u00e7as de gengiva.\u201d. Abaixo, h\u00e1 a imagem lateral de uma gengiva, com os dentes molares. A parte dos dentes pr\u00f3xima \u00e0 gengiva possui tom amarelado, com uma indica\u00e7\u00e3o para a imagem que representa bact\u00e9rias. Na parte inferior da imagem, dentro de um ret\u00e2ngulo com as bordas superiores arredondadas, est\u00e3o, centralizados, os logos \u201cOdonto PRAE\u201d e \u201cUFSM Pr\u00f3-Reitoria de Assuntos Educacionais\u201d, um ao lado do outro.<\/p>\n<p><img loading=\"lazy\" decoding=\"async\" class=\"alignnone size-medium wp-image-3074\" src=\"https:\/\/www.ufsm.br\/orgaos-executivos\/caed\/wp-content\/uploads\/sites\/391\/2020\/06\/5-1-300x300.jpg\" alt=\"\" width=\"300\" height=\"300\" srcset=\"https:\/\/www.ufsm.br\/app\/uploads\/sites\/391\/2020\/06\/5-1-300x300.jpg 300w, https:\/\/www.ufsm.br\/app\/uploads\/sites\/391\/2020\/06\/5-1-1024x1024.jpg 1024w, https:\/\/www.ufsm.br\/app\/uploads\/sites\/391\/2020\/06\/5-1-150x150.jpg 150w, https:\/\/www.ufsm.br\/app\/uploads\/sites\/391\/2020\/06\/5-1-768x768.jpg 768w, https:\/\/www.ufsm.br\/app\/uploads\/sites\/391\/2020\/06\/5-1.jpg 1080w\" sizes=\"(max-width: 300px) 100vw, 300px\" \/><\/p>\n<p>Descri\u00e7\u00e3o da imagem: imagem vertical. Na parte superior da imagem, h\u00e1 a inscri\u00e7\u00e3o \u201cDICAS DE SA\u00daDE BUCAL\u201d, repetida tr\u00eas vezes, uma abaixo da outra. Centralizada, l\u00ea-se a inscri\u00e7\u00e3o \u201cVOC\u00ca SABIA?\u201d. \u00c0 direita, h\u00e1 a imagem de um dente com uma mancha escura na parte superior e um espelho bucal. Abaixo, l\u00ea-se \u201cAs bact\u00e9rias da placa bacteriana, na presen\u00e7a de alimentos a\u00e7ucarados, produzem \u00e1cidos que atacam\/desmineralizam o esmalte dos dentes, formando as les\u00f5es de c\u00e1rie.\u201d. Na parte inferior da imagem, dentro de um ret\u00e2ngulo com as bordas superiores arredondadas, est\u00e3o, centralizados, os logos \u201cOdonto PRAE\u201d e \u201cUFSM Pr\u00f3-Reitoria de Assuntos Educacionais\u201d, um ao lado do outro.<\/p>\n<p><img loading=\"lazy\" decoding=\"async\" class=\"alignnone size-medium wp-image-3075\" src=\"https:\/\/www.ufsm.br\/orgaos-executivos\/caed\/wp-content\/uploads\/sites\/391\/2020\/06\/6-1-300x300.jpg\" alt=\"\" width=\"300\" height=\"300\" srcset=\"https:\/\/www.ufsm.br\/app\/uploads\/sites\/391\/2020\/06\/6-1-300x300.jpg 300w, https:\/\/www.ufsm.br\/app\/uploads\/sites\/391\/2020\/06\/6-1-1024x1024.jpg 1024w, https:\/\/www.ufsm.br\/app\/uploads\/sites\/391\/2020\/06\/6-1-150x150.jpg 150w, https:\/\/www.ufsm.br\/app\/uploads\/sites\/391\/2020\/06\/6-1-768x768.jpg 768w, https:\/\/www.ufsm.br\/app\/uploads\/sites\/391\/2020\/06\/6-1.jpg 1080w\" sizes=\"(max-width: 300px) 100vw, 300px\" \/><\/p>\n<p>Descri\u00e7\u00e3o da imagem: imagem vertical. Na parte superior da imagem, h\u00e1 a inscri\u00e7\u00e3o \u201cDICAS DE SA\u00daDE BUCAL\u201d, repetida tr\u00eas vezes, uma abaixo da outra. \u00c0 esquerda, h\u00e1 a inscri\u00e7\u00e3o \u201cGENGIVA SAUD\u00c1VEL N\u00c3O SANGRA!\u201d. \u00c0 direita, h\u00e1 uma montagem composta de tr\u00eas imagens, sendo que no topo da montagem l\u00ea-se \u201cUso correto do fio dental:\u201d. A primeira imagem comp\u00f5e-se de duas m\u00e3os segurando um fio dental, seguida da inscri\u00e7\u00e3o \u201cUse aproximadamente 40 cent\u00edmetros de fio, deixando um peda\u00e7o livre entre os dedos\u201d. Na segunda imagem, duas m\u00e3os seguram um fio dental entre os dentes, seguindo-se com a inscri\u00e7\u00e3o: \u201cSiga, com cuidado, as curvas dos dentes\u201d. Na terceira imagem, h\u00e1 um dedo indicador dentro da boca, pressionando o fio entre os dentes e perto da gengiva, seguindo-se com a inscri\u00e7\u00e3o: \u201cAssegure-se de limpar al\u00e9m da linha da gengiva, mas n\u00e3o force demasiado o fio contra a gengiva\u201d. Abaixo da montagem, l\u00ea-se \u201cA presen\u00e7a de sangue na boca quando voc\u00ea escova os dentes n\u00e3o \u00e9 normal e pode ser um dos primeiros sinais de doen\u00e7a na gengiva. Voc\u00ea pode evitar esse problema tendo uma rotina de cuidados bucais adequada que inclua o uso di\u00e1rio do fio dental\u201d. Na parte inferior da imagem, dentro de um ret\u00e2ngulo com as bordas superiores arredondadas, est\u00e3o, centralizados, os logos \u201cOdonto PRAE\u201d e \u201cUFSM Pr\u00f3-Reitoria de Assuntos Educacionais\u201d, um ao lado do outro.<\/p>\n<p><img loading=\"lazy\" decoding=\"async\" class=\"alignnone size-medium wp-image-3076\" src=\"https:\/\/www.ufsm.br\/orgaos-executivos\/caed\/wp-content\/uploads\/sites\/391\/2020\/06\/7-1-300x300.jpg\" alt=\"\" width=\"300\" height=\"300\" srcset=\"https:\/\/www.ufsm.br\/app\/uploads\/sites\/391\/2020\/06\/7-1-300x300.jpg 300w, https:\/\/www.ufsm.br\/app\/uploads\/sites\/391\/2020\/06\/7-1-1024x1024.jpg 1024w, https:\/\/www.ufsm.br\/app\/uploads\/sites\/391\/2020\/06\/7-1-150x150.jpg 150w, https:\/\/www.ufsm.br\/app\/uploads\/sites\/391\/2020\/06\/7-1-768x768.jpg 768w, https:\/\/www.ufsm.br\/app\/uploads\/sites\/391\/2020\/06\/7-1.jpg 1080w\" sizes=\"(max-width: 300px) 100vw, 300px\" \/><\/p>\n<p>Descri\u00e7\u00e3o da imagem: imagem vertical. Na parte superior da imagem, h\u00e1 a inscri\u00e7\u00e3o \u201cDICAS DE SA\u00daDE BUCAL\u201d, repetidas tr\u00eas vezes, uma abaixo da outra. Centralizada \u00e0 esquerda, h\u00e1 a fotografia de uma boca, os dentes superiores pr\u00f3ximos a gengiva com um pouco de sangue. \u00c0 direita da fotografia, h\u00e1 a inscri\u00e7\u00e3o \u201cSe sua gengiva sangra, provavelmente ela est\u00e1 inflamada. Melhore a t\u00e9cnica de escova\u00e7\u00e3o e o uso de fio dental.\u201d. Na parte inferior da imagem, dentro de um ret\u00e2ngulo com as bordas superiores arredondadas, est\u00e3o, centralizados, os logos \u201cOdonto PRAE\u201d e \u201cUFSM Pr\u00f3-Reitoria de Assuntos Educacionais\u201d, um ao lado do outro.<\/p>\n<p><img loading=\"lazy\" decoding=\"async\" class=\"alignnone size-medium wp-image-3077\" src=\"https:\/\/www.ufsm.br\/orgaos-executivos\/caed\/wp-content\/uploads\/sites\/391\/2020\/06\/8-300x300.jpg\" alt=\"\" width=\"300\" height=\"300\" srcset=\"https:\/\/www.ufsm.br\/app\/uploads\/sites\/391\/2020\/06\/8-300x300.jpg 300w, https:\/\/www.ufsm.br\/app\/uploads\/sites\/391\/2020\/06\/8-1024x1024.jpg 1024w, https:\/\/www.ufsm.br\/app\/uploads\/sites\/391\/2020\/06\/8-150x150.jpg 150w, https:\/\/www.ufsm.br\/app\/uploads\/sites\/391\/2020\/06\/8-768x768.jpg 768w, https:\/\/www.ufsm.br\/app\/uploads\/sites\/391\/2020\/06\/8.jpg 1080w\" sizes=\"(max-width: 300px) 100vw, 300px\" \/><\/p>\n<p>Descri\u00e7\u00e3o da imagem: imagem vertical. Na parte superior da imagem, h\u00e1 a inscri\u00e7\u00e3o \u201cDICAS DE SA\u00daDE BUCAL\u201d, repetida tr\u00eas vezes, uma abaixo da outra. Centralizada, \u00e0 esquerda, h\u00e1 a fotografia de uma boca com a l\u00edngua projetada para fora, com a parte inferior da l\u00edngua contendo saburra. \u00c0 direita da fotografia, h\u00e1 a inscri\u00e7\u00e3o \u201cVOC\u00ca SABE QUAL \u00c9 A MAIOR VIL\u00c3 DO MAU H\u00c1LITO? A saburra lingual \u00e9 uma massa composta por c\u00e9lulas descamadas da boca, bact\u00e9rias, muco da saliva e restos alimentares que ficam aderidos \u00e0 l\u00edngua. Para se livrar dela, escova sua l\u00edngua diariamente, iniciando a a\u00e7\u00e3o da limpeza da parte mais posterior da l\u00edngua para a ponta da l\u00edngua.\u201d. Na parte inferior da imagem, dentro de um ret\u00e2ngulo com as bordas superiores arredondadas, h\u00e1 o logo \u201cOdonto PRAE\u201d e o logo \u201cUFSM Pr\u00f3-Reitoria de Assuntos Educacionais\u201d.<\/p>\n<p><img loading=\"lazy\" decoding=\"async\" class=\"alignnone size-medium wp-image-3078\" src=\"https:\/\/www.ufsm.br\/orgaos-executivos\/caed\/wp-content\/uploads\/sites\/391\/2020\/06\/9-300x300.jpg\" alt=\"\" width=\"300\" height=\"300\" srcset=\"https:\/\/www.ufsm.br\/app\/uploads\/sites\/391\/2020\/06\/9-300x300.jpg 300w, https:\/\/www.ufsm.br\/app\/uploads\/sites\/391\/2020\/06\/9-1024x1024.jpg 1024w, https:\/\/www.ufsm.br\/app\/uploads\/sites\/391\/2020\/06\/9-150x150.jpg 150w, https:\/\/www.ufsm.br\/app\/uploads\/sites\/391\/2020\/06\/9-768x768.jpg 768w, https:\/\/www.ufsm.br\/app\/uploads\/sites\/391\/2020\/06\/9.jpg 1080w\" sizes=\"(max-width: 300px) 100vw, 300px\" \/><\/p>\n<p>Descri\u00e7\u00e3o da imagem: imagem vertical. Na parte superior da imagem, h\u00e1 a inscri\u00e7\u00e3o \u201cDICAS DE SA\u00daDE BUCAL\u201d, repetida tr\u00eas vezes, uma abaixo da outra. Centralizada \u00e0 esquerda, h\u00e1 a fotografia de uma m\u00e3o segurando um fio dental entre os dentes frontais. \u00c0 direita da fotografia, l\u00ea-se \u201cO uso di\u00e1rio de fio dental \u00e9 t\u00e3o importante quanto a escova\u00e7\u00e3o. N\u00e3o serve apenas para remo\u00e7\u00e3o de restos de alimentos, mas principalmente para remover a placa bacteriana.\u201d. Na parte inferior da imagem, dentro de um ret\u00e2ngulo com as bordas superiores arredondadas, est\u00e3o, centralizados, os logos \u201cOdonto PRAE\u201d e \u201cUFSM Pr\u00f3-Reitoria de Assuntos Educacionais\u201d, um ao lado do outro.<\/p>\n<p><img loading=\"lazy\" decoding=\"async\" class=\"alignnone size-medium wp-image-3079\" src=\"https:\/\/www.ufsm.br\/orgaos-executivos\/caed\/wp-content\/uploads\/sites\/391\/2020\/06\/10-300x300.jpg\" alt=\"\" width=\"300\" height=\"300\" srcset=\"https:\/\/www.ufsm.br\/app\/uploads\/sites\/391\/2020\/06\/10-300x300.jpg 300w, https:\/\/www.ufsm.br\/app\/uploads\/sites\/391\/2020\/06\/10-1024x1024.jpg 1024w, https:\/\/www.ufsm.br\/app\/uploads\/sites\/391\/2020\/06\/10-150x150.jpg 150w, https:\/\/www.ufsm.br\/app\/uploads\/sites\/391\/2020\/06\/10-768x768.jpg 768w, https:\/\/www.ufsm.br\/app\/uploads\/sites\/391\/2020\/06\/10.jpg 1080w\" sizes=\"(max-width: 300px) 100vw, 300px\" \/><\/p>\n<p>Descri\u00e7\u00e3o da imagem: montagem de tr\u00eas imagens. Acima das imagens, l\u00ea-se \u201cUso correto do fio dental:\u201d. A primeira imagem consta de duas m\u00e3os segurando um fio dental. Abaixo, l\u00ea-se \u201cUse aproximadamente 40 cent\u00edmetros de fio, deixando um peda\u00e7o livre entre os dedos\u201d. Na segunda imagem, duas m\u00e3os seguram um fio dental entre os dentes. Abaixo, l\u00ea-se \u201cSiga, com cuidado, as curvas dos dentes\u201d. Na terceira imagem, h\u00e1 um dedo indicador dentro da boca, pressionando o fio entre os dentes e perto da gengiva. Abaixo, l\u00ea-se \u201cAssegure-se de limpar al\u00e9m da linha da gengiva, mas n\u00e3o force demasiado o fio contra a gengiva\u201d.<\/p>\n<p><img loading=\"lazy\" decoding=\"async\" class=\"alignnone size-medium wp-image-3080\" src=\"https:\/\/www.ufsm.br\/orgaos-executivos\/caed\/wp-content\/uploads\/sites\/391\/2020\/06\/11-300x184.jpg\" alt=\"\" width=\"300\" height=\"184\" srcset=\"https:\/\/www.ufsm.br\/app\/uploads\/sites\/391\/2020\/06\/11-300x184.jpg 300w, https:\/\/www.ufsm.br\/app\/uploads\/sites\/391\/2020\/06\/11.jpg 750w\" sizes=\"(max-width: 300px) 100vw, 300px\" \/><\/p>\n<p><span style=\"color: #000000\">Descri\u00e7\u00e3o da imagem: <\/span>imagem horizontal. No centro, h\u00e1 um dente com uma mancha amarelada na parte lateral e uma mancha escura na parte superior. Atr\u00e1s e junto ao dente, h\u00e1 um espelho bucal refletindo o dente com a mancha. Imagem com fundo de cor rosada. \u00a0<\/p>\n<p><img loading=\"lazy\" decoding=\"async\" class=\"alignnone size-medium wp-image-3081\" src=\"https:\/\/www.ufsm.br\/orgaos-executivos\/caed\/wp-content\/uploads\/sites\/391\/2020\/06\/12-300x200.jpg\" alt=\"\" width=\"300\" height=\"200\" srcset=\"https:\/\/www.ufsm.br\/app\/uploads\/sites\/391\/2020\/06\/12-300x200.jpg 300w, https:\/\/www.ufsm.br\/app\/uploads\/sites\/391\/2020\/06\/12-272x182.jpg 272w, https:\/\/www.ufsm.br\/app\/uploads\/sites\/391\/2020\/06\/12.jpg 680w\" sizes=\"(max-width: 300px) 100vw, 300px\" \/><\/p>\n<p>Descri\u00e7\u00e3o da imagem: <span style=\"font-family: 'Arial',sans-serif;color: #1c1c1c\">imagem quadrada com o logo \u201cOdonto PRAE\u201d. No centro da imagem, h\u00e1 um dente na cor alaranjada. Abaixo do dente, h\u00e1 uma m\u00e3o, na cor verde, estendida. Em volta, h\u00e1 tr\u00eas pares de figuras azuis. Abaixo, l\u00ea-se \u201cOdonto PRAE\u201d.<\/span><\/p>\n<p><img loading=\"lazy\" decoding=\"async\" class=\"alignnone size-full wp-image-3082\" src=\"https:\/\/www.ufsm.br\/orgaos-executivos\/caed\/wp-content\/uploads\/sites\/391\/2020\/06\/13.jpg\" alt=\"\" width=\"170\" height=\"170\" srcset=\"https:\/\/www.ufsm.br\/app\/uploads\/sites\/391\/2020\/06\/13.jpg 170w, https:\/\/www.ufsm.br\/app\/uploads\/sites\/391\/2020\/06\/13-150x150.jpg 150w\" sizes=\"(max-width: 170px) 100vw, 170px\" \/><\/p>\n<p>\u00a0<\/p>\n","protected":false},"excerpt":{"rendered":"<p>A Universidade Federal de Santa Maria (UFSM)\/Coordenadoria de A\u00e7\u00f5es Educacionais(CAEd) divulga orienta\u00e7\u00f5es sobre os cuidados com a sa\u00fade bucal em tempos de pandemia. Descri\u00e7\u00e3o da imagem: imagem vertical, com fundo na cor cinza. No canto superior esquerdo, h\u00e1 a imagem de uma representa\u00e7\u00e3o estrutural do v\u00edrus da COVID-19, em forma de uma coroa maci\u00e7a. Ao [&hellip;]<\/p>\n","protected":false},"author":252,"featured_media":0,"comment_status":"closed","ping_status":"closed","sticky":false,"template":"","format":"standard","meta":{"footnotes":""},"categories":[1],"tags":[],"class_list":["post-3069","post","type-post","status-publish","format-standard","hentry","category-sem-categoria"],"acf":[],"_links":{"self":[{"href":"https:\/\/www.ufsm.br\/pro-reitorias\/prograd\/caed\/wp-json\/wp\/v2\/posts\/3069","targetHints":{"allow":["GET"]}}],"collection":[{"href":"https:\/\/www.ufsm.br\/pro-reitorias\/prograd\/caed\/wp-json\/wp\/v2\/posts"}],"about":[{"href":"https:\/\/www.ufsm.br\/pro-reitorias\/prograd\/caed\/wp-json\/wp\/v2\/types\/post"}],"author":[{"embeddable":true,"href":"https:\/\/www.ufsm.br\/pro-reitorias\/prograd\/caed\/wp-json\/wp\/v2\/users\/252"}],"replies":[{"embeddable":true,"href":"https:\/\/www.ufsm.br\/pro-reitorias\/prograd\/caed\/wp-json\/wp\/v2\/comments?post=3069"}],"version-history":[{"count":0,"href":"https:\/\/www.ufsm.br\/pro-reitorias\/prograd\/caed\/wp-json\/wp\/v2\/posts\/3069\/revisions"}],"wp:attachment":[{"href":"https:\/\/www.ufsm.br\/pro-reitorias\/prograd\/caed\/wp-json\/wp\/v2\/media?parent=3069"}],"wp:term":[{"taxonomy":"category","embeddable":true,"href":"https:\/\/www.ufsm.br\/pro-reitorias\/prograd\/caed\/wp-json\/wp\/v2\/categories?post=3069"},{"taxonomy":"post_tag","embeddable":true,"href":"https:\/\/www.ufsm.br\/pro-reitorias\/prograd\/caed\/wp-json\/wp\/v2\/tags?post=3069"}],"curies":[{"name":"wp","href":"https:\/\/api.w.org\/{rel}","templated":true}]}}