{"id":3094,"date":"2020-06-15T20:04:28","date_gmt":"2020-06-15T23:04:28","guid":{"rendered":"https:\/\/www.ufsm.br\/orgaos-executivos\/caed\/?p=3094"},"modified":"2020-06-15T20:05:23","modified_gmt":"2020-06-15T23:05:23","slug":"ufsm-realiza-live-no-dia-16-de-junho-de-2020","status":"publish","type":"post","link":"https:\/\/www.ufsm.br\/pro-reitorias\/prograd\/caed\/2020\/06\/15\/ufsm-realiza-live-no-dia-16-de-junho-de-2020","title":{"rendered":"Regime de Exerc\u00edcios Domiciliares Especiais (REDE) &#8211; UFSM realiza live no dia 16 de junho de 2020"},"content":{"rendered":"\n<p>A Universidade Federal de Santa Maria\/Coordenadoria de A\u00e7\u00f5es Educacionais divulga live a ser realizada no dia 16 de junho de 2020, \u00e0s 10h00min, com o objetivo de tirar d\u00favidas sobre o Regime de Exerc\u00edcios Domiciliares Especiais (REDE).<\/p>\n<p>Maiores informa\u00e7\u00f5es no link a seguir: <a href=\"https:\/\/www.ufsm.br\/2020\/06\/13\/ufsm-realiza-live-no-dia-16\/\">https:\/\/www.ufsm.br\/2020\/06\/13\/ufsm-realiza-live-no-dia-16\/<\/a><\/p>\n","protected":false},"excerpt":{"rendered":"<p>A Universidade Federal de Santa Maria\/Coordenadoria de A\u00e7\u00f5es Educacionais divulga live a ser realizada no dia 16 de junho de 2020, \u00e0s 10h00min, com o objetivo de tirar d\u00favidas sobre o Regime de Exerc\u00edcios Domiciliares Especiais (REDE). Maiores informa\u00e7\u00f5es no link a seguir: https:\/\/www.ufsm.br\/2020\/06\/13\/ufsm-realiza-live-no-dia-16\/<\/p>\n","protected":false},"author":252,"featured_media":0,"comment_status":"closed","ping_status":"closed","sticky":false,"template":"","format":"standard","meta":{"footnotes":""},"categories":[1],"tags":[],"class_list":["post-3094","post","type-post","status-publish","format-standard","hentry","category-sem-categoria"],"acf":[],"_links":{"self":[{"href":"https:\/\/www.ufsm.br\/pro-reitorias\/prograd\/caed\/wp-json\/wp\/v2\/posts\/3094","targetHints":{"allow":["GET"]}}],"collection":[{"href":"https:\/\/www.ufsm.br\/pro-reitorias\/prograd\/caed\/wp-json\/wp\/v2\/posts"}],"about":[{"href":"https:\/\/www.ufsm.br\/pro-reitorias\/prograd\/caed\/wp-json\/wp\/v2\/types\/post"}],"author":[{"embeddable":true,"href":"https:\/\/www.ufsm.br\/pro-reitorias\/prograd\/caed\/wp-json\/wp\/v2\/users\/252"}],"replies":[{"embeddable":true,"href":"https:\/\/www.ufsm.br\/pro-reitorias\/prograd\/caed\/wp-json\/wp\/v2\/comments?post=3094"}],"version-history":[{"count":0,"href":"https:\/\/www.ufsm.br\/pro-reitorias\/prograd\/caed\/wp-json\/wp\/v2\/posts\/3094\/revisions"}],"wp:attachment":[{"href":"https:\/\/www.ufsm.br\/pro-reitorias\/prograd\/caed\/wp-json\/wp\/v2\/media?parent=3094"}],"wp:term":[{"taxonomy":"category","embeddable":true,"href":"https:\/\/www.ufsm.br\/pro-reitorias\/prograd\/caed\/wp-json\/wp\/v2\/categories?post=3094"},{"taxonomy":"post_tag","embeddable":true,"href":"https:\/\/www.ufsm.br\/pro-reitorias\/prograd\/caed\/wp-json\/wp\/v2\/tags?post=3094"}],"curies":[{"name":"wp","href":"https:\/\/api.w.org\/{rel}","templated":true}]}}