{"id":3095,"date":"2020-06-15T20:13:10","date_gmt":"2020-06-15T23:13:10","guid":{"rendered":"https:\/\/www.ufsm.br\/orgaos-executivos\/caed\/?p=3095"},"modified":"2020-06-15T20:13:10","modified_gmt":"2020-06-15T23:13:10","slug":"revista-arco-meio-de-divulgacao-do-jornalismo-cientifico-e-cultural-da-ufsm","status":"publish","type":"post","link":"https:\/\/www.ufsm.br\/pro-reitorias\/prograd\/caed\/2020\/06\/15\/revista-arco-meio-de-divulgacao-do-jornalismo-cientifico-e-cultural-da-ufsm","title":{"rendered":"Revista Arco &#8211; meio de divulga\u00e7\u00e3o do jornalismo cient\u00edfico e cultural da UFSM"},"content":{"rendered":"\n<p>A Universidade Federal de Santa Maria (UFSM)\/Coordenadoria de A\u00e7\u00f5es Educacionais (CAEd) divulga a Revista Arco, a revista de jornalismo cient\u00edfico e cultural da UFSM.\u00a0<\/p>\n<div><b>Abaixo, seguem os canais de comunica\u00e7\u00e3o nos quais \u00e9 poss\u00edvel acessar as publica\u00e7\u00f5es<\/b>:<\/div>\n<div>\u00a0<\/div>\n<div>Site:\u00a0<a href=\"https:\/\/www.ufsm.br\/midias\/arco\/\" target=\"_blank\" rel=\"noopener noreferrer\" data-saferedirecturl=\"https:\/\/www.google.com\/url?q=https:\/\/www.ufsm.br\/midias\/arco\/&amp;source=gmail&amp;ust=1592344394930000&amp;usg=AFQjCNF9YWrnNtFRQbziSiNEZ98MIlmPsA\">https:\/\/www.ufsm.br\/midias\/arco\/<\/a><\/div>\n<div>Facebook:\u00a0<a href=\"https:\/\/www.facebook.com\/RevistaArco\/\" target=\"_blank\" rel=\"noopener noreferrer\" data-saferedirecturl=\"https:\/\/www.google.com\/url?q=https:\/\/www.facebook.com\/RevistaArco\/&amp;source=gmail&amp;ust=1592344394930000&amp;usg=AFQjCNGWs5VyGYWlTGzkLsw0SomdXchJgw\">https:\/\/www.facebook.com\/RevistaArco\/<\/a><\/div>\n<div>Instagram:\u00a0<a href=\"https:\/\/www.instagram.com\/revistaarco\/\" target=\"_blank\" rel=\"noopener noreferrer\" data-saferedirecturl=\"https:\/\/www.google.com\/url?q=https:\/\/www.instagram.com\/revistaarco\/&amp;source=gmail&amp;ust=1592344394930000&amp;usg=AFQjCNGX4zkPt_o_GEWsPunq32P9l0alpw\">https:\/\/www.instagram.com\/revistaarco\/<\/a><\/div>\n","protected":false},"excerpt":{"rendered":"<p>A Universidade Federal de Santa Maria (UFSM)\/Coordenadoria de A\u00e7\u00f5es Educacionais (CAEd) divulga a Revista Arco, a revista de jornalismo cient\u00edfico e cultural da UFSM.\u00a0 Abaixo, seguem os canais de comunica\u00e7\u00e3o nos quais \u00e9 poss\u00edvel acessar as publica\u00e7\u00f5es: \u00a0 Site:\u00a0https:\/\/www.ufsm.br\/midias\/arco\/ Facebook:\u00a0https:\/\/www.facebook.com\/RevistaArco\/ Instagram:\u00a0https:\/\/www.instagram.com\/revistaarco\/<\/p>\n","protected":false},"author":252,"featured_media":0,"comment_status":"closed","ping_status":"closed","sticky":false,"template":"","format":"standard","meta":{"footnotes":""},"categories":[1],"tags":[],"class_list":["post-3095","post","type-post","status-publish","format-standard","hentry","category-sem-categoria"],"acf":[],"_links":{"self":[{"href":"https:\/\/www.ufsm.br\/pro-reitorias\/prograd\/caed\/wp-json\/wp\/v2\/posts\/3095","targetHints":{"allow":["GET"]}}],"collection":[{"href":"https:\/\/www.ufsm.br\/pro-reitorias\/prograd\/caed\/wp-json\/wp\/v2\/posts"}],"about":[{"href":"https:\/\/www.ufsm.br\/pro-reitorias\/prograd\/caed\/wp-json\/wp\/v2\/types\/post"}],"author":[{"embeddable":true,"href":"https:\/\/www.ufsm.br\/pro-reitorias\/prograd\/caed\/wp-json\/wp\/v2\/users\/252"}],"replies":[{"embeddable":true,"href":"https:\/\/www.ufsm.br\/pro-reitorias\/prograd\/caed\/wp-json\/wp\/v2\/comments?post=3095"}],"version-history":[{"count":0,"href":"https:\/\/www.ufsm.br\/pro-reitorias\/prograd\/caed\/wp-json\/wp\/v2\/posts\/3095\/revisions"}],"wp:attachment":[{"href":"https:\/\/www.ufsm.br\/pro-reitorias\/prograd\/caed\/wp-json\/wp\/v2\/media?parent=3095"}],"wp:term":[{"taxonomy":"category","embeddable":true,"href":"https:\/\/www.ufsm.br\/pro-reitorias\/prograd\/caed\/wp-json\/wp\/v2\/categories?post=3095"},{"taxonomy":"post_tag","embeddable":true,"href":"https:\/\/www.ufsm.br\/pro-reitorias\/prograd\/caed\/wp-json\/wp\/v2\/tags?post=3095"}],"curies":[{"name":"wp","href":"https:\/\/api.w.org\/{rel}","templated":true}]}}