{"id":3100,"date":"2020-06-16T15:17:03","date_gmt":"2020-06-16T18:17:03","guid":{"rendered":"https:\/\/www.ufsm.br\/orgaos-executivos\/caed\/?p=3100"},"modified":"2020-06-22T18:01:03","modified_gmt":"2020-06-22T21:01:03","slug":"percepcao-do-discente-sobre-o-redes-avaliacao-do-regime-de-exercicios-domiciliares","status":"publish","type":"post","link":"https:\/\/www.ufsm.br\/pro-reitorias\/prograd\/caed\/2020\/06\/16\/percepcao-do-discente-sobre-o-redes-avaliacao-do-regime-de-exercicios-domiciliares","title":{"rendered":"Percep\u00e7\u00e3o do discente sobre o REDE &#8211;  avalia\u00e7\u00e3o do regime de exerc\u00edcios domiciliares"},"content":{"rendered":"\n<p>A Universidade Federal de Santa Maria (UFSM)\/Coordenadoria de A\u00e7\u00f5es Educacionais (CAEd) divulga question\u00e1rio de avalia\u00e7\u00e3o sobre o Regime de Exerc\u00edcios Domiciliares (REDE) no per\u00edodo da suspens\u00e3o de atividades presenciais, em raz\u00e3o da pandemia do COVID-19.<\/p>\n<p>Maiores informa\u00e7\u00f5es podem ser acessadas no link a seguir: <a href=\"https:\/\/www.ufsm.br\/2020\/06\/16\/queremos-saber-sua-percepcao-sobre-o-rede\">https:\/\/www.ufsm.br\/2020\/06\/16\/queremos-saber-sua-percepcao-sobre-o-rede<\/a><\/p>\n","protected":false},"excerpt":{"rendered":"<p>A Universidade Federal de Santa Maria (UFSM)\/Coordenadoria de A\u00e7\u00f5es Educacionais (CAEd) divulga question\u00e1rio de avalia\u00e7\u00e3o sobre o Regime de Exerc\u00edcios Domiciliares (REDE) no per\u00edodo da suspens\u00e3o de atividades presenciais, em raz\u00e3o da pandemia do COVID-19. Maiores informa\u00e7\u00f5es podem ser acessadas no link a seguir: https:\/\/www.ufsm.br\/2020\/06\/16\/queremos-saber-sua-percepcao-sobre-o-rede<\/p>\n","protected":false},"author":252,"featured_media":0,"comment_status":"closed","ping_status":"closed","sticky":false,"template":"","format":"standard","meta":{"footnotes":""},"categories":[1],"tags":[],"class_list":["post-3100","post","type-post","status-publish","format-standard","hentry","category-sem-categoria"],"acf":[],"_links":{"self":[{"href":"https:\/\/www.ufsm.br\/pro-reitorias\/prograd\/caed\/wp-json\/wp\/v2\/posts\/3100","targetHints":{"allow":["GET"]}}],"collection":[{"href":"https:\/\/www.ufsm.br\/pro-reitorias\/prograd\/caed\/wp-json\/wp\/v2\/posts"}],"about":[{"href":"https:\/\/www.ufsm.br\/pro-reitorias\/prograd\/caed\/wp-json\/wp\/v2\/types\/post"}],"author":[{"embeddable":true,"href":"https:\/\/www.ufsm.br\/pro-reitorias\/prograd\/caed\/wp-json\/wp\/v2\/users\/252"}],"replies":[{"embeddable":true,"href":"https:\/\/www.ufsm.br\/pro-reitorias\/prograd\/caed\/wp-json\/wp\/v2\/comments?post=3100"}],"version-history":[{"count":0,"href":"https:\/\/www.ufsm.br\/pro-reitorias\/prograd\/caed\/wp-json\/wp\/v2\/posts\/3100\/revisions"}],"wp:attachment":[{"href":"https:\/\/www.ufsm.br\/pro-reitorias\/prograd\/caed\/wp-json\/wp\/v2\/media?parent=3100"}],"wp:term":[{"taxonomy":"category","embeddable":true,"href":"https:\/\/www.ufsm.br\/pro-reitorias\/prograd\/caed\/wp-json\/wp\/v2\/categories?post=3100"},{"taxonomy":"post_tag","embeddable":true,"href":"https:\/\/www.ufsm.br\/pro-reitorias\/prograd\/caed\/wp-json\/wp\/v2\/tags?post=3100"}],"curies":[{"name":"wp","href":"https:\/\/api.w.org\/{rel}","templated":true}]}}