{"id":3105,"date":"2020-06-22T18:14:02","date_gmt":"2020-06-22T21:14:02","guid":{"rendered":"https:\/\/www.ufsm.br\/orgaos-executivos\/caed\/?p=3105"},"modified":"2020-06-22T18:14:02","modified_gmt":"2020-06-22T21:14:02","slug":"percepcao-do-discente-sobre-o-rede-regime-de-exercicios-domiciliares-especiais-convite-aos-estudantes","status":"publish","type":"post","link":"https:\/\/www.ufsm.br\/pro-reitorias\/prograd\/caed\/2020\/06\/22\/percepcao-do-discente-sobre-o-rede-regime-de-exercicios-domiciliares-especiais-convite-aos-estudantes","title":{"rendered":"Percep\u00e7\u00e3o do Discente sobre o REDE (Regime de Exerc\u00edcios Domiciliares Especiais) \u2013 convite aos estudantes"},"content":{"rendered":"\n<p>A Universidade Federal de Santa Maria(UFSM)\/Coordenadoria de A\u00e7\u00f5es Educacionais(CAEd) refor\u00e7a o convite aos estudantes para avalia\u00e7\u00e3o do REDE (Regime de Exerc\u00edcios Domiciliares Especiais).<\/p>\n<p>Maiores informa\u00e7\u00f5es no link a seguir: <a href=\"https:\/\/www.ufsm.br\/2020\/06\/16\/queremos-saber-sua-percepcao-sobre-o-rede\/\">https:\/\/www.ufsm.br\/2020\/06\/16\/queremos-saber-sua-percepcao-sobre-o-rede\/<\/a><\/p>\n","protected":false},"excerpt":{"rendered":"<p>A Universidade Federal de Santa Maria(UFSM)\/Coordenadoria de A\u00e7\u00f5es Educacionais(CAEd) refor\u00e7a o convite aos estudantes para avalia\u00e7\u00e3o do REDE (Regime de Exerc\u00edcios Domiciliares Especiais). Maiores informa\u00e7\u00f5es no link a seguir: https:\/\/www.ufsm.br\/2020\/06\/16\/queremos-saber-sua-percepcao-sobre-o-rede\/<\/p>\n","protected":false},"author":252,"featured_media":0,"comment_status":"closed","ping_status":"closed","sticky":false,"template":"","format":"standard","meta":{"footnotes":""},"categories":[1],"tags":[],"class_list":["post-3105","post","type-post","status-publish","format-standard","hentry","category-sem-categoria"],"acf":[],"_links":{"self":[{"href":"https:\/\/www.ufsm.br\/pro-reitorias\/prograd\/caed\/wp-json\/wp\/v2\/posts\/3105","targetHints":{"allow":["GET"]}}],"collection":[{"href":"https:\/\/www.ufsm.br\/pro-reitorias\/prograd\/caed\/wp-json\/wp\/v2\/posts"}],"about":[{"href":"https:\/\/www.ufsm.br\/pro-reitorias\/prograd\/caed\/wp-json\/wp\/v2\/types\/post"}],"author":[{"embeddable":true,"href":"https:\/\/www.ufsm.br\/pro-reitorias\/prograd\/caed\/wp-json\/wp\/v2\/users\/252"}],"replies":[{"embeddable":true,"href":"https:\/\/www.ufsm.br\/pro-reitorias\/prograd\/caed\/wp-json\/wp\/v2\/comments?post=3105"}],"version-history":[{"count":0,"href":"https:\/\/www.ufsm.br\/pro-reitorias\/prograd\/caed\/wp-json\/wp\/v2\/posts\/3105\/revisions"}],"wp:attachment":[{"href":"https:\/\/www.ufsm.br\/pro-reitorias\/prograd\/caed\/wp-json\/wp\/v2\/media?parent=3105"}],"wp:term":[{"taxonomy":"category","embeddable":true,"href":"https:\/\/www.ufsm.br\/pro-reitorias\/prograd\/caed\/wp-json\/wp\/v2\/categories?post=3105"},{"taxonomy":"post_tag","embeddable":true,"href":"https:\/\/www.ufsm.br\/pro-reitorias\/prograd\/caed\/wp-json\/wp\/v2\/tags?post=3105"}],"curies":[{"name":"wp","href":"https:\/\/api.w.org\/{rel}","templated":true}]}}