{"id":3107,"date":"2020-06-24T13:01:31","date_gmt":"2020-06-24T16:01:31","guid":{"rendered":"https:\/\/www.ufsm.br\/orgaos-executivos\/caed\/?p=3107"},"modified":"2020-06-24T13:09:20","modified_gmt":"2020-06-24T16:09:20","slug":"palco-online-chamada-publica-destinada-a-artistas-de-santa-maria-rs","status":"publish","type":"post","link":"https:\/\/www.ufsm.br\/pro-reitorias\/prograd\/caed\/2020\/06\/24\/palco-online-chamada-publica-destinada-a-artistas-de-santa-maria-rs","title":{"rendered":"&#8220;PALCO ONLINE&#8221; &#8211; Chamada p\u00fablica destinada a artistas de Santa Maria\/RS"},"content":{"rendered":"\n<p>A Universidade Federal de Santa Maria (UFSM)\/Coordenadoria de A\u00e7\u00f5es Educacionais(CAEd) soma-se \u00e0 divulga\u00e7\u00e3o de chamada p\u00fablica destinada a artistas de Santa Maria-RS. Maiores informa\u00e7\u00f5es no link a seguir, sendo que a imagem contida na reportagem est\u00e1 descrita abaixo: <a href=\"https:\/\/www.ufsm.br\/outros-orgaos\/cc\/2020\/06\/16\/projeto-palco-online\/\">https:\/\/www.ufsm.br\/outros-orgaos\/cc\/2020\/06\/16\/projeto-palco-online\/<\/a><\/p>\n<p><strong>Descri\u00e7\u00e3o de imagem:<\/strong> imagem em formato quadrado, com a representa\u00e7\u00e3o de um palco teatral, em cores fartas e vibrantes. \u00c0 direita, \u00e0 frente do palco, h\u00e1 a ilustra\u00e7\u00e3o de uma cortina de palco aberta, na cor vermelha escura, com a borda esquerda e o la\u00e7o que a prende na cor amarela. O fundo do placo possui uma cortina na cor lil\u00e1s, com bolhas de tom mais claro. Sobre o palco, no foco de luz, h\u00e1 a ilustra\u00e7\u00e3o de uma caveira humana, uma pena, uma m\u00e1scara carnavalesca e um libreto. Dentre esses objetos, est\u00e3o em destaque as m\u00e1scaras gregas que representam o teatro, das musas Talia, de express\u00e3o c\u00f4mica, e Melp\u00f4mene, de express\u00e3o tr\u00e1gica. Esses objetos possuem tons pastel. Ao lado esquerdo da ilustra\u00e7\u00e3o, em letras de tons amarelos e letras de diferentes tamanhos e estilos, dispostas verticalmente, uma abaixo da outras, l\u00ea-se as seguintes informa\u00e7\u00f5es: \u201c01\/2020\u201d, Chamada P\u00fablica\u201d, \u201cFunda\u00e7\u00e3o de Apoio \u00e0 Tecnologia e Ci\u00eancia\u201d, \u201cCC Palco Online\u201d, \u201cInscri\u00e7\u00f5es at\u00e9: 30\/06\/2020\u201d, \u201cAtrav\u00e9s do e-mail: \u201c<a href=\"mailto:cc.palco.online@gmail.com\">cc.palco.online@gmail.com<\/a>\u201d, \u201cPara mais informa\u00e7\u00f5es, consulte edital em ufsm.br\/pre\/editais\u201d. No canto superior direito, h\u00e1 a inscri\u00e7\u00e3o \u201cUFSM\u201d, na cor preta.<\/p>\n<p><img fetchpriority=\"high\" decoding=\"async\" class=\"alignnone size-medium wp-image-3108\" src=\"https:\/\/www.ufsm.br\/orgaos-executivos\/caed\/wp-content\/uploads\/sites\/391\/2020\/06\/3-300x300.jpeg\" alt=\"\" width=\"300\" height=\"300\" srcset=\"https:\/\/www.ufsm.br\/app\/uploads\/sites\/391\/2020\/06\/3-300x300.jpeg 300w, https:\/\/www.ufsm.br\/app\/uploads\/sites\/391\/2020\/06\/3.jpeg 1024w, https:\/\/www.ufsm.br\/app\/uploads\/sites\/391\/2020\/06\/3-150x150.jpeg 150w, https:\/\/www.ufsm.br\/app\/uploads\/sites\/391\/2020\/06\/3-768x768.jpeg 768w\" sizes=\"(max-width: 300px) 100vw, 300px\" \/><\/p>\n","protected":false},"excerpt":{"rendered":"<p>A Universidade Federal de Santa Maria (UFSM)\/Coordenadoria de A\u00e7\u00f5es Educacionais(CAEd) soma-se \u00e0 divulga\u00e7\u00e3o de chamada p\u00fablica destinada a artistas de Santa Maria-RS. Maiores informa\u00e7\u00f5es no link a seguir, sendo que a imagem contida na reportagem est\u00e1 descrita abaixo: https:\/\/www.ufsm.br\/outros-orgaos\/cc\/2020\/06\/16\/projeto-palco-online\/ Descri\u00e7\u00e3o de imagem: imagem em formato quadrado, com a representa\u00e7\u00e3o de um palco teatral, em cores [&hellip;]<\/p>\n","protected":false},"author":252,"featured_media":0,"comment_status":"closed","ping_status":"closed","sticky":false,"template":"","format":"standard","meta":{"footnotes":""},"categories":[1],"tags":[],"class_list":["post-3107","post","type-post","status-publish","format-standard","hentry","category-sem-categoria"],"acf":[],"_links":{"self":[{"href":"https:\/\/www.ufsm.br\/pro-reitorias\/prograd\/caed\/wp-json\/wp\/v2\/posts\/3107","targetHints":{"allow":["GET"]}}],"collection":[{"href":"https:\/\/www.ufsm.br\/pro-reitorias\/prograd\/caed\/wp-json\/wp\/v2\/posts"}],"about":[{"href":"https:\/\/www.ufsm.br\/pro-reitorias\/prograd\/caed\/wp-json\/wp\/v2\/types\/post"}],"author":[{"embeddable":true,"href":"https:\/\/www.ufsm.br\/pro-reitorias\/prograd\/caed\/wp-json\/wp\/v2\/users\/252"}],"replies":[{"embeddable":true,"href":"https:\/\/www.ufsm.br\/pro-reitorias\/prograd\/caed\/wp-json\/wp\/v2\/comments?post=3107"}],"version-history":[{"count":0,"href":"https:\/\/www.ufsm.br\/pro-reitorias\/prograd\/caed\/wp-json\/wp\/v2\/posts\/3107\/revisions"}],"wp:attachment":[{"href":"https:\/\/www.ufsm.br\/pro-reitorias\/prograd\/caed\/wp-json\/wp\/v2\/media?parent=3107"}],"wp:term":[{"taxonomy":"category","embeddable":true,"href":"https:\/\/www.ufsm.br\/pro-reitorias\/prograd\/caed\/wp-json\/wp\/v2\/categories?post=3107"},{"taxonomy":"post_tag","embeddable":true,"href":"https:\/\/www.ufsm.br\/pro-reitorias\/prograd\/caed\/wp-json\/wp\/v2\/tags?post=3107"}],"curies":[{"name":"wp","href":"https:\/\/api.w.org\/{rel}","templated":true}]}}