{"id":3176,"date":"2020-07-08T20:34:09","date_gmt":"2020-07-08T23:34:09","guid":{"rendered":"https:\/\/www.ufsm.br\/orgaos-executivos\/caed\/?p=3176"},"modified":"2020-07-08T20:34:09","modified_gmt":"2020-07-08T23:34:09","slug":"ufsm-publica-termo-de-adesao-ao-sisu-para-o-segundo-semestre-de-2020","status":"publish","type":"post","link":"https:\/\/www.ufsm.br\/pro-reitorias\/prograd\/caed\/2020\/07\/08\/ufsm-publica-termo-de-adesao-ao-sisu-para-o-segundo-semestre-de-2020","title":{"rendered":"UFSM publica Termo de Ades\u00e3o ao SiSU para o segundo semestre de 2020"},"content":{"rendered":"\n<p class=\"wp-block-paragraph\">A Universidade Federal de Santa Maria (UFSM)\/Coordenadoria de A\u00e7\u00f5es Educacionais (CAEd) soma-se \u00e0 divulga\u00e7\u00e3o das inscri\u00e7\u00f5es para o Sistema de Sele\u00e7\u00e3o Unificado (SiSU), para o segundo semestre de 2020. <\/p>\n\n\n\n<p class=\"wp-block-paragraph\">Maiores informa\u00e7\u00f5es no link a seguir: <a href=\"https:\/\/www.ufsm.br\/2020\/06\/25\/ufsm-publica-termo-de-adesao-ao-sisu-para-o-segundo-semestre-de-2020\/\">https:\/\/www.ufsm.br\/2020\/06\/25\/ufsm-publica-termo-de-adesao-ao-sisu-para-o-segundo-semestre-de-2020\/<\/a><\/p>\n","protected":false},"excerpt":{"rendered":"<p>A Universidade Federal de Santa Maria (UFSM)\/Coordenadoria de A\u00e7\u00f5es Educacionais (CAEd) soma-se \u00e0 divulga\u00e7\u00e3o das inscri\u00e7\u00f5es para o Sistema de Sele\u00e7\u00e3o Unificado (SiSU), para o segundo semestre de 2020. Maiores informa\u00e7\u00f5es no link a seguir: https:\/\/www.ufsm.br\/2020\/06\/25\/ufsm-publica-termo-de-adesao-ao-sisu-para-o-segundo-semestre-de-2020\/<\/p>\n","protected":false},"author":252,"featured_media":0,"comment_status":"closed","ping_status":"closed","sticky":false,"template":"","format":"standard","meta":{"footnotes":""},"categories":[1],"tags":[],"class_list":["post-3176","post","type-post","status-publish","format-standard","hentry","category-sem-categoria"],"acf":[],"_links":{"self":[{"href":"https:\/\/www.ufsm.br\/pro-reitorias\/prograd\/caed\/wp-json\/wp\/v2\/posts\/3176","targetHints":{"allow":["GET"]}}],"collection":[{"href":"https:\/\/www.ufsm.br\/pro-reitorias\/prograd\/caed\/wp-json\/wp\/v2\/posts"}],"about":[{"href":"https:\/\/www.ufsm.br\/pro-reitorias\/prograd\/caed\/wp-json\/wp\/v2\/types\/post"}],"author":[{"embeddable":true,"href":"https:\/\/www.ufsm.br\/pro-reitorias\/prograd\/caed\/wp-json\/wp\/v2\/users\/252"}],"replies":[{"embeddable":true,"href":"https:\/\/www.ufsm.br\/pro-reitorias\/prograd\/caed\/wp-json\/wp\/v2\/comments?post=3176"}],"version-history":[{"count":0,"href":"https:\/\/www.ufsm.br\/pro-reitorias\/prograd\/caed\/wp-json\/wp\/v2\/posts\/3176\/revisions"}],"wp:attachment":[{"href":"https:\/\/www.ufsm.br\/pro-reitorias\/prograd\/caed\/wp-json\/wp\/v2\/media?parent=3176"}],"wp:term":[{"taxonomy":"category","embeddable":true,"href":"https:\/\/www.ufsm.br\/pro-reitorias\/prograd\/caed\/wp-json\/wp\/v2\/categories?post=3176"},{"taxonomy":"post_tag","embeddable":true,"href":"https:\/\/www.ufsm.br\/pro-reitorias\/prograd\/caed\/wp-json\/wp\/v2\/tags?post=3176"}],"curies":[{"name":"wp","href":"https:\/\/api.w.org\/{rel}","templated":true}]}}