{"id":3187,"date":"2020-07-17T15:20:36","date_gmt":"2020-07-17T18:20:36","guid":{"rendered":"https:\/\/www.ufsm.br\/orgaos-executivos\/caed\/?p=3187"},"modified":"2020-07-17T15:20:36","modified_gmt":"2020-07-17T18:20:36","slug":"webinar-ufsm-60-anos-historia-criacao-e-interiorizacao-do-ensino","status":"publish","type":"post","link":"https:\/\/www.ufsm.br\/pro-reitorias\/prograd\/caed\/2020\/07\/17\/webinar-ufsm-60-anos-historia-criacao-e-interiorizacao-do-ensino","title":{"rendered":"WEBINAR &#8220;UFSM 60 anos: hist\u00f3ria, cria\u00e7\u00e3o e interioriza\u00e7\u00e3o do ensino&#8221;"},"content":{"rendered":"\n<p>A Universidade Federal de Santa Maria (UFSM)\/Coordenadoria de A\u00e7\u00f5es Educacionais soma-se \u00e0 divulga\u00e7\u00e3o do evento que contou com a participa\u00e7\u00e3o dos professores Paulo Afonso Burmann, Eug\u00eania Mariano da Rocha Barichello, Ricardo Rossato e H\u00e9lio Bellinaso, tendo ocorrido no dia 14 de julho de 2020.\u00a0<\/p>\n<p>O v\u00eddeo pode ser conferido no link a seguir:\u00a0 <a href=\"http:\/\/farol.ufsm.br\/transmissao\/ufsm-60-anos-historia-criacao-e-interiorizacao-do-ensino\">http:\/\/farol.ufsm.br\/transmissao\/ufsm-60-anos-historia-criacao-e-interiorizacao-do-ensino<\/a><\/p>\n","protected":false},"excerpt":{"rendered":"<p>A Universidade Federal de Santa Maria (UFSM)\/Coordenadoria de A\u00e7\u00f5es Educacionais soma-se \u00e0 divulga\u00e7\u00e3o do evento que contou com a participa\u00e7\u00e3o dos professores Paulo Afonso Burmann, Eug\u00eania Mariano da Rocha Barichello, Ricardo Rossato e H\u00e9lio Bellinaso, tendo ocorrido no dia 14 de julho de 2020.\u00a0 O v\u00eddeo pode ser conferido no link a seguir:\u00a0 http:\/\/farol.ufsm.br\/transmissao\/ufsm-60-anos-historia-criacao-e-interiorizacao-do-ensino<\/p>\n","protected":false},"author":252,"featured_media":0,"comment_status":"closed","ping_status":"closed","sticky":false,"template":"","format":"standard","meta":{"footnotes":""},"categories":[1],"tags":[],"class_list":["post-3187","post","type-post","status-publish","format-standard","hentry","category-sem-categoria"],"acf":[],"_links":{"self":[{"href":"https:\/\/www.ufsm.br\/pro-reitorias\/prograd\/caed\/wp-json\/wp\/v2\/posts\/3187","targetHints":{"allow":["GET"]}}],"collection":[{"href":"https:\/\/www.ufsm.br\/pro-reitorias\/prograd\/caed\/wp-json\/wp\/v2\/posts"}],"about":[{"href":"https:\/\/www.ufsm.br\/pro-reitorias\/prograd\/caed\/wp-json\/wp\/v2\/types\/post"}],"author":[{"embeddable":true,"href":"https:\/\/www.ufsm.br\/pro-reitorias\/prograd\/caed\/wp-json\/wp\/v2\/users\/252"}],"replies":[{"embeddable":true,"href":"https:\/\/www.ufsm.br\/pro-reitorias\/prograd\/caed\/wp-json\/wp\/v2\/comments?post=3187"}],"version-history":[{"count":0,"href":"https:\/\/www.ufsm.br\/pro-reitorias\/prograd\/caed\/wp-json\/wp\/v2\/posts\/3187\/revisions"}],"wp:attachment":[{"href":"https:\/\/www.ufsm.br\/pro-reitorias\/prograd\/caed\/wp-json\/wp\/v2\/media?parent=3187"}],"wp:term":[{"taxonomy":"category","embeddable":true,"href":"https:\/\/www.ufsm.br\/pro-reitorias\/prograd\/caed\/wp-json\/wp\/v2\/categories?post=3187"},{"taxonomy":"post_tag","embeddable":true,"href":"https:\/\/www.ufsm.br\/pro-reitorias\/prograd\/caed\/wp-json\/wp\/v2\/tags?post=3187"}],"curies":[{"name":"wp","href":"https:\/\/api.w.org\/{rel}","templated":true}]}}