{"id":3188,"date":"2020-07-17T15:26:33","date_gmt":"2020-07-17T18:26:33","guid":{"rendered":"https:\/\/www.ufsm.br\/orgaos-executivos\/caed\/?p=3188"},"modified":"2020-07-17T15:26:33","modified_gmt":"2020-07-17T18:26:33","slug":"11o-encontro-de-talentos-dos-servidores-da-ufsm","status":"publish","type":"post","link":"https:\/\/www.ufsm.br\/pro-reitorias\/prograd\/caed\/2020\/07\/17\/11o-encontro-de-talentos-dos-servidores-da-ufsm","title":{"rendered":"11\u00ba Encontro de Talentos dos Servidores da UFSM"},"content":{"rendered":"\n<p>A Universidade Federal de Santa Maria (UFSM)\/Coordenadoria de A\u00e7\u00f5es Educacionais (CAEd) soma-se \u00e0 divulga\u00e7\u00e3o do 11\u00ba Encontro de Talentos dos Servidores da UFSM, com inscri\u00e7\u00f5es abertas de 06 de julho a 06 de agosto de 2020.<\/p>\n<p>Em raz\u00e3o da pandemia de COVID-19, neste ano o encontro ser\u00e1 na modalidade virtual.<\/p>\n<p>Maiores informa\u00e7\u00f5es podem ser acessadas no link a seguir: <a href=\"https:\/\/www.ufsm.br\/2020\/07\/06\/abertas-as-inscricoes-para-apresentacoes-no-11o-encontro-de-talentos-dos-servidores-da-ufsm-que-sera-virtual\/\">https:\/\/www.ufsm.br\/2020\/07\/06\/abertas-as-inscricoes-para-apresentacoes-no-11o-encontro-de-talentos-dos-servidores-da-ufsm-que-sera-virtual\/<\/a><\/p>\n","protected":false},"excerpt":{"rendered":"<p>A Universidade Federal de Santa Maria (UFSM)\/Coordenadoria de A\u00e7\u00f5es Educacionais (CAEd) soma-se \u00e0 divulga\u00e7\u00e3o do 11\u00ba Encontro de Talentos dos Servidores da UFSM, com inscri\u00e7\u00f5es abertas de 06 de julho a 06 de agosto de 2020. Em raz\u00e3o da pandemia de COVID-19, neste ano o encontro ser\u00e1 na modalidade virtual. Maiores informa\u00e7\u00f5es podem ser acessadas [&hellip;]<\/p>\n","protected":false},"author":252,"featured_media":0,"comment_status":"closed","ping_status":"closed","sticky":false,"template":"","format":"standard","meta":{"footnotes":""},"categories":[1],"tags":[],"class_list":["post-3188","post","type-post","status-publish","format-standard","hentry","category-sem-categoria"],"acf":[],"_links":{"self":[{"href":"https:\/\/www.ufsm.br\/pro-reitorias\/prograd\/caed\/wp-json\/wp\/v2\/posts\/3188","targetHints":{"allow":["GET"]}}],"collection":[{"href":"https:\/\/www.ufsm.br\/pro-reitorias\/prograd\/caed\/wp-json\/wp\/v2\/posts"}],"about":[{"href":"https:\/\/www.ufsm.br\/pro-reitorias\/prograd\/caed\/wp-json\/wp\/v2\/types\/post"}],"author":[{"embeddable":true,"href":"https:\/\/www.ufsm.br\/pro-reitorias\/prograd\/caed\/wp-json\/wp\/v2\/users\/252"}],"replies":[{"embeddable":true,"href":"https:\/\/www.ufsm.br\/pro-reitorias\/prograd\/caed\/wp-json\/wp\/v2\/comments?post=3188"}],"version-history":[{"count":0,"href":"https:\/\/www.ufsm.br\/pro-reitorias\/prograd\/caed\/wp-json\/wp\/v2\/posts\/3188\/revisions"}],"wp:attachment":[{"href":"https:\/\/www.ufsm.br\/pro-reitorias\/prograd\/caed\/wp-json\/wp\/v2\/media?parent=3188"}],"wp:term":[{"taxonomy":"category","embeddable":true,"href":"https:\/\/www.ufsm.br\/pro-reitorias\/prograd\/caed\/wp-json\/wp\/v2\/categories?post=3188"},{"taxonomy":"post_tag","embeddable":true,"href":"https:\/\/www.ufsm.br\/pro-reitorias\/prograd\/caed\/wp-json\/wp\/v2\/tags?post=3188"}],"curies":[{"name":"wp","href":"https:\/\/api.w.org\/{rel}","templated":true}]}}