{"id":3189,"date":"2020-07-17T15:31:24","date_gmt":"2020-07-17T18:31:24","guid":{"rendered":"https:\/\/www.ufsm.br\/orgaos-executivos\/caed\/?p=3189"},"modified":"2020-07-17T15:31:24","modified_gmt":"2020-07-17T18:31:24","slug":"lancamento-do-minidoc-da-tv-campus-sobre-discurso-de-odio","status":"publish","type":"post","link":"https:\/\/www.ufsm.br\/pro-reitorias\/prograd\/caed\/2020\/07\/17\/lancamento-do-minidoc-da-tv-campus-sobre-discurso-de-odio","title":{"rendered":"Lan\u00e7amento do MiniDoc da TV Campus sobre discurso de \u00f3dio"},"content":{"rendered":"\n<p>A Universidade Federal de Santa Maria(UFSM)\/Coordenadoria de A\u00e7\u00f5es Educacionais(CAEd) junta-se \u00e0 divulga\u00e7\u00e3o do mini-document\u00e1rio da TV Campus sobre o discurso de \u00f3dio.<\/p>\n<p>O mini-doc pode ser acessado no link a seguir: <a href=\"https:\/\/www.youtube.com\/watch?v=SUXIZIxpDPQ&amp;feature=youtu.be\">https:\/\/www.youtube.com\/watch?v=SUXIZIxpDPQ&amp;feature=youtu.be<\/a><\/p>\n","protected":false},"excerpt":{"rendered":"<p>A Universidade Federal de Santa Maria(UFSM)\/Coordenadoria de A\u00e7\u00f5es Educacionais(CAEd) junta-se \u00e0 divulga\u00e7\u00e3o do mini-document\u00e1rio da TV Campus sobre o discurso de \u00f3dio. O mini-doc pode ser acessado no link a seguir: https:\/\/www.youtube.com\/watch?v=SUXIZIxpDPQ&amp;feature=youtu.be<\/p>\n","protected":false},"author":252,"featured_media":0,"comment_status":"closed","ping_status":"closed","sticky":false,"template":"","format":"standard","meta":{"footnotes":""},"categories":[1],"tags":[],"class_list":["post-3189","post","type-post","status-publish","format-standard","hentry","category-sem-categoria"],"acf":[],"_links":{"self":[{"href":"https:\/\/www.ufsm.br\/pro-reitorias\/prograd\/caed\/wp-json\/wp\/v2\/posts\/3189","targetHints":{"allow":["GET"]}}],"collection":[{"href":"https:\/\/www.ufsm.br\/pro-reitorias\/prograd\/caed\/wp-json\/wp\/v2\/posts"}],"about":[{"href":"https:\/\/www.ufsm.br\/pro-reitorias\/prograd\/caed\/wp-json\/wp\/v2\/types\/post"}],"author":[{"embeddable":true,"href":"https:\/\/www.ufsm.br\/pro-reitorias\/prograd\/caed\/wp-json\/wp\/v2\/users\/252"}],"replies":[{"embeddable":true,"href":"https:\/\/www.ufsm.br\/pro-reitorias\/prograd\/caed\/wp-json\/wp\/v2\/comments?post=3189"}],"version-history":[{"count":0,"href":"https:\/\/www.ufsm.br\/pro-reitorias\/prograd\/caed\/wp-json\/wp\/v2\/posts\/3189\/revisions"}],"wp:attachment":[{"href":"https:\/\/www.ufsm.br\/pro-reitorias\/prograd\/caed\/wp-json\/wp\/v2\/media?parent=3189"}],"wp:term":[{"taxonomy":"category","embeddable":true,"href":"https:\/\/www.ufsm.br\/pro-reitorias\/prograd\/caed\/wp-json\/wp\/v2\/categories?post=3189"},{"taxonomy":"post_tag","embeddable":true,"href":"https:\/\/www.ufsm.br\/pro-reitorias\/prograd\/caed\/wp-json\/wp\/v2\/tags?post=3189"}],"curies":[{"name":"wp","href":"https:\/\/api.w.org\/{rel}","templated":true}]}}