{"id":3201,"date":"2020-07-24T21:38:20","date_gmt":"2020-07-25T00:38:20","guid":{"rendered":"https:\/\/www.ufsm.br\/orgaos-executivos\/caed\/?p=3201"},"modified":"2020-07-28T17:13:37","modified_gmt":"2020-07-28T20:13:37","slug":"estudantes-da-ufsm-avaliam-o-regime-de-exercicios-domiciliares-especiais-rede","status":"publish","type":"post","link":"https:\/\/www.ufsm.br\/pro-reitorias\/prograd\/caed\/2020\/07\/24\/estudantes-da-ufsm-avaliam-o-regime-de-exercicios-domiciliares-especiais-rede","title":{"rendered":"Estudantes da UFSM avaliam o Regime de Exerc\u00edcios Domiciliares Especiais (REDE)"},"content":{"rendered":"\n<p>A Universidade Federal de Santa Maria (UFSM)\/Coordenadoria de A\u00e7\u00f5es Educacionais (CAEd) soma-se \u00e0 divulga\u00e7\u00e3o da percep\u00e7\u00e3o discente sobre o REDE.\u00a0<\/p>\n<p>A seguir, descri\u00e7\u00e3o das imagens contidas na reportagem e link de acesso a mesma, ao final das descri\u00e7\u00f5es.\u00a0<\/p>\n<p><strong>Imagem 01:<\/strong> Fotografia de uma mulher jovem, de pele branca e cabelo castanho escuro, na altura do peito. Veste camisete preta, usa batom vermelho e brincos. Segura um computador port\u00e1til e olha para a tela aparelho. A m\u00e3o direita suspende o computador pela base e a m\u00e3o esquerda est\u00e1 na dire\u00e7\u00e3o do teclado. Expressa um arremedo de sorriso. Est\u00e1 sentada num ambiente de paredes brancas, com objetos de estudo, como livros, em segundo plano na foto. Abaixo da imagem, l\u00ea-se \u201cStephany Della Flora, aluna do 3\u00ba semestre de Medicina\u201d.<\/p>\n<p><strong>Imagem 02:<\/strong> Fotografia de uma mulher jovem, de pele morena, com cabelos pretos, preso num coque. Veste casaco de moletom acinzentado. Est\u00e1 sentada num ambiente de estudos, com o rosto voltado para c\u00e2mera, sorrindo. A parede do ambiente \u00e9 branca, com uma janela de persiana. Em segundo plano, v\u00ea-se objetos de estudo, como um computador port\u00e1til com um texto na tela, caderno, estojo e um quadro com post-its. H\u00e1 tamb\u00e9m um calend\u00e1rio e um porta-retrato sobre a mesa de estudos. Abaixo, l\u00ea-se \u201cBruna Carvalho cursa o 1\u00ba semestre de Agronomia\u201d.<\/p>\n<p><strong>Imagem 03: <\/strong>Fotografia de um homem jovem, cabelos curtos e pretos, usando barba e \u00f3culos. Veste casado de moletom vermelho, est\u00e1 sentado e olha para a c\u00e2mera. Atr\u00e1s dele, v\u00ea-se uma parede branca, uma porta envernizada e uma estante com livros. A sua direita, aparece a borda de uma mesa. Abaixo, l\u00ea-se \u201cGustavo Salin Nuh, do 3\u00ba semestre de Comunica\u00e7\u00e3o Social \u2013 Jornalismo\u201d.<\/p>\n<p><strong>Imagem 04: <\/strong>Captura de tela de uma sala de videoconfer\u00eancia, mostrando seis pessoas. No canto superior direito, h\u00e1 a imagem de um homem jovem, de pele branca, com cabelos curtos e claros. Na metade superior da p\u00e1gina, h\u00e1 a imagem de tr\u00eas jovens, onde, da esquerda para a direita, v\u00ea-se as seguintes fotos: mulher de pele branca, com cabelos castanhos, at\u00e9 a altura dos ombros, vestindo blusa preta e sorrindo; homem de pele morena clara, cabelos pretos e curtos, barba aparada, vestindo camiseta laranja e sorrindo; homem de pele branca e cabelos castanhos claros, vestindo camiseta azul-marinho e sorrindo. Na metade inferior da p\u00e1gina, h\u00e1 a imagem se divide em duas partes, sendo da esquerda para a direita a fotografia de um homem jovem, de pele clara, com cabelos castanhos, de perfil e usando fones de ouvido. A sua direita, h\u00e1 a imagem de um homem jovem, pele e cabelos castanhos, com m\u00e3o esquerda apoiada no queixo, em atitude pensativa. Abaixo, l\u00ea-se \u201cMar\u00edlia Machado Moureira (canto superior esquerdo) em videoconfer\u00eancia com colegas do 8\u00ba semestre de Engenharia Civil\u201d.<\/p>\n<p>\u00a0<\/p>\n<p><blockquote class=\"wp-embedded-content\" data-secret=\"n91ZGyzRy7\"><a href=\"https:\/\/www.ufsm.br\/2020\/07\/15\/estudantes-da-ufsm-avaliam-o-regime-de-exercicios-domiciliares-especiais-rede\">Estudantes da UFSM avaliam o Regime de Exerc\u00edcios Domiciliares Especiais (REDE)<\/a><\/blockquote><iframe class=\"wp-embedded-content\" sandbox=\"allow-scripts\" security=\"restricted\" style=\"position: absolute; clip: rect(1px, 1px, 1px, 1px);\" title=\"&#8220;Estudantes da UFSM avaliam o Regime de Exerc\u00edcios Domiciliares Especiais (REDE)&#8221; &#8212; UFSM\" src=\"https:\/\/www.ufsm.br\/2020\/07\/15\/estudantes-da-ufsm-avaliam-o-regime-de-exercicios-domiciliares-especiais-rede\/embed#?secret=RRtYuNGKVy#?secret=n91ZGyzRy7\" data-secret=\"n91ZGyzRy7\" width=\"500\" height=\"282\" frameborder=\"0\" marginwidth=\"0\" marginheight=\"0\" scrolling=\"no\"><\/iframe><\/p>\n","protected":false},"excerpt":{"rendered":"<p>A Universidade Federal de Santa Maria (UFSM)\/Coordenadoria de A\u00e7\u00f5es Educacionais (CAEd) soma-se \u00e0 divulga\u00e7\u00e3o da percep\u00e7\u00e3o discente sobre o REDE.\u00a0 A seguir, descri\u00e7\u00e3o das imagens contidas na reportagem e link de acesso a mesma, ao final das descri\u00e7\u00f5es.\u00a0 Imagem 01: Fotografia de uma mulher jovem, de pele branca e cabelo castanho escuro, na altura do [&hellip;]<\/p>\n","protected":false},"author":252,"featured_media":0,"comment_status":"closed","ping_status":"closed","sticky":false,"template":"","format":"standard","meta":{"footnotes":""},"categories":[1],"tags":[],"class_list":["post-3201","post","type-post","status-publish","format-standard","hentry","category-sem-categoria"],"acf":[],"_links":{"self":[{"href":"https:\/\/www.ufsm.br\/pro-reitorias\/prograd\/caed\/wp-json\/wp\/v2\/posts\/3201","targetHints":{"allow":["GET"]}}],"collection":[{"href":"https:\/\/www.ufsm.br\/pro-reitorias\/prograd\/caed\/wp-json\/wp\/v2\/posts"}],"about":[{"href":"https:\/\/www.ufsm.br\/pro-reitorias\/prograd\/caed\/wp-json\/wp\/v2\/types\/post"}],"author":[{"embeddable":true,"href":"https:\/\/www.ufsm.br\/pro-reitorias\/prograd\/caed\/wp-json\/wp\/v2\/users\/252"}],"replies":[{"embeddable":true,"href":"https:\/\/www.ufsm.br\/pro-reitorias\/prograd\/caed\/wp-json\/wp\/v2\/comments?post=3201"}],"version-history":[{"count":0,"href":"https:\/\/www.ufsm.br\/pro-reitorias\/prograd\/caed\/wp-json\/wp\/v2\/posts\/3201\/revisions"}],"wp:attachment":[{"href":"https:\/\/www.ufsm.br\/pro-reitorias\/prograd\/caed\/wp-json\/wp\/v2\/media?parent=3201"}],"wp:term":[{"taxonomy":"category","embeddable":true,"href":"https:\/\/www.ufsm.br\/pro-reitorias\/prograd\/caed\/wp-json\/wp\/v2\/categories?post=3201"},{"taxonomy":"post_tag","embeddable":true,"href":"https:\/\/www.ufsm.br\/pro-reitorias\/prograd\/caed\/wp-json\/wp\/v2\/tags?post=3201"}],"curies":[{"name":"wp","href":"https:\/\/api.w.org\/{rel}","templated":true}]}}