{"id":3202,"date":"2020-07-24T22:49:47","date_gmt":"2020-07-25T01:49:47","guid":{"rendered":"https:\/\/www.ufsm.br\/orgaos-executivos\/caed\/?p=3202"},"modified":"2020-07-28T17:17:11","modified_gmt":"2020-07-28T20:17:11","slug":"centro-de-convencoes-cc-palco-online-divulgacao-das-transmissoes","status":"publish","type":"post","link":"https:\/\/www.ufsm.br\/pro-reitorias\/prograd\/caed\/2020\/07\/24\/centro-de-convencoes-cc-palco-online-divulgacao-das-transmissoes","title":{"rendered":"Centro de Conven\u00e7\u00f5es &#8211; CC Palco Online &#8211; divulga\u00e7\u00e3o das transmiss\u00f5es"},"content":{"rendered":"\n<p>A Universidade Federal de Santa Maria (UFSM)\/Coordenadoria de A\u00e7\u00f5es Educacionais (CAEd) soma-se \u00e0 divulga\u00e7\u00e3o dos eventos do Centro de Conven\u00e7\u00f5es, na modalidade online. Na sequ\u00eancia, h\u00e1 a descri\u00e7\u00e3o de imagem contida na reportagem e o link de acesso.\u00a0<\/p>\n<p><strong>Descri\u00e7\u00e3o da imagem:<\/strong> ilustra\u00e7\u00e3o em formato retangular, com a representa\u00e7\u00e3o de um palco teatral, em cores fartas e vibrantes. De ambos os lados do palco, h\u00e1 a ilustra\u00e7\u00e3o de uma cortina de palco aberta, na cor vermelha escura. No canto esquerdo superior, sobre a cortina, h\u00e1 o logo comemorativo da UFSM 60 Anos, em formato de pent\u00e1gono c\u00f4ncavo, disposto verticalmente. O logo cont\u00e9m o n\u00famero \u201c60\u201d, em letra cursiva, centralizado. O n\u00famero \u201c6\u201d e o n\u00famero \u201c0\u201d est\u00e3o interligados por uma linha cont\u00ednua formando o numeral \u201c60\u201d. Na parte inferior do c\u00edrculo que forma o algarismo \u201c6\u201d, h\u00e1 um \u201cv\u201d invertido, disposto sobre a linha do c\u00edrculo, formando a letra \u201cA\u201d, de \u201cAno\u201d. Ao lado do \u2018A\u201d, dentro do algarismo zero, que possui uma abertura ao lado esquerdo, est\u00e3o as letras \u201cn\u201d, \u201co\u201d e \u201cs\u201d, formando assim, em conjunto com os demais tra\u00e7os, a palavra \u201canos\u201d. A imagem consiste em um trabalho gr\u00e1fico que une a representa\u00e7\u00e3o dos algarismos 6 e 0, com as letras A, N e O, formando o logo \u201cUFSM 60 Anos\u201d. O fundo do placo possui uma cortina na cor lil\u00e1s, com bolhas de tom mais claro. Ao centro da ilustra\u00e7\u00e3o, l\u00ea-se, em disposi\u00e7\u00e3o vertical, as seguintes inscri\u00e7\u00f5es: \u201cApresenta\u00e7\u00f5es, CC Palco Online, Todas as quartas-feiras, \u00e0s 20h, no canal da TV Campus no Youtube\u201d. O fragmento CC Palco Online est\u00e1 em destaque, com letras mai\u00fasculas, preenchidas com refletores ligados. No canto inferior direito, h\u00e1 a ilustra\u00e7\u00e3o de uma caveira humana, uma pena, uma m\u00e1scara carnavalesca e um libreto. Dentre esses objetos, est\u00e3o em destaque as m\u00e1scaras gregas que representam o teatro, das musas Talia, de express\u00e3o c\u00f4mica, e Melp\u00f4mene, de express\u00e3o tr\u00e1gica. Esses objetos possuem tons pastel.<\/p>\n<p><blockquote class=\"wp-embedded-content\" data-secret=\"7u4Io7Z6cs\"><a href=\"https:\/\/www.ufsm.br\/pro-reitorias\/pre\/2020\/07\/17\/cc-palco-online-divulga-calendario-de-espetaculos\">CC Palco Online divulga calend\u00e1rio de espet\u00e1culos<\/a><\/blockquote><iframe class=\"wp-embedded-content\" sandbox=\"allow-scripts\" security=\"restricted\" style=\"position: absolute; clip: rect(1px, 1px, 1px, 1px);\" title=\"&#8220;CC Palco Online divulga calend\u00e1rio de espet\u00e1culos&#8221; &#8212; PRE\" src=\"https:\/\/www.ufsm.br\/pro-reitorias\/pre\/2020\/07\/17\/cc-palco-online-divulga-calendario-de-espetaculos\/embed#?secret=iGvxmaOzcn#?secret=7u4Io7Z6cs\" data-secret=\"7u4Io7Z6cs\" width=\"500\" height=\"282\" frameborder=\"0\" marginwidth=\"0\" marginheight=\"0\" scrolling=\"no\"><\/iframe><\/p>\n<p>\u00a0<\/p>\n","protected":false},"excerpt":{"rendered":"<p>A Universidade Federal de Santa Maria (UFSM)\/Coordenadoria de A\u00e7\u00f5es Educacionais (CAEd) soma-se \u00e0 divulga\u00e7\u00e3o dos eventos do Centro de Conven\u00e7\u00f5es, na modalidade online. Na sequ\u00eancia, h\u00e1 a descri\u00e7\u00e3o de imagem contida na reportagem e o link de acesso.\u00a0 Descri\u00e7\u00e3o da imagem: ilustra\u00e7\u00e3o em formato retangular, com a representa\u00e7\u00e3o de um palco teatral, em cores fartas [&hellip;]<\/p>\n","protected":false},"author":252,"featured_media":0,"comment_status":"closed","ping_status":"closed","sticky":false,"template":"","format":"standard","meta":{"footnotes":""},"categories":[1],"tags":[],"class_list":["post-3202","post","type-post","status-publish","format-standard","hentry","category-sem-categoria"],"acf":[],"_links":{"self":[{"href":"https:\/\/www.ufsm.br\/pro-reitorias\/prograd\/caed\/wp-json\/wp\/v2\/posts\/3202","targetHints":{"allow":["GET"]}}],"collection":[{"href":"https:\/\/www.ufsm.br\/pro-reitorias\/prograd\/caed\/wp-json\/wp\/v2\/posts"}],"about":[{"href":"https:\/\/www.ufsm.br\/pro-reitorias\/prograd\/caed\/wp-json\/wp\/v2\/types\/post"}],"author":[{"embeddable":true,"href":"https:\/\/www.ufsm.br\/pro-reitorias\/prograd\/caed\/wp-json\/wp\/v2\/users\/252"}],"replies":[{"embeddable":true,"href":"https:\/\/www.ufsm.br\/pro-reitorias\/prograd\/caed\/wp-json\/wp\/v2\/comments?post=3202"}],"version-history":[{"count":0,"href":"https:\/\/www.ufsm.br\/pro-reitorias\/prograd\/caed\/wp-json\/wp\/v2\/posts\/3202\/revisions"}],"wp:attachment":[{"href":"https:\/\/www.ufsm.br\/pro-reitorias\/prograd\/caed\/wp-json\/wp\/v2\/media?parent=3202"}],"wp:term":[{"taxonomy":"category","embeddable":true,"href":"https:\/\/www.ufsm.br\/pro-reitorias\/prograd\/caed\/wp-json\/wp\/v2\/categories?post=3202"},{"taxonomy":"post_tag","embeddable":true,"href":"https:\/\/www.ufsm.br\/pro-reitorias\/prograd\/caed\/wp-json\/wp\/v2\/tags?post=3202"}],"curies":[{"name":"wp","href":"https:\/\/api.w.org\/{rel}","templated":true}]}}