{"id":3207,"date":"2020-07-27T20:26:29","date_gmt":"2020-07-27T23:26:29","guid":{"rendered":"https:\/\/www.ufsm.br\/orgaos-executivos\/caed\/?p=3207"},"modified":"2020-07-27T20:26:29","modified_gmt":"2020-07-27T23:26:29","slug":"webinar-proposta-de-aprimoramento-do-modelo-de-avaliacao-da-pos-graduacao","status":"publish","type":"post","link":"https:\/\/www.ufsm.br\/pro-reitorias\/prograd\/caed\/2020\/07\/27\/webinar-proposta-de-aprimoramento-do-modelo-de-avaliacao-da-pos-graduacao","title":{"rendered":"Webinar \u201cProposta de Aprimoramento do Modelo de Avalia\u00e7\u00e3o da P\u00f3s-Gradua\u00e7\u00e3o\u201d"},"content":{"rendered":"\n<p>A Universidade Federal de Santa Maria (UFSM)\/Coordenadoria de A\u00e7\u00f5es Educacionais (CAEd) divulga <b>Webinar \u201cProposta de Aprimoramento do Modelo de Avalia\u00e7\u00e3o da P\u00f3s-Gradua\u00e7\u00e3o\u201d<\/b>, com o Professor Jorge Audy, Presidente da Comiss\u00e3o Nacional PNPG\/Capes, dia 29 de julho de 2020, \u00e0s 14h00min.<\/p>\n<p>A transmiss\u00e3o via <a href=\"http:\/\/farol.ufsm.br\/\" target=\"_blank\" rel=\"noopener noreferrer\" data-saferedirecturl=\"https:\/\/www.google.com\/url?q=http:\/\/farol.ufsm.br&amp;source=gmail&amp;ust=1595968187344000&amp;usg=AFQjCNGny4-EHbzuZS7mVIdoj2qW6MS0Mw\">Farol.<\/a><\/p>\n<div>\u00a0<\/div>\n","protected":false},"excerpt":{"rendered":"<p>A Universidade Federal de Santa Maria (UFSM)\/Coordenadoria de A\u00e7\u00f5es Educacionais (CAEd) divulga Webinar \u201cProposta de Aprimoramento do Modelo de Avalia\u00e7\u00e3o da P\u00f3s-Gradua\u00e7\u00e3o\u201d, com o Professor Jorge Audy, Presidente da Comiss\u00e3o Nacional PNPG\/Capes, dia 29 de julho de 2020, \u00e0s 14h00min. A transmiss\u00e3o via Farol. \u00a0<\/p>\n","protected":false},"author":252,"featured_media":0,"comment_status":"closed","ping_status":"closed","sticky":false,"template":"","format":"standard","meta":{"footnotes":""},"categories":[1],"tags":[],"class_list":["post-3207","post","type-post","status-publish","format-standard","hentry","category-sem-categoria"],"acf":[],"_links":{"self":[{"href":"https:\/\/www.ufsm.br\/pro-reitorias\/prograd\/caed\/wp-json\/wp\/v2\/posts\/3207","targetHints":{"allow":["GET"]}}],"collection":[{"href":"https:\/\/www.ufsm.br\/pro-reitorias\/prograd\/caed\/wp-json\/wp\/v2\/posts"}],"about":[{"href":"https:\/\/www.ufsm.br\/pro-reitorias\/prograd\/caed\/wp-json\/wp\/v2\/types\/post"}],"author":[{"embeddable":true,"href":"https:\/\/www.ufsm.br\/pro-reitorias\/prograd\/caed\/wp-json\/wp\/v2\/users\/252"}],"replies":[{"embeddable":true,"href":"https:\/\/www.ufsm.br\/pro-reitorias\/prograd\/caed\/wp-json\/wp\/v2\/comments?post=3207"}],"version-history":[{"count":0,"href":"https:\/\/www.ufsm.br\/pro-reitorias\/prograd\/caed\/wp-json\/wp\/v2\/posts\/3207\/revisions"}],"wp:attachment":[{"href":"https:\/\/www.ufsm.br\/pro-reitorias\/prograd\/caed\/wp-json\/wp\/v2\/media?parent=3207"}],"wp:term":[{"taxonomy":"category","embeddable":true,"href":"https:\/\/www.ufsm.br\/pro-reitorias\/prograd\/caed\/wp-json\/wp\/v2\/categories?post=3207"},{"taxonomy":"post_tag","embeddable":true,"href":"https:\/\/www.ufsm.br\/pro-reitorias\/prograd\/caed\/wp-json\/wp\/v2\/tags?post=3207"}],"curies":[{"name":"wp","href":"https:\/\/api.w.org\/{rel}","templated":true}]}}