{"id":3208,"date":"2020-07-27T20:32:17","date_gmt":"2020-07-27T23:32:17","guid":{"rendered":"https:\/\/www.ufsm.br\/orgaos-executivos\/caed\/?p=3208"},"modified":"2020-07-27T20:39:20","modified_gmt":"2020-07-27T23:39:20","slug":"jornada-academica-integrada-jai-2020","status":"publish","type":"post","link":"https:\/\/www.ufsm.br\/pro-reitorias\/prograd\/caed\/2020\/07\/27\/jornada-academica-integrada-jai-2020","title":{"rendered":"Jornada Acad\u00eamica Integrada (JAI) 2020"},"content":{"rendered":"\n<p>A Universidade Federal de Santa Maria (UFSM)\/Coordenadoria de A\u00e7\u00f5es Educacionais (CAEd) divulga a realiza\u00e7\u00e3o da Jornada Acad\u00eamica Integrada (JAI) 2020, a ser realizada de forma virtual. Segue o cronograma dos trabalhos e o link da reportagem, com maiores informa\u00e7\u00f5es.\u00a0<\/p>\n<p>&#8211; 29\/07 a 31\/08: Inscri\u00e7\u00f5es para apresenta\u00e7\u00e3o de trabalhos;<\/p>\n<p>&#8211; 29\/07 a 21\/10: Inscri\u00e7\u00f5es para ouvintes;<\/p>\n<div>&#8211; 19 a 23\/10: Jornada Acad\u00eamica Integrada (JAI) 2020.<\/div>\n<div>\u00a0<\/div>\n<div>Descri\u00e7\u00e3o de imagem: imagem em formato quadrado. Dois estudantes, de pele clara e cabelos pretos e curtos, usando \u00f3culos, observam um painel de apresenta\u00e7\u00e3o de trabalho. Est\u00e3o numa posi\u00e7\u00e3o que ficam de perfil para a c\u00e2mera e de frente um para o outro. O jovem da esquerda veste camisa social em tom azulado claro e o da direita veste casaco de moletom camuflado, em tons escuros.\u00a0<\/div>\n<p><blockquote class=\"wp-embedded-content\" data-secret=\"wBIi9EprNV\"><a href=\"https:\/\/www.ufsm.br\/2020\/07\/27\/35a-jornada-academica-integrada-sera-realizada-de-forma-virtual-de-19-a-23-de-outubro\">35\u00aa Jornada Acad\u00eamica Integrada ser\u00e1 realizada de forma virtual de 19 a 23 de outubro<\/a><\/blockquote><iframe class=\"wp-embedded-content\" sandbox=\"allow-scripts\" security=\"restricted\" style=\"position: absolute; clip: rect(1px, 1px, 1px, 1px);\" title=\"&#8220;35\u00aa Jornada Acad\u00eamica Integrada ser\u00e1 realizada de forma virtual de 19 a 23 de outubro&#8221; &#8212; UFSM\" src=\"https:\/\/www.ufsm.br\/2020\/07\/27\/35a-jornada-academica-integrada-sera-realizada-de-forma-virtual-de-19-a-23-de-outubro\/embed#?secret=UuxMlpafZY#?secret=wBIi9EprNV\" data-secret=\"wBIi9EprNV\" width=\"500\" height=\"282\" frameborder=\"0\" marginwidth=\"0\" marginheight=\"0\" scrolling=\"no\"><\/iframe><\/p>\n","protected":false},"excerpt":{"rendered":"<p>A Universidade Federal de Santa Maria (UFSM)\/Coordenadoria de A\u00e7\u00f5es Educacionais (CAEd) divulga a realiza\u00e7\u00e3o da Jornada Acad\u00eamica Integrada (JAI) 2020, a ser realizada de forma virtual. Segue o cronograma dos trabalhos e o link da reportagem, com maiores informa\u00e7\u00f5es.\u00a0 &#8211; 29\/07 a 31\/08: Inscri\u00e7\u00f5es para apresenta\u00e7\u00e3o de trabalhos; &#8211; 29\/07 a 21\/10: Inscri\u00e7\u00f5es para ouvintes; [&hellip;]<\/p>\n","protected":false},"author":252,"featured_media":0,"comment_status":"closed","ping_status":"closed","sticky":false,"template":"","format":"standard","meta":{"footnotes":""},"categories":[1],"tags":[],"class_list":["post-3208","post","type-post","status-publish","format-standard","hentry","category-sem-categoria"],"acf":[],"_links":{"self":[{"href":"https:\/\/www.ufsm.br\/pro-reitorias\/prograd\/caed\/wp-json\/wp\/v2\/posts\/3208","targetHints":{"allow":["GET"]}}],"collection":[{"href":"https:\/\/www.ufsm.br\/pro-reitorias\/prograd\/caed\/wp-json\/wp\/v2\/posts"}],"about":[{"href":"https:\/\/www.ufsm.br\/pro-reitorias\/prograd\/caed\/wp-json\/wp\/v2\/types\/post"}],"author":[{"embeddable":true,"href":"https:\/\/www.ufsm.br\/pro-reitorias\/prograd\/caed\/wp-json\/wp\/v2\/users\/252"}],"replies":[{"embeddable":true,"href":"https:\/\/www.ufsm.br\/pro-reitorias\/prograd\/caed\/wp-json\/wp\/v2\/comments?post=3208"}],"version-history":[{"count":0,"href":"https:\/\/www.ufsm.br\/pro-reitorias\/prograd\/caed\/wp-json\/wp\/v2\/posts\/3208\/revisions"}],"wp:attachment":[{"href":"https:\/\/www.ufsm.br\/pro-reitorias\/prograd\/caed\/wp-json\/wp\/v2\/media?parent=3208"}],"wp:term":[{"taxonomy":"category","embeddable":true,"href":"https:\/\/www.ufsm.br\/pro-reitorias\/prograd\/caed\/wp-json\/wp\/v2\/categories?post=3208"},{"taxonomy":"post_tag","embeddable":true,"href":"https:\/\/www.ufsm.br\/pro-reitorias\/prograd\/caed\/wp-json\/wp\/v2\/tags?post=3208"}],"curies":[{"name":"wp","href":"https:\/\/api.w.org\/{rel}","templated":true}]}}