{"id":3210,"date":"2020-07-27T20:53:09","date_gmt":"2020-07-27T23:53:09","guid":{"rendered":"https:\/\/www.ufsm.br\/orgaos-executivos\/caed\/?p=3210"},"modified":"2020-07-27T20:53:09","modified_gmt":"2020-07-27T23:53:09","slug":"ufsm-60-anos-espaco-para-depoimentos-da-comunidade-universitaria","status":"publish","type":"post","link":"https:\/\/www.ufsm.br\/pro-reitorias\/prograd\/caed\/2020\/07\/27\/ufsm-60-anos-espaco-para-depoimentos-da-comunidade-universitaria","title":{"rendered":"UFSM 60 Anos &#8211; Espa\u00e7o para depoimentos da comunidade universit\u00e1ria"},"content":{"rendered":"\n<p>A Universidade Federal de Santa Maria (UFSM)\/Coordenadoria de A\u00e7\u00f5es Educacionais (CAEd) soma-se \u00e0 divulga\u00e7\u00e3o dos eventos alusivos \u00e0 UFSM 60 Anos.<\/p>\n<p>A UFSM est\u00e1 recebendo depoimentos, fotos de estudantes, servidores, egressos e aposentados para a p\u00e1gina: <a href=\"https:\/\/www.ufsm.br\/depoimentos-60-anos-ufsm\/\" target=\"_blank\" rel=\"noopener noreferrer\" data-saferedirecturl=\"https:\/\/www.google.com\/url?q=https:\/\/www.ufsm.br\/depoimentos-60-anos-ufsm\/&amp;source=gmail&amp;ust=1595968187344000&amp;usg=AFQjCNH23NLSzBYT-F_top5HXJWSr4wnuw\">https:\/\/www.ufsm.br\/depoimentos-60-anos-ufsm\/<\/a>\u00a0<\/p>\n<p>Encontra-se dispon\u00edvel tamb\u00e9m a p\u00e1gina do FACEBOOK: <a href=\"https:\/\/www.facebook.com\/UFSM.BR\/posts\/2859300017531025\" target=\"_blank\" rel=\"noopener noreferrer\" data-saferedirecturl=\"https:\/\/www.google.com\/url?q=https:\/\/www.facebook.com\/UFSM.BR\/posts\/2859300017531025&amp;source=gmail&amp;ust=1595968187344000&amp;usg=AFQjCNH7XkhHCF4FYyYEmD3azp03r4AiUg\">https:\/\/www.facebook.com\/UFSM.BR\/posts\/2859300017531025<\/a> \u00a0<\/p>\n","protected":false},"excerpt":{"rendered":"<p>A Universidade Federal de Santa Maria (UFSM)\/Coordenadoria de A\u00e7\u00f5es Educacionais (CAEd) soma-se \u00e0 divulga\u00e7\u00e3o dos eventos alusivos \u00e0 UFSM 60 Anos. A UFSM est\u00e1 recebendo depoimentos, fotos de estudantes, servidores, egressos e aposentados para a p\u00e1gina: https:\/\/www.ufsm.br\/depoimentos-60-anos-ufsm\/\u00a0 Encontra-se dispon\u00edvel tamb\u00e9m a p\u00e1gina do FACEBOOK: https:\/\/www.facebook.com\/UFSM.BR\/posts\/2859300017531025 \u00a0<\/p>\n","protected":false},"author":252,"featured_media":0,"comment_status":"closed","ping_status":"closed","sticky":false,"template":"","format":"standard","meta":{"footnotes":""},"categories":[1],"tags":[],"class_list":["post-3210","post","type-post","status-publish","format-standard","hentry","category-sem-categoria"],"acf":[],"_links":{"self":[{"href":"https:\/\/www.ufsm.br\/pro-reitorias\/prograd\/caed\/wp-json\/wp\/v2\/posts\/3210","targetHints":{"allow":["GET"]}}],"collection":[{"href":"https:\/\/www.ufsm.br\/pro-reitorias\/prograd\/caed\/wp-json\/wp\/v2\/posts"}],"about":[{"href":"https:\/\/www.ufsm.br\/pro-reitorias\/prograd\/caed\/wp-json\/wp\/v2\/types\/post"}],"author":[{"embeddable":true,"href":"https:\/\/www.ufsm.br\/pro-reitorias\/prograd\/caed\/wp-json\/wp\/v2\/users\/252"}],"replies":[{"embeddable":true,"href":"https:\/\/www.ufsm.br\/pro-reitorias\/prograd\/caed\/wp-json\/wp\/v2\/comments?post=3210"}],"version-history":[{"count":0,"href":"https:\/\/www.ufsm.br\/pro-reitorias\/prograd\/caed\/wp-json\/wp\/v2\/posts\/3210\/revisions"}],"wp:attachment":[{"href":"https:\/\/www.ufsm.br\/pro-reitorias\/prograd\/caed\/wp-json\/wp\/v2\/media?parent=3210"}],"wp:term":[{"taxonomy":"category","embeddable":true,"href":"https:\/\/www.ufsm.br\/pro-reitorias\/prograd\/caed\/wp-json\/wp\/v2\/categories?post=3210"},{"taxonomy":"post_tag","embeddable":true,"href":"https:\/\/www.ufsm.br\/pro-reitorias\/prograd\/caed\/wp-json\/wp\/v2\/tags?post=3210"}],"curies":[{"name":"wp","href":"https:\/\/api.w.org\/{rel}","templated":true}]}}