{"id":3223,"date":"2020-07-31T11:36:41","date_gmt":"2020-07-31T14:36:41","guid":{"rendered":"https:\/\/www.ufsm.br\/orgaos-executivos\/caed\/?p=3223"},"modified":"2020-07-31T11:36:41","modified_gmt":"2020-07-31T14:36:41","slug":"edital-para-selecao-de-bolsista-do-observatorio-de-direitos-humanos-da-ufsm-interpretes-indigenas-pluralidade-linguistica-e-acesso-a-justica","status":"publish","type":"post","link":"https:\/\/www.ufsm.br\/pro-reitorias\/prograd\/caed\/2020\/07\/31\/edital-para-selecao-de-bolsista-do-observatorio-de-direitos-humanos-da-ufsm-interpretes-indigenas-pluralidade-linguistica-e-acesso-a-justica","title":{"rendered":"Edital para sele\u00e7\u00e3o de bolsista do Observat\u00f3rio de Direitos Humanos da UFSM &#8211; Int\u00e9rpretes ind\u00edgenas: pluralidade lingu\u00edstica e acesso \u00e0 justi\u00e7a"},"content":{"rendered":"\n<p>A Universidade Federal de Santa Maria(UFSM)\/Coordenadoria de A\u00e7\u00f5es Educacionais(CAEd) soma-se \u00e0 divulga\u00e7\u00e3o de edital para bolsista do Observat\u00f3rio de Direitos Humanos da UFSM &#8211; Int\u00e9rpretes ind\u00edgenas: pluralidade lingu\u00edstica e acesso \u00e0 justi\u00e7a.<\/p>\n<p>Maiores informa\u00e7\u00f5es nos links a seguir:<\/p>\n<p><a href=\"https:\/\/www.ufsm.br\/orgaos-executivos\/caed\/wp-content\/uploads\/sites\/391\/2020\/07\/ODH_Edital-2020_Int\u00e9rpretes-ind\u00edgenas.pdf\">ODH_Edital 2020_Int\u00e9rpretes ind\u00edgenas<\/a><\/p>\n<p><a href=\"https:\/\/www.ufsm.br\/orgaos-executivos\/caed\/wp-content\/uploads\/sites\/391\/2020\/07\/ANEXO-A_Ficha-de-cadastro-de-bolsista-odh.odt\">ANEXO A_Ficha de cadastro de bolsista<\/a><\/p>\n<p><a href=\"https:\/\/www.ufsm.br\/orgaos-executivos\/caed\/wp-content\/uploads\/sites\/391\/2020\/07\/ANEXO-B_Declara\u00e7\u00e3o.odt\">ANEXO B_Declara\u00e7\u00e3o<\/a><\/p>\n<p><a href=\"https:\/\/www.ufsm.br\/orgaos-executivos\/caed\/wp-content\/uploads\/sites\/391\/2020\/07\/ANEXO-C_Carta-de-apresenta\u00e7\u00e3o.odt\">ANEXO C_Carta de apresenta\u00e7\u00e3o<\/a><\/p>\n<p>\u00a0<\/p>\n<p>\u00a0<\/p>\n","protected":false},"excerpt":{"rendered":"<p>A Universidade Federal de Santa Maria(UFSM)\/Coordenadoria de A\u00e7\u00f5es Educacionais(CAEd) soma-se \u00e0 divulga\u00e7\u00e3o de edital para bolsista do Observat\u00f3rio de Direitos Humanos da UFSM &#8211; Int\u00e9rpretes ind\u00edgenas: pluralidade lingu\u00edstica e acesso \u00e0 justi\u00e7a. Maiores informa\u00e7\u00f5es nos links a seguir: ODH_Edital 2020_Int\u00e9rpretes ind\u00edgenas ANEXO A_Ficha de cadastro de bolsista ANEXO B_Declara\u00e7\u00e3o ANEXO C_Carta de apresenta\u00e7\u00e3o \u00a0 \u00a0<\/p>\n","protected":false},"author":252,"featured_media":0,"comment_status":"closed","ping_status":"closed","sticky":false,"template":"","format":"standard","meta":{"footnotes":""},"categories":[1],"tags":[],"class_list":["post-3223","post","type-post","status-publish","format-standard","hentry","category-sem-categoria"],"acf":[],"_links":{"self":[{"href":"https:\/\/www.ufsm.br\/pro-reitorias\/prograd\/caed\/wp-json\/wp\/v2\/posts\/3223","targetHints":{"allow":["GET"]}}],"collection":[{"href":"https:\/\/www.ufsm.br\/pro-reitorias\/prograd\/caed\/wp-json\/wp\/v2\/posts"}],"about":[{"href":"https:\/\/www.ufsm.br\/pro-reitorias\/prograd\/caed\/wp-json\/wp\/v2\/types\/post"}],"author":[{"embeddable":true,"href":"https:\/\/www.ufsm.br\/pro-reitorias\/prograd\/caed\/wp-json\/wp\/v2\/users\/252"}],"replies":[{"embeddable":true,"href":"https:\/\/www.ufsm.br\/pro-reitorias\/prograd\/caed\/wp-json\/wp\/v2\/comments?post=3223"}],"version-history":[{"count":0,"href":"https:\/\/www.ufsm.br\/pro-reitorias\/prograd\/caed\/wp-json\/wp\/v2\/posts\/3223\/revisions"}],"wp:attachment":[{"href":"https:\/\/www.ufsm.br\/pro-reitorias\/prograd\/caed\/wp-json\/wp\/v2\/media?parent=3223"}],"wp:term":[{"taxonomy":"category","embeddable":true,"href":"https:\/\/www.ufsm.br\/pro-reitorias\/prograd\/caed\/wp-json\/wp\/v2\/categories?post=3223"},{"taxonomy":"post_tag","embeddable":true,"href":"https:\/\/www.ufsm.br\/pro-reitorias\/prograd\/caed\/wp-json\/wp\/v2\/tags?post=3223"}],"curies":[{"name":"wp","href":"https:\/\/api.w.org\/{rel}","templated":true}]}}