{"id":3242,"date":"2020-08-04T13:06:54","date_gmt":"2020-08-04T16:06:54","guid":{"rendered":"https:\/\/www.ufsm.br\/orgaos-executivos\/caed\/?p=3242"},"modified":"2020-08-04T16:54:45","modified_gmt":"2020-08-04T19:54:45","slug":"convite-para-live-diagnostico-de-tept-pos-pandemia-por-covid-19-quando-o-estresse-passa-a-ser-uma-doenca","status":"publish","type":"post","link":"https:\/\/www.ufsm.br\/pro-reitorias\/prograd\/caed\/2020\/08\/04\/convite-para-live-diagnostico-de-tept-pos-pandemia-por-covid-19-quando-o-estresse-passa-a-ser-uma-doenca","title":{"rendered":"Convite para LIVE: Diagn\u00f3stico de TEPT p\u00f3s pandemia por COVID-19: quando o estresse passa a ser uma doen\u00e7a"},"content":{"rendered":"\n<p>A Universidade Federal de Santa Maria(UFSM)\/Coordenadoria de A\u00e7\u00f5es Educacionais(CAEd) convida para a <strong>LIVE: Diagn\u00f3stico de TEPT p\u00f3s pandemia por COVID-19: quando o estresse passa a ser uma doen\u00e7a<\/strong>, a ser realizada no dia<strong> 06 de agosto de 2020, quinta-feira, \u00e0s 20h00min<\/strong>, como parte dos trabalhos do projeto COVIDPsiq. Para acompanhar, favor acessar o link <a href=\"https:\/\/youtu.be\/Rq6DWyQ2TJE\">https:\/\/youtu.be\/Rq6DWyQ2TJE<\/a>, no canal do YouTube, ou acesse, no Facebook, COVIDPsiq.<\/p>\n<p>\u00a0<\/p>\n<p style=\"text-align: center\"><strong>Diagn\u00f3stico de TEPT p\u00f3s pandemia por COVID-19: quando o estresse passar a ser uma doen\u00e7a<\/strong><\/p>\n<p style=\"text-align: center\"><strong><br \/>\u00a0<\/strong><em>O quadro de estresse p\u00f3s-traum\u00e1tico acontece depois que uma pessoa, um ente querido ou algu\u00e9m pr\u00f3ximo enfrenta ou assiste a uma situa\u00e7\u00e3o muito amea\u00e7adora a sua vida ou integridade f\u00edsica.<\/em><\/p>\n<p><em>Nesse sentido, a pandemia da Covid-19 \u00e9 um fen\u00f4meno que causou e est\u00e1 causando grande estresse emocional e pode ser um evento traum\u00e1tico a diversos indiv\u00edduos, incluindo pessoas que adoeceram, pessoas que perderam familiares e amigos e, inclusive, os profissionais da sa\u00fade que est\u00e3o presenciando estas situa\u00e7\u00f5es no trabalho.<\/em><\/p>\n<p><em>A PERGUNTA ATUAL \u00c9: ser\u00e1 que o medo de contrair a doen\u00e7a e o isolamento por si s\u00f3 s\u00e3o considerados estressores fortes que possam determinar o estresse p\u00f3s-traum\u00e1tico? Vamos debater este tema em nossa live com os profissionais do Prove (Programa de Atendimento e Pesquisa em Viol\u00eancia e Estresse p\u00f3s-traum\u00e1tico) da Universidade Federal de S\u00e3o Paulo &#8211; UNIFESP.<\/em><\/p>\n<p><em>O debate ser\u00e1 mediado pela Profa. Dra. Andrea de Abreu Feij\u00f3 de Mello &#8211; m\u00e9dica psiquiatra e professora de Psiquiatria na Faculdade Israelita de Ci\u00eancias da Sa\u00fade Albert Einstein.<\/em><\/p>\n<p><em>O Prof. Dr. Marcelo Feij\u00f3 de Mello \u00e9 professor livre-docente adjunto do Departamento de Psiquiatria da Escola Paulista de Medicina da UNIFESP e professor pleno da Faculdade de Medicina do Hospital israelita Albert Einstein.<\/em><\/p>\n<p><em>O Prof. Dr. Jos\u00e9 Paulo Fiks \u00e9 secret\u00e1rio do Centro de estudos Paulista de Psiquiatria (CEPP), psiquiatra, professor afiliado da UNIFESP e pesquisador do PROVE.<\/em><\/p>\n<p><em>O convite est\u00e1 aberto a todas as pessoas interessadas em saber mais sobre os efeitos da pandemia na sa\u00fade mental.<\/em><\/p>\n<p><em>Esse evento est\u00e1 sendo promovido pelo Projeto COVIDPsiq com apoio da Coordenadoria de A\u00e7\u00f5es Educacionais &#8211; (CAEd UFSM) e da Universidade Federal de Santa Maria (UFSM).<\/em><\/p>\n<p><em>Para acompanhar, acesse o link da live\u00a0<a href=\"https:\/\/youtu.be\/Rq6DWyQ2TJE\">https:\/\/youtu.be\/Rq6DWyQ2TJE<\/a>\u00a0no nosso canal no YouTube, ou acesse nosso Facebook COVIDPsiq.<\/em><\/p>\n<p><em>#covid19 #coronavirus #saudemental #psiquiatria #ufsm #covidpsiq.<\/em><\/p>\n<p><strong>DESCRI\u00c7\u00c3O DE IMAGEM<\/strong>: ilustra\u00e7\u00e3o em formato quadrado, com fundo na cor bege. O canto superior esquerdo \u00e9 recoberto por uma ondula\u00e7\u00e3o na cor roxa. Na parte superior da imagem, da esquerda para a direita, h\u00e1 a inscri\u00e7\u00e3o \u201cLIVE\u201d, na cor roxa, o logo do YouTube (ret\u00e2ngulo vermelho, de \u00e2ngulos arredondadas, com um tri\u00e2ngulo branco ao centro, indicando \u00e0 direita), logo do Facebook (quadrado azul, de \u00e2ngulos arredondados, com a letra F min\u00fascula ao centro, na cor branca), logo do projeto COVIDPsiq (rosto humano, de perfil, delineado na cor roxa, com a imagem de uma \u00e1rvore, cuja copa est\u00e1 no lugar do c\u00e9rebro) e logo da Liga de Psiquiatria UFSM, LAPSIQ UFSM (rosto humano, de perfil, na cor roxa, com um c\u00e9rebro representado com as sinapses neuronais). Abaixo, em sentido horizontal, l\u00ea-se: \u201cDiagn\u00f3stico de TEPT p\u00f3s pandemia por COVID-19: quando o estresse passa a ser uma doen\u00e7a\u201d. Abaixo, dentro de formatos circulares, h\u00e1 as fotos dos tr\u00eas professores que conduzir\u00e3o o evento on-line, sendo da esquerda para a direita: Prof. Dr. Marcelo Feij\u00f3 de Mello (homem de pele clara, cabelo castanho e curto, express\u00e3o sorridente, vestindo blusa de manga longa bege e portando um crach\u00e1); Profa. Dra. Andrea Feij\u00f3 de Mello (mulher de pele branca, cabelos lisos, castanhos e na altura do pesco\u00e7o, express\u00e3o sorridente, vestindo blusa e cardig\u00e3 brancos); Prof. Dr. Jos\u00e9 Paulo Fiks (homem de pele branca, cabelos castanhos, express\u00e3o tranquila, vestindo camisa na cor roxa e portando \u00f3culos de grau). A identifica\u00e7\u00e3o dos professores encontra-se abaixo das imagens. Na sequ\u00eancia, em sentido horizontal, consta a data de realiza\u00e7\u00e3o do evento: \u201cDia 06 de agosto \u00e0s 20h\u201d. Abaixo, l\u00ea-se: \u201cPara acompanhar, acesse nosso canal COVIDPsiq no YouTube ou nosso Facebook COVIDPsiq\u201d.<\/p>\n<p><img fetchpriority=\"high\" decoding=\"async\" class=\"alignnone size-medium wp-image-3243\" src=\"https:\/\/www.ufsm.br\/orgaos-executivos\/caed\/wp-content\/uploads\/sites\/391\/2020\/08\/LIVE-COVIDPsiq-300x300.jpeg\" alt=\"\" width=\"300\" height=\"300\" srcset=\"https:\/\/www.ufsm.br\/app\/uploads\/sites\/391\/2020\/08\/LIVE-COVIDPsiq-300x300.jpeg 300w, https:\/\/www.ufsm.br\/app\/uploads\/sites\/391\/2020\/08\/LIVE-COVIDPsiq-1024x1024.jpeg 1024w, https:\/\/www.ufsm.br\/app\/uploads\/sites\/391\/2020\/08\/LIVE-COVIDPsiq-150x150.jpeg 150w, https:\/\/www.ufsm.br\/app\/uploads\/sites\/391\/2020\/08\/LIVE-COVIDPsiq-768x768.jpeg 768w, https:\/\/www.ufsm.br\/app\/uploads\/sites\/391\/2020\/08\/LIVE-COVIDPsiq.jpeg 1080w\" sizes=\"(max-width: 300px) 100vw, 300px\" \/><\/p>\n<p>\u00a0<\/p>\n<p>\u00a0<\/p>\n","protected":false},"excerpt":{"rendered":"<p>A Universidade Federal de Santa Maria(UFSM)\/Coordenadoria de A\u00e7\u00f5es Educacionais(CAEd) convida para a LIVE: Diagn\u00f3stico de TEPT p\u00f3s pandemia por COVID-19: quando o estresse passa a ser uma doen\u00e7a, a ser realizada no dia 06 de agosto de 2020, quinta-feira, \u00e0s 20h00min, como parte dos trabalhos do projeto COVIDPsiq. Para acompanhar, favor acessar o link https:\/\/youtu.be\/Rq6DWyQ2TJE, [&hellip;]<\/p>\n","protected":false},"author":252,"featured_media":0,"comment_status":"closed","ping_status":"closed","sticky":false,"template":"","format":"standard","meta":{"footnotes":""},"categories":[1],"tags":[],"class_list":["post-3242","post","type-post","status-publish","format-standard","hentry","category-sem-categoria"],"acf":[],"_links":{"self":[{"href":"https:\/\/www.ufsm.br\/pro-reitorias\/prograd\/caed\/wp-json\/wp\/v2\/posts\/3242","targetHints":{"allow":["GET"]}}],"collection":[{"href":"https:\/\/www.ufsm.br\/pro-reitorias\/prograd\/caed\/wp-json\/wp\/v2\/posts"}],"about":[{"href":"https:\/\/www.ufsm.br\/pro-reitorias\/prograd\/caed\/wp-json\/wp\/v2\/types\/post"}],"author":[{"embeddable":true,"href":"https:\/\/www.ufsm.br\/pro-reitorias\/prograd\/caed\/wp-json\/wp\/v2\/users\/252"}],"replies":[{"embeddable":true,"href":"https:\/\/www.ufsm.br\/pro-reitorias\/prograd\/caed\/wp-json\/wp\/v2\/comments?post=3242"}],"version-history":[{"count":0,"href":"https:\/\/www.ufsm.br\/pro-reitorias\/prograd\/caed\/wp-json\/wp\/v2\/posts\/3242\/revisions"}],"wp:attachment":[{"href":"https:\/\/www.ufsm.br\/pro-reitorias\/prograd\/caed\/wp-json\/wp\/v2\/media?parent=3242"}],"wp:term":[{"taxonomy":"category","embeddable":true,"href":"https:\/\/www.ufsm.br\/pro-reitorias\/prograd\/caed\/wp-json\/wp\/v2\/categories?post=3242"},{"taxonomy":"post_tag","embeddable":true,"href":"https:\/\/www.ufsm.br\/pro-reitorias\/prograd\/caed\/wp-json\/wp\/v2\/tags?post=3242"}],"curies":[{"name":"wp","href":"https:\/\/api.w.org\/{rel}","templated":true}]}}