{"id":3245,"date":"2020-08-04T17:02:40","date_gmt":"2020-08-04T20:02:40","guid":{"rendered":"https:\/\/www.ufsm.br\/orgaos-executivos\/caed\/?p=3245"},"modified":"2020-08-04T17:02:40","modified_gmt":"2020-08-04T20:02:40","slug":"jornada-academica-integrada-jai-2020-2","status":"publish","type":"post","link":"https:\/\/www.ufsm.br\/pro-reitorias\/prograd\/caed\/2020\/08\/04\/jornada-academica-integrada-jai-2020-2","title":{"rendered":"Jornada Acad\u00eamica Integrada (JAI) 2020"},"content":{"rendered":"\n<p>A Universidade Federal de Santa Maria (UFSM)\/Coordenadoria de A\u00e7\u00f5es Educacionais (CAEd) soma-se \u00e0 divulga\u00e7\u00e3o da Jornada Acad\u00eamica Integrada (JAI) de 2020, de 19 a 23 de outubro do corrente ano. Esta edi\u00e7\u00e3o ser\u00e1 na modalidade online.\u00a0<\/p>\n<p>Maiores informa\u00e7\u00f5es no link a seguir: <a href=\"https:\/\/www.ufsm.br\/pro-reitorias\/prpgp\/jai\/?post_type=eventos&amp;p=1311\">https:\/\/www.ufsm.br\/pro-reitorias\/prpgp\/jai\/?post_type=eventos&amp;p=1311<\/a><\/p>\n","protected":false},"excerpt":{"rendered":"<p>A Universidade Federal de Santa Maria (UFSM)\/Coordenadoria de A\u00e7\u00f5es Educacionais (CAEd) soma-se \u00e0 divulga\u00e7\u00e3o da Jornada Acad\u00eamica Integrada (JAI) de 2020, de 19 a 23 de outubro do corrente ano. Esta edi\u00e7\u00e3o ser\u00e1 na modalidade online.\u00a0 Maiores informa\u00e7\u00f5es no link a seguir: https:\/\/www.ufsm.br\/pro-reitorias\/prpgp\/jai\/?post_type=eventos&amp;p=1311<\/p>\n","protected":false},"author":252,"featured_media":0,"comment_status":"closed","ping_status":"closed","sticky":false,"template":"","format":"standard","meta":{"footnotes":""},"categories":[1],"tags":[],"class_list":["post-3245","post","type-post","status-publish","format-standard","hentry","category-sem-categoria"],"acf":[],"_links":{"self":[{"href":"https:\/\/www.ufsm.br\/pro-reitorias\/prograd\/caed\/wp-json\/wp\/v2\/posts\/3245","targetHints":{"allow":["GET"]}}],"collection":[{"href":"https:\/\/www.ufsm.br\/pro-reitorias\/prograd\/caed\/wp-json\/wp\/v2\/posts"}],"about":[{"href":"https:\/\/www.ufsm.br\/pro-reitorias\/prograd\/caed\/wp-json\/wp\/v2\/types\/post"}],"author":[{"embeddable":true,"href":"https:\/\/www.ufsm.br\/pro-reitorias\/prograd\/caed\/wp-json\/wp\/v2\/users\/252"}],"replies":[{"embeddable":true,"href":"https:\/\/www.ufsm.br\/pro-reitorias\/prograd\/caed\/wp-json\/wp\/v2\/comments?post=3245"}],"version-history":[{"count":0,"href":"https:\/\/www.ufsm.br\/pro-reitorias\/prograd\/caed\/wp-json\/wp\/v2\/posts\/3245\/revisions"}],"wp:attachment":[{"href":"https:\/\/www.ufsm.br\/pro-reitorias\/prograd\/caed\/wp-json\/wp\/v2\/media?parent=3245"}],"wp:term":[{"taxonomy":"category","embeddable":true,"href":"https:\/\/www.ufsm.br\/pro-reitorias\/prograd\/caed\/wp-json\/wp\/v2\/categories?post=3245"},{"taxonomy":"post_tag","embeddable":true,"href":"https:\/\/www.ufsm.br\/pro-reitorias\/prograd\/caed\/wp-json\/wp\/v2\/tags?post=3245"}],"curies":[{"name":"wp","href":"https:\/\/api.w.org\/{rel}","templated":true}]}}