{"id":3246,"date":"2020-08-04T17:10:03","date_gmt":"2020-08-04T20:10:03","guid":{"rendered":"https:\/\/www.ufsm.br\/orgaos-executivos\/caed\/?p=3246"},"modified":"2020-08-04T17:51:52","modified_gmt":"2020-08-04T20:51:52","slug":"abertura-de-edital-extraordinario-de-pos-graduacao-da-ufsm-2020-ii","status":"publish","type":"post","link":"https:\/\/www.ufsm.br\/pro-reitorias\/prograd\/caed\/2020\/08\/04\/abertura-de-edital-extraordinario-de-pos-graduacao-da-ufsm-2020-ii","title":{"rendered":"Abertura de edital extraordin\u00e1rio de p\u00f3s-gradua\u00e7\u00e3o da UFSM &#8211; 2020 II"},"content":{"rendered":"\n<p>A Universidade Federal de Santa Maria (UFSM)\/Coordenadoria de A\u00e7\u00f5es Educacionais (CAEd) soma-se \u00e0 Pr\u00f3-Reitoria de P\u00f3s-Gradua\u00e7\u00e3o e Pesquisa (PRPGP) na divulga\u00e7\u00e3o do edital extraordin\u00e1rio para cursos de p\u00f3s-gradua\u00e7\u00e3o da UFSM, para o segundo semestre de 2020, visando preencher as vagas de p\u00f3s-gradua\u00e7\u00e3o neste per\u00edodo de pandemia.\u00a0<\/p>\n<p>Maiores informa\u00e7\u00f5es no link a seguir: <a href=\"https:\/\/www.ufsm.br\/2020\/08\/03\/prpgp-divulga-edital-extraordinario-do-processo-seletivo-de-pos-graduacao-para-preenchimento-de-vagas-durante-a-pandemia\/\">https:\/\/www.ufsm.br\/2020\/08\/03\/prpgp-divulga-edital-extraordinario-do-processo-seletivo-de-pos-graduacao-para-preenchimento-de-vagas-durante-a-pandemia\/<\/a><\/p>\n","protected":false},"excerpt":{"rendered":"<p>A Universidade Federal de Santa Maria (UFSM)\/Coordenadoria de A\u00e7\u00f5es Educacionais (CAEd) soma-se \u00e0 Pr\u00f3-Reitoria de P\u00f3s-Gradua\u00e7\u00e3o e Pesquisa (PRPGP) na divulga\u00e7\u00e3o do edital extraordin\u00e1rio para cursos de p\u00f3s-gradua\u00e7\u00e3o da UFSM, para o segundo semestre de 2020, visando preencher as vagas de p\u00f3s-gradua\u00e7\u00e3o neste per\u00edodo de pandemia.\u00a0 Maiores informa\u00e7\u00f5es no link a seguir: https:\/\/www.ufsm.br\/2020\/08\/03\/prpgp-divulga-edital-extraordinario-do-processo-seletivo-de-pos-graduacao-para-preenchimento-de-vagas-durante-a-pandemia\/<\/p>\n","protected":false},"author":252,"featured_media":0,"comment_status":"closed","ping_status":"closed","sticky":false,"template":"","format":"standard","meta":{"footnotes":""},"categories":[1],"tags":[],"class_list":["post-3246","post","type-post","status-publish","format-standard","hentry","category-sem-categoria"],"acf":[],"_links":{"self":[{"href":"https:\/\/www.ufsm.br\/pro-reitorias\/prograd\/caed\/wp-json\/wp\/v2\/posts\/3246","targetHints":{"allow":["GET"]}}],"collection":[{"href":"https:\/\/www.ufsm.br\/pro-reitorias\/prograd\/caed\/wp-json\/wp\/v2\/posts"}],"about":[{"href":"https:\/\/www.ufsm.br\/pro-reitorias\/prograd\/caed\/wp-json\/wp\/v2\/types\/post"}],"author":[{"embeddable":true,"href":"https:\/\/www.ufsm.br\/pro-reitorias\/prograd\/caed\/wp-json\/wp\/v2\/users\/252"}],"replies":[{"embeddable":true,"href":"https:\/\/www.ufsm.br\/pro-reitorias\/prograd\/caed\/wp-json\/wp\/v2\/comments?post=3246"}],"version-history":[{"count":0,"href":"https:\/\/www.ufsm.br\/pro-reitorias\/prograd\/caed\/wp-json\/wp\/v2\/posts\/3246\/revisions"}],"wp:attachment":[{"href":"https:\/\/www.ufsm.br\/pro-reitorias\/prograd\/caed\/wp-json\/wp\/v2\/media?parent=3246"}],"wp:term":[{"taxonomy":"category","embeddable":true,"href":"https:\/\/www.ufsm.br\/pro-reitorias\/prograd\/caed\/wp-json\/wp\/v2\/categories?post=3246"},{"taxonomy":"post_tag","embeddable":true,"href":"https:\/\/www.ufsm.br\/pro-reitorias\/prograd\/caed\/wp-json\/wp\/v2\/tags?post=3246"}],"curies":[{"name":"wp","href":"https:\/\/api.w.org\/{rel}","templated":true}]}}