{"id":3255,"date":"2020-08-07T18:48:40","date_gmt":"2020-08-07T21:48:40","guid":{"rendered":"https:\/\/www.ufsm.br\/orgaos-executivos\/caed\/?p=3255"},"modified":"2020-08-07T18:48:40","modified_gmt":"2020-08-07T21:48:40","slug":"mes-do-estudante-recordacoes-da-casa-do-estudante-universitario-da-ufsm","status":"publish","type":"post","link":"https:\/\/www.ufsm.br\/pro-reitorias\/prograd\/caed\/2020\/08\/07\/mes-do-estudante-recordacoes-da-casa-do-estudante-universitario-da-ufsm","title":{"rendered":"M\u00eas do Estudante &#8211; Recorda\u00e7\u00f5es da Casa do Estudante Universit\u00e1rio da UFSM"},"content":{"rendered":"\n<p>A Universidade Federal de Santa Maria(UFSM)\/Coordenadoria de A\u00e7\u00f5es Educacionais(CAEd), neste m\u00eas de agosto, cujo dia 11 \u00e9 celebrado o Dia do Estudante, lembra a data por meio da Casa do Estudante Universit\u00e1rio, lar de muitos estudantes que constru\u00edram e seguem construindo a hist\u00f3ria dessa universidade.\u00a0<\/p>\n<p>&#8220;<span style=\"font-weight: 400\">Voc\u00ea j\u00e1 parou para pensar na quantidade de estudantes que passaram pela Casa do Estudante da UFSM? ?\ufe0f Quantas pessoas foram beneficiadas por este que \u00e9 um dos melhores programas de assist\u00eancia estudantil do pa\u00eds?\u00a0<\/span><\/p>\n<p><span style=\"font-weight: 400\">N\u00f3s perdemos as contas! Mas esse n\u00famero exato n\u00e3o importa!\u00a0<\/span><\/p>\n<p><span style=\"font-weight: 400\">Neste #M\u00easDoEstudante, importa saber que a UFSM fez a diferen\u00e7a na vida de muitas pessoas! Importa saber que muitos passaram por aqui, fizeram amigos, constitu\u00edram fam\u00edlia, realizaram sonhos e hoje est\u00e3o espalhados pelo mundo, transformando a nossa sociedade! \u2764\ufe0f\u2764\ufe0f\u2764\ufe0f<\/span><\/p>\n<p><span style=\"font-weight: 400\">Voc\u00ea tamb\u00e9m passou pela Casa do Estudante? CEU I, CEU II, CEU III, Casa do Estudante Ind\u00edgena ou mais recentemente pelas casas nos campi da UFSM?\u00a0<\/span><\/p>\n<p><span style=\"font-weight: 400\">Lendo esse texto voc\u00ea lembrou da sua chegada na Universidade? Do colch\u00e3o que carregava embaixo do bra\u00e7o? Da primeira pessoa que cruzou seu caminho? Do primeiro almo\u00e7o no Restaurante Universit\u00e1rio? Daquele colega de quarto que n\u00e3o deixava voc\u00ea estudar? Ou daquele que ainda hoje \u00e9 seu melhor amigo(a)?\u00a0<\/span><\/p>\n<p><span style=\"font-weight: 400\">Voc\u00ea deve ter muita hist\u00f3ria para contar!!! E n\u00f3s queremos te ouvir! ???<\/span><\/p>\n<p><span style=\"font-weight: 400\">Para relembrar o passado, para saber que nosso trabalho vale a pena, para valorizar quem est\u00e1 atuando nas a\u00e7\u00f5es de assist\u00eancia estudantil no dia a dia da UFSM e tamb\u00e9m para melhorar, pois sabemos que a luta da assist\u00eancia estudantil \u00e9 di\u00e1ria e constante! ?<\/span><\/p>\n<p><span style=\"font-weight: 400\">Voc\u00ea, que ainda \u00e9 aluno ou foi um dia, que morou na CEU ou que lembre de alguma hist\u00f3ria que presenciou por aqui (porque mesmo n\u00e3o morando na casa, voc\u00ea deve ter participado de uma jun\u00e7\u00e3o na casa do coleguinha) conte aqui a sua hist\u00f3ria! Ou use sua rede social\u2026 marque a UFSM, poste uma foto, marque aquele amigo(a), colega de curso, familiar!!!\u00a0\u00a0<\/span><\/p>\n<p><span style=\"font-weight: 400\">Use a #SouUFSM e a #SouCEU e conte pra gente sua rela\u00e7\u00e3o com a CEU!!!<\/span><\/p>\n<p><span style=\"font-weight: 400\">#UFSM60anos estreitando la\u00e7os com a comunidade!\u00a0<\/span><\/p>\n<p><span style=\"font-weight: 400\">Conhe\u00e7a a hist\u00f3ria da Casa do Estudante da UFSM: <a href=\"https:\/\/www.ufsm.br\/pro-reitorias\/prae\/ceu\/historia-da-casa\/\">https:\/\/www.ufsm.br\/pro-reitorias\/prae\/ceu\/historia-da-casa\/<\/a><\/span><\/p>\n<p><strong>Descri\u00e7\u00e3o de imagem:<\/strong> pr\u00e9dio de dois andares, nas cores azul e branca. A parte frontal possui cinco pilares de sustenta\u00e7\u00e3o roli\u00e7os, na cor branca. O pr\u00e9dio tem formato quadrado, com fachada na cor azul, onde l\u00ea-se &#8220;Uni\u00e3o Universit\u00e1ria&#8221;. A parte direita da fachada tem formato irregular, formando um agudo. As ruas em volta s\u00e3o cal\u00e7adas com basalto, e h\u00e1 carros estacionados em ambos os lados do pr\u00e9dio.\u00a0<\/p>\n<p>\u00a0<\/p>\n<figure id=\"attachment_3256\" aria-describedby=\"caption-attachment-3256\" style=\"width: 300px\" class=\"wp-caption alignnone\"><img fetchpriority=\"high\" decoding=\"async\" class=\"size-medium wp-image-3256\" src=\"https:\/\/www.ufsm.br\/orgaos-executivos\/caed\/wp-content\/uploads\/sites\/391\/2020\/08\/1-300x201.jpg\" alt=\"\" width=\"300\" height=\"201\" srcset=\"https:\/\/www.ufsm.br\/app\/uploads\/sites\/391\/2020\/08\/1-300x201.jpg 300w, https:\/\/www.ufsm.br\/app\/uploads\/sites\/391\/2020\/08\/1-272x182.jpg 272w, https:\/\/www.ufsm.br\/app\/uploads\/sites\/391\/2020\/08\/1.jpg 550w\" sizes=\"(max-width: 300px) 100vw, 300px\" \/><figcaption id=\"caption-attachment-3256\" class=\"wp-caption-text\"><span style=\"font-size: inherit\">Foto: Uni\u00e3o Universit\u00e1ria.\u00a0<\/span><\/figcaption><\/figure>\n<p><strong>Descri\u00e7\u00e3o de imagem:<\/strong> pr\u00e9dio de tr\u00eas andares, em formato retangular, nas cores azul e branca, com janelas de persianas. As cores s\u00e3o intercaladas, sendo o terr\u00e9o e parte do primeiro andar pintados de bra\u00e7o, o meio da estrutura em azul, e parte superior novamente em branco. Nas paredes do t\u00e9rreo, h\u00e1 arte em grafite.\u00a0<\/p>\n<p><img decoding=\"async\" class=\"alignnone size-medium wp-image-3257\" src=\"https:\/\/www.ufsm.br\/orgaos-executivos\/caed\/wp-content\/uploads\/sites\/391\/2020\/08\/2-300x205.jpg\" alt=\"\" width=\"300\" height=\"205\" srcset=\"https:\/\/www.ufsm.br\/app\/uploads\/sites\/391\/2020\/08\/2-300x205.jpg 300w, https:\/\/www.ufsm.br\/app\/uploads\/sites\/391\/2020\/08\/2.jpg 549w\" sizes=\"(max-width: 300px) 100vw, 300px\" \/><\/p>\n<p>Foto: Casa do Estudante Universit\u00e1rio, campus da UFSM de Santa Maria-RS.<\/p>\n<p><strong>Descri\u00e7\u00e3o de imagem:<\/strong> pr\u00e9dio de dez andares, bloco \u00fanico, na cor creme. \u00c0 esquerda, h\u00e1 duas fileiras de janelas iguais, retangulares, dispostas verticalmente e, ao lado direito, uma terceira fileira de janelas, quadradas, no sentido vertical, de tamanho mais amplo. Entre o primeiro e o segunda par de janelas, h\u00e1 arte em grafite.\u00a0<\/p>\n<p><img decoding=\"async\" class=\"alignnone size-medium wp-image-3258\" src=\"https:\/\/www.ufsm.br\/orgaos-executivos\/caed\/wp-content\/uploads\/sites\/391\/2020\/08\/3-300x300.jpg\" alt=\"\" width=\"300\" height=\"300\" srcset=\"https:\/\/www.ufsm.br\/app\/uploads\/sites\/391\/2020\/08\/3-300x300.jpg 300w, https:\/\/www.ufsm.br\/app\/uploads\/sites\/391\/2020\/08\/3-150x150.jpg 150w, https:\/\/www.ufsm.br\/app\/uploads\/sites\/391\/2020\/08\/3.jpg 720w\" sizes=\"(max-width: 300px) 100vw, 300px\" \/><\/p>\n<p>Foto: Casa do Estudante Universit\u00e1rio, centro de Santa Maria-RS<\/p>\n<p><strong>Descri\u00e7\u00e3o de imagem:<\/strong> interior de um pr\u00e9dio, parte do corredor, com paredes, na parte superior, na cor branca. Na apete inferior e nos dois pilares de sustenta\u00e7\u00e3o, que ladeiam o corredor, h\u00e1 arte ind\u00edgena. A parede ao fundo \u00e9 na cor marrom, com duas janelas, no sentido vertical. H\u00e1 seis pessoas, em p\u00e9, ao fundo do corredor, sendo tr\u00eas homens e tr\u00eas mulheres. A pessoa que est\u00e1 \u00e0 direita est\u00e1 com vestimentas tradicionais ind\u00edgenas.<\/p>\n<p><img loading=\"lazy\" decoding=\"async\" class=\"alignnone size-medium wp-image-3259\" src=\"https:\/\/www.ufsm.br\/orgaos-executivos\/caed\/wp-content\/uploads\/sites\/391\/2020\/08\/4-300x200.jpg\" alt=\"\" width=\"300\" height=\"200\" srcset=\"https:\/\/www.ufsm.br\/app\/uploads\/sites\/391\/2020\/08\/4-300x200.jpg 300w, https:\/\/www.ufsm.br\/app\/uploads\/sites\/391\/2020\/08\/4-272x182.jpg 272w, https:\/\/www.ufsm.br\/app\/uploads\/sites\/391\/2020\/08\/4.jpg 338w\" sizes=\"(max-width: 300px) 100vw, 300px\" \/><\/p>\n<p>Casa do Estudante Universit\u00e1rio Ind\u00edgena, UFSM campus de Santa Maria-RS<\/p>\n<p><strong>Descri\u00e7\u00e3o de imagem:<\/strong> pr\u00e9dio em formato de monobloco, retangular, com tr\u00eas andares, com uma torre dividindo-o ao meio. A torre est\u00e1 embutida no bloco, sendo que a metade dela projeta-se \u00e0 frente do pr\u00e9dio. O pr\u00e9dio \u00e9 na cor bege, com a torre na cor branca.\u00a0\u00a0<\/p>\n<p><img loading=\"lazy\" decoding=\"async\" class=\"alignnone size-medium wp-image-3260\" src=\"https:\/\/www.ufsm.br\/orgaos-executivos\/caed\/wp-content\/uploads\/sites\/391\/2020\/08\/5-300x199.jpg\" alt=\"\" width=\"300\" height=\"199\" srcset=\"https:\/\/www.ufsm.br\/app\/uploads\/sites\/391\/2020\/08\/5-300x199.jpg 300w, https:\/\/www.ufsm.br\/app\/uploads\/sites\/391\/2020\/08\/5-1024x681.jpg 1024w, https:\/\/www.ufsm.br\/app\/uploads\/sites\/391\/2020\/08\/5-768x511.jpg 768w, https:\/\/www.ufsm.br\/app\/uploads\/sites\/391\/2020\/08\/5.jpg 1280w\" sizes=\"(max-width: 300px) 100vw, 300px\" \/><\/p>\n<p>Foto: Casa do Estudante Universit\u00e1rio, Campus de Frederico Westphalen-RS.<\/p>\n<p><strong>Descri\u00e7\u00e3o de imagem:<\/strong> foto de dois pr\u00e9dios justapostos, de tr\u00eas andares, sendo a da esquerda na cor grafite e o da direita, na cor bege. Cada um possui uma torre na parte frontal da estrutura. \u00c0 frente, v\u00ea-se um campo de areia, circundado por um gramado. O acesso se d\u00e1 por meio de uma passarela. Atr\u00e1s, \u00e0 esquerda, h\u00e1 parte de um bosque.\u00a0<\/p>\n<p><img loading=\"lazy\" decoding=\"async\" class=\"alignnone size-medium wp-image-3261\" src=\"https:\/\/www.ufsm.br\/orgaos-executivos\/caed\/wp-content\/uploads\/sites\/391\/2020\/08\/6-300x156.jpg\" alt=\"\" width=\"300\" height=\"156\" srcset=\"https:\/\/www.ufsm.br\/app\/uploads\/sites\/391\/2020\/08\/6-300x156.jpg 300w, https:\/\/www.ufsm.br\/app\/uploads\/sites\/391\/2020\/08\/6-1024x531.jpg 1024w, https:\/\/www.ufsm.br\/app\/uploads\/sites\/391\/2020\/08\/6-768x398.jpg 768w, https:\/\/www.ufsm.br\/app\/uploads\/sites\/391\/2020\/08\/6-1536x797.jpg 1536w, https:\/\/www.ufsm.br\/app\/uploads\/sites\/391\/2020\/08\/6.jpg 1920w\" sizes=\"(max-width: 300px) 100vw, 300px\" \/><\/p>\n<p>Foto: Casa do Estudante Universit\u00e1rio, campus de Palmeira das Miss\u00f5es-RS.\u00a0<\/p>\n<p>\u00a0<\/p>\n","protected":false},"excerpt":{"rendered":"<p>A Universidade Federal de Santa Maria(UFSM)\/Coordenadoria de A\u00e7\u00f5es Educacionais(CAEd), neste m\u00eas de agosto, cujo dia 11 \u00e9 celebrado o Dia do Estudante, lembra a data por meio da Casa do Estudante Universit\u00e1rio, lar de muitos estudantes que constru\u00edram e seguem construindo a hist\u00f3ria dessa universidade.\u00a0 &#8220;Voc\u00ea j\u00e1 parou para pensar na quantidade de estudantes que [&hellip;]<\/p>\n","protected":false},"author":252,"featured_media":0,"comment_status":"closed","ping_status":"closed","sticky":false,"template":"","format":"standard","meta":{"footnotes":""},"categories":[1],"tags":[],"class_list":["post-3255","post","type-post","status-publish","format-standard","hentry","category-sem-categoria"],"acf":[],"_links":{"self":[{"href":"https:\/\/www.ufsm.br\/pro-reitorias\/prograd\/caed\/wp-json\/wp\/v2\/posts\/3255","targetHints":{"allow":["GET"]}}],"collection":[{"href":"https:\/\/www.ufsm.br\/pro-reitorias\/prograd\/caed\/wp-json\/wp\/v2\/posts"}],"about":[{"href":"https:\/\/www.ufsm.br\/pro-reitorias\/prograd\/caed\/wp-json\/wp\/v2\/types\/post"}],"author":[{"embeddable":true,"href":"https:\/\/www.ufsm.br\/pro-reitorias\/prograd\/caed\/wp-json\/wp\/v2\/users\/252"}],"replies":[{"embeddable":true,"href":"https:\/\/www.ufsm.br\/pro-reitorias\/prograd\/caed\/wp-json\/wp\/v2\/comments?post=3255"}],"version-history":[{"count":0,"href":"https:\/\/www.ufsm.br\/pro-reitorias\/prograd\/caed\/wp-json\/wp\/v2\/posts\/3255\/revisions"}],"wp:attachment":[{"href":"https:\/\/www.ufsm.br\/pro-reitorias\/prograd\/caed\/wp-json\/wp\/v2\/media?parent=3255"}],"wp:term":[{"taxonomy":"category","embeddable":true,"href":"https:\/\/www.ufsm.br\/pro-reitorias\/prograd\/caed\/wp-json\/wp\/v2\/categories?post=3255"},{"taxonomy":"post_tag","embeddable":true,"href":"https:\/\/www.ufsm.br\/pro-reitorias\/prograd\/caed\/wp-json\/wp\/v2\/tags?post=3255"}],"curies":[{"name":"wp","href":"https:\/\/api.w.org\/{rel}","templated":true}]}}