{"id":3264,"date":"2020-08-10T18:33:57","date_gmt":"2020-08-10T21:33:57","guid":{"rendered":"https:\/\/www.ufsm.br\/orgaos-executivos\/caed\/?p=3264"},"modified":"2020-08-10T18:33:57","modified_gmt":"2020-08-10T21:33:57","slug":"live-covidpsiq-apresentacao-dos-resultados-da-segunda-fase-do-projeto-covidpsiq","status":"publish","type":"post","link":"https:\/\/www.ufsm.br\/pro-reitorias\/prograd\/caed\/2020\/08\/10\/live-covidpsiq-apresentacao-dos-resultados-da-segunda-fase-do-projeto-covidpsiq","title":{"rendered":"LIVE COVIDPsiq: Apresenta\u00e7\u00e3o dos resultados da segunda fase do projeto COVIDPsiq"},"content":{"rendered":"\n<p>A Universidade Federal de Santa Maria(UFSM)\/Coordenadoria de A\u00e7\u00f5es Educacionais(CAEd) divulga a LIVE COVIDPsiq: Apresenta\u00e7\u00e3o dos resultados da segunda fase do projeto COVIDPsiq, que ocorrer\u00e1 dia 10 de agosto, ter\u00e7a-feira, \u00e0s 20h00min.<\/p>\n<p>Para acompanhar, acesse o link da live\u00a0<a href=\"https:\/\/youtu.be\/0oI7P75NZNY\" target=\"_blank\" rel=\"noopener noreferrer\" data-saferedirecturl=\"https:\/\/www.google.com\/url?q=https:\/\/youtu.be\/0oI7P75NZNY&amp;source=gmail&amp;ust=1597180104998000&amp;usg=AFQjCNFt4i2cNsuhAzGRXL8mqYD9N1RGrA\">https:\/\/youtu.be\/0oI7P75NZNY<\/a> no canal no YouTube ou acesse o Facebook COVID Psiq.<\/p>\n<p style=\"font-weight: 400;text-align: center\"><strong>Projeto COVID Psiq<\/strong><\/p>\n<p>&#8220;Como emerg\u00eancia em sa\u00fade p\u00fablica, o foco durante a pandemia da COVID-19 tem sido o combate \u00e0 infec\u00e7\u00e3o, instituindo medidas de isolamento social. Frente a isso, a sobrecarga emocional, muitas vezes negligenciada, pode desencadear transtornos mentais. \u00c9 com essa premissa que o projeto de pesquisa CovidPsiq busca o \u201cMonitoramento da evolu\u00e7\u00e3o da sintomatologia p\u00f3s-traum\u00e1tica, depress\u00e3o e ansiedade durante a pandemia de COVID-19 em brasileiros\u201d, visando acompanhar as repercuss\u00f5es ps\u00edquicas e assim possibilitar a identifica\u00e7\u00e3o da demanda por servi\u00e7os em sa\u00fade mental.<\/p>\n<p>Convidamos todos para participarem da live com a tem\u00e1tica \u201cApresenta\u00e7\u00e3o dos resultados da segunda fase do projeto COVIDPsiq&#8221; pelo Prof. Dr. Vitor Crestani Calegaro, que acontecera\u0301 no dia 11 de agosto, \u00e0s 20h.<br \/>O Prof. Dr. Vitor Crestani Calegaro, pesquisador responsa\u0301vel pelo projeto CovidPsiq, e\u0301 professor adjunto do Departamento de Neuropsiquiatria da Universidade Federal de Santa Maria., coordena o Ambulato\u0301rio de Psiquiatria do Centro Integrado de Atenc\u0327a\u0303o a\u0300s Vi\u0301timas de Acidentes (CIAVA), no Hospital Universita\u0301rio de Santa Maria e atua como me\u0301dico psiquiatra na Coordenadoria de Ac\u0327o\u0303es Educacionais (CAEd\/UFSM) prestando atendimento aos alunos da instituic\u0327a\u0303o. O convite est\u00e1 aberto a todas as pessoas interessadas em saber mais sobre os efeitos da pandemia na sa\u00fade mental.<br \/>Esse evento est\u00e1 sendo promovido pela Coordenadoria de A\u00e7\u00f5es Educacionais &#8211; CAED UFSM.<br \/>Para acompanhar, acesse o link da live\u00a0<a href=\"https:\/\/youtu.be\/0oI7P75NZNY\" data-saferedirecturl=\"https:\/\/www.google.com\/url?q=https:\/\/youtu.be\/0oI7P75NZNY&amp;source=gmail&amp;ust=1597180104998000&amp;usg=AFQjCNFt4i2cNsuhAzGRXL8mqYD9N1RGrA\">https:\/\/youtu.be\/0oI7P75NZNY<\/a>\u00a0no nosso canal no YouTube, ou acesse nosso Facebook COVIDPsiq&#8221;.\u00a0<\/p>\n<p><strong>DESCRI\u00c7\u00c3O DE IMAGEM<\/strong>: ilustra\u00e7\u00e3o em formato quadrado, dividida em duas partes por um tra\u00e7o diagonal, sendo que a parte superior, de tamanho maior, possui cor bege. A parte inferior, que tem sua maior parte no canto inferior direito, possui cor roxa. Na parte superior da imagem, da esquerda para a direita, h\u00e1 a inscri\u00e7\u00e3o \u201cLIVE\u201d, na cor roxa. Na sequ\u00eancia, h\u00e1 o logo do YouTube (ret\u00e2ngulo vermelho, de \u00e2ngulos arredondadas, com um tri\u00e2ngulo branco ao centro, indicando \u00e0 direita) e, abaixo dele, h\u00e1 o logo do Facebook (quadrado azul, de \u00e2ngulos arredondados, com a letra F min\u00fascula ao centro, na cor branca). \u00c0 direita deles, h\u00e1 o bras\u00e3o da Universidade Federal de Santa Maria (UFSM), formado pelos seguintes elementos: tr\u00eas archotes de fogo, que simbolizam os tr\u00eas pilares da universidade: ensino, pesquisa e extens\u00e3o; a flor-de-lis, simbolizando a purifica\u00e7\u00e3o, e os archotes com a chama do conhecimento, representando a luz que ilumina o caminho para a sabedoria; o bras\u00e3o, denotando moral e respeito; a frase em latim \u201cSedes Sapientiae\u201d, que significa sede (lugar, casa) da sabedoria*. Ao lado direito deste, h\u00e1 o logo do projeto COVIDPsiq (rosto humano, de perfil, delineado na cor roxa, com a imagem de uma \u00e1rvore, cuja copa est\u00e1 no lugar do c\u00e9rebro) e o logo da Liga de Psiquiatria UFSM, LAPSIQ UFSM (rosto humano, de perfil, na cor roxa, com um c\u00e9rebro representado com as sinapses neuronais). Por \u00faltimo, repete-se o bras\u00e3o da UFSM, com a sigla CAED (Coordenadoria de A\u00e7\u00f5es Educacionais) como base. Abaixo, em sentido horizontal, distribu\u00edda em tr\u00eas linhas, l\u00ea-se: \u201cApresenta\u00e7\u00e3o dos resultados da segunda fase do projeto COVIDPsiq\u201d. Abaixo, no canto inferior esquerdo, dentro de um c\u00edrculo, delineado por bordas roxas, h\u00e1 a foto do Prof. Dr. Vitor Crestani Calegaro, tratando-se de um homem de pele clara, cabelos curtos e castanhos e express\u00e3o sorridente. Usa \u00f3culos de grau e barba. Veste camisa social, blusa pull over (nas cores marrom e preta) e casaco preto. A identifica\u00e7\u00e3o do professor encontra-se abaixo da imagem. A foto divide-se entre as duas cores de fundo da imagem, bege e roxa. No canto inferior direito, dividido em duas linhas, em sentido horizontal, consta a data e hor\u00e1rio de realiza\u00e7\u00e3o do evento: \u201c11 de agosto \u00e0s 20h\u201d. Abaixo, l\u00ea-se: \u201cPara acompanhar, acesse nosso canal COVIDPsiq no YouTube ou nossa p\u00e1gina no Facebook\u201d. Fonte da descri\u00e7\u00e3o: Identidade Visual (<a href=\"https:\/\/www.ufsm.br\/identidade-institucional\/\" data-saferedirecturl=\"https:\/\/www.google.com\/url?q=https:\/\/www.ufsm.br\/identidade-institucional\/&amp;source=gmail&amp;ust=1597180104998000&amp;usg=AFQjCNGZWCNu2L2_qJ2btF9z17x0ARlCOA\">https:\/\/www.ufsm.br\/identidade-institucional\/<\/a>), em 10 de agosto de 2020.<\/p>\n<p><img fetchpriority=\"high\" decoding=\"async\" class=\"alignnone size-medium wp-image-3265\" src=\"https:\/\/www.ufsm.br\/orgaos-executivos\/caed\/wp-content\/uploads\/sites\/391\/2020\/08\/LIVE-COVID-Psiq-300x300.jpeg\" alt=\"\" width=\"300\" height=\"300\" srcset=\"https:\/\/www.ufsm.br\/app\/uploads\/sites\/391\/2020\/08\/LIVE-COVID-Psiq-300x300.jpeg 300w, https:\/\/www.ufsm.br\/app\/uploads\/sites\/391\/2020\/08\/LIVE-COVID-Psiq-1024x1024.jpeg 1024w, https:\/\/www.ufsm.br\/app\/uploads\/sites\/391\/2020\/08\/LIVE-COVID-Psiq-150x150.jpeg 150w, https:\/\/www.ufsm.br\/app\/uploads\/sites\/391\/2020\/08\/LIVE-COVID-Psiq-768x768.jpeg 768w, https:\/\/www.ufsm.br\/app\/uploads\/sites\/391\/2020\/08\/LIVE-COVID-Psiq.jpeg 1080w\" sizes=\"(max-width: 300px) 100vw, 300px\" \/><\/p>\n","protected":false},"excerpt":{"rendered":"<p>A Universidade Federal de Santa Maria(UFSM)\/Coordenadoria de A\u00e7\u00f5es Educacionais(CAEd) divulga a LIVE COVIDPsiq: Apresenta\u00e7\u00e3o dos resultados da segunda fase do projeto COVIDPsiq, que ocorrer\u00e1 dia 10 de agosto, ter\u00e7a-feira, \u00e0s 20h00min. Para acompanhar, acesse o link da live\u00a0https:\/\/youtu.be\/0oI7P75NZNY no canal no YouTube ou acesse o Facebook COVID Psiq. Projeto COVID Psiq &#8220;Como emerg\u00eancia em sa\u00fade [&hellip;]<\/p>\n","protected":false},"author":252,"featured_media":0,"comment_status":"closed","ping_status":"closed","sticky":false,"template":"","format":"standard","meta":{"footnotes":""},"categories":[1],"tags":[],"class_list":["post-3264","post","type-post","status-publish","format-standard","hentry","category-sem-categoria"],"acf":[],"_links":{"self":[{"href":"https:\/\/www.ufsm.br\/pro-reitorias\/prograd\/caed\/wp-json\/wp\/v2\/posts\/3264","targetHints":{"allow":["GET"]}}],"collection":[{"href":"https:\/\/www.ufsm.br\/pro-reitorias\/prograd\/caed\/wp-json\/wp\/v2\/posts"}],"about":[{"href":"https:\/\/www.ufsm.br\/pro-reitorias\/prograd\/caed\/wp-json\/wp\/v2\/types\/post"}],"author":[{"embeddable":true,"href":"https:\/\/www.ufsm.br\/pro-reitorias\/prograd\/caed\/wp-json\/wp\/v2\/users\/252"}],"replies":[{"embeddable":true,"href":"https:\/\/www.ufsm.br\/pro-reitorias\/prograd\/caed\/wp-json\/wp\/v2\/comments?post=3264"}],"version-history":[{"count":0,"href":"https:\/\/www.ufsm.br\/pro-reitorias\/prograd\/caed\/wp-json\/wp\/v2\/posts\/3264\/revisions"}],"wp:attachment":[{"href":"https:\/\/www.ufsm.br\/pro-reitorias\/prograd\/caed\/wp-json\/wp\/v2\/media?parent=3264"}],"wp:term":[{"taxonomy":"category","embeddable":true,"href":"https:\/\/www.ufsm.br\/pro-reitorias\/prograd\/caed\/wp-json\/wp\/v2\/categories?post=3264"},{"taxonomy":"post_tag","embeddable":true,"href":"https:\/\/www.ufsm.br\/pro-reitorias\/prograd\/caed\/wp-json\/wp\/v2\/tags?post=3264"}],"curies":[{"name":"wp","href":"https:\/\/api.w.org\/{rel}","templated":true}]}}