{"id":3266,"date":"2020-08-12T10:23:04","date_gmt":"2020-08-12T13:23:04","guid":{"rendered":"https:\/\/www.ufsm.br\/orgaos-executivos\/caed\/?p=3266"},"modified":"2020-08-12T10:23:04","modified_gmt":"2020-08-12T13:23:04","slug":"questionario-de-trabalho-de-conclusao-de-curso-tcc-a-representacao-da-pessoa-com-deficiencia-nas-producoes-audiovisuais-ao-redor-do-mundo","status":"publish","type":"post","link":"https:\/\/www.ufsm.br\/pro-reitorias\/prograd\/caed\/2020\/08\/12\/questionario-de-trabalho-de-conclusao-de-curso-tcc-a-representacao-da-pessoa-com-deficiencia-nas-producoes-audiovisuais-ao-redor-do-mundo","title":{"rendered":"Question\u00e1rio de Trabalho de Conclus\u00e3o de Curso (TCC) &#8211; A representa\u00e7\u00e3o da pessoa com defici\u00eancia nas produ\u00e7\u00f5es audiovisuais ao redor do mundo"},"content":{"rendered":"\n<p>A Universidade Federal de Santa Maria(UFSM)\/Coordenadoria de A\u00e7\u00f5es Educacionais(CAEd) soma-se \u00e0 divulga\u00e7\u00e3o do question\u00e1rio para Trabalho de Conclus\u00e3o de Curso (TCC) e solicita a colabora\u00e7\u00e3o de todos.<\/p>\n<p>T\u00edtulo provis\u00f3rio: <strong>A representa\u00e7\u00e3o da pessoa com defici\u00eancia nas produ\u00e7\u00f5es audiovisuais ao redor do mundo<\/strong><\/p>\n<p>Professora: Cristina Marques Gomes<br \/>Acad\u00eamica: Andressa Gabriela Santos Silva<br \/>Curso: Comunica\u00e7\u00e3o Social-Produ\u00e7\u00e3o Editorial<br \/>Matr\u00edcula: 201710559<br \/>Link para o question\u00e1rio:\u00a0<a href=\"https:\/\/docs.google.com\/forms\/d\/e\/1FAIpQLSdjujZqdt1E5eXj10KhxE26XKNcpAnbTDst2WP0-mEC_kHDIg\/viewform?usp=sf_link\" target=\"_blank\" rel=\"noopener noreferrer\">https:\/\/docs.google.com\/forms\/d\/e\/1FAIpQLSdjujZqdt1E5eXj10KhxE26XKNcpAnbTDst2WP0-mEC_kHDIg\/viewform?usp=sf_link<\/a>\u00a0\u00a0<\/p>\n","protected":false},"excerpt":{"rendered":"<p>A Universidade Federal de Santa Maria(UFSM)\/Coordenadoria de A\u00e7\u00f5es Educacionais(CAEd) soma-se \u00e0 divulga\u00e7\u00e3o do question\u00e1rio para Trabalho de Conclus\u00e3o de Curso (TCC) e solicita a colabora\u00e7\u00e3o de todos. T\u00edtulo provis\u00f3rio: A representa\u00e7\u00e3o da pessoa com defici\u00eancia nas produ\u00e7\u00f5es audiovisuais ao redor do mundo Professora: Cristina Marques GomesAcad\u00eamica: Andressa Gabriela Santos SilvaCurso: Comunica\u00e7\u00e3o Social-Produ\u00e7\u00e3o EditorialMatr\u00edcula: 201710559Link para [&hellip;]<\/p>\n","protected":false},"author":252,"featured_media":0,"comment_status":"closed","ping_status":"closed","sticky":false,"template":"","format":"standard","meta":{"footnotes":""},"categories":[1],"tags":[],"class_list":["post-3266","post","type-post","status-publish","format-standard","hentry","category-sem-categoria"],"acf":[],"_links":{"self":[{"href":"https:\/\/www.ufsm.br\/pro-reitorias\/prograd\/caed\/wp-json\/wp\/v2\/posts\/3266","targetHints":{"allow":["GET"]}}],"collection":[{"href":"https:\/\/www.ufsm.br\/pro-reitorias\/prograd\/caed\/wp-json\/wp\/v2\/posts"}],"about":[{"href":"https:\/\/www.ufsm.br\/pro-reitorias\/prograd\/caed\/wp-json\/wp\/v2\/types\/post"}],"author":[{"embeddable":true,"href":"https:\/\/www.ufsm.br\/pro-reitorias\/prograd\/caed\/wp-json\/wp\/v2\/users\/252"}],"replies":[{"embeddable":true,"href":"https:\/\/www.ufsm.br\/pro-reitorias\/prograd\/caed\/wp-json\/wp\/v2\/comments?post=3266"}],"version-history":[{"count":0,"href":"https:\/\/www.ufsm.br\/pro-reitorias\/prograd\/caed\/wp-json\/wp\/v2\/posts\/3266\/revisions"}],"wp:attachment":[{"href":"https:\/\/www.ufsm.br\/pro-reitorias\/prograd\/caed\/wp-json\/wp\/v2\/media?parent=3266"}],"wp:term":[{"taxonomy":"category","embeddable":true,"href":"https:\/\/www.ufsm.br\/pro-reitorias\/prograd\/caed\/wp-json\/wp\/v2\/categories?post=3266"},{"taxonomy":"post_tag","embeddable":true,"href":"https:\/\/www.ufsm.br\/pro-reitorias\/prograd\/caed\/wp-json\/wp\/v2\/tags?post=3266"}],"curies":[{"name":"wp","href":"https:\/\/api.w.org\/{rel}","templated":true}]}}