{"id":3267,"date":"2020-08-12T10:41:45","date_gmt":"2020-08-12T13:41:45","guid":{"rendered":"https:\/\/www.ufsm.br\/orgaos-executivos\/caed\/?p=3267"},"modified":"2020-08-12T10:41:45","modified_gmt":"2020-08-12T13:41:45","slug":"questionario-do-centro-de-processamento-de-dados-cpd-sobre-o-uso-de-tecnologias-de-informacao-e-comunicacao-tics-na-educacao","status":"publish","type":"post","link":"https:\/\/www.ufsm.br\/pro-reitorias\/prograd\/caed\/2020\/08\/12\/questionario-do-centro-de-processamento-de-dados-cpd-sobre-o-uso-de-tecnologias-de-informacao-e-comunicacao-tics-na-educacao","title":{"rendered":"Question\u00e1rio do Centro de Processamento de Dados (CPD) sobre o uso de Tecnologias de Informa\u00e7\u00e3o e Comunica\u00e7\u00e3o (TICs) na educa\u00e7\u00e3o"},"content":{"rendered":"\n<p>A Universidade Federal de Santa Maria(UFSM)\/Coordenadoria de A\u00e7\u00f5es Educacionais(CAEd) soma-se \u00e0 divulga\u00e7\u00e3o do question\u00e1rio do Centro de Processamento de Dados (CPD) sobre uso das Tecnologias de Informa\u00e7\u00e3o e Comunica\u00e7\u00e3o (TICs) na educa\u00e7\u00e3o.<\/p>\n<p>Solicitamos a colabora\u00e7\u00e3o de todos na resposta ao question\u00e1rio.<\/p>\n<p>Maiores informa\u00e7\u00f5es no link a seguir: <a href=\"https:\/\/www.ufsm.br\/orgaos-suplementares\/cpd\/2020\/08\/05\/levantamento-de-informacoes-sobre-o-uso-das-tics-na-educacao-pdti-2020\/\">https:\/\/www.ufsm.br\/orgaos-suplementares\/cpd\/2020\/08\/05\/levantamento-de-informacoes-sobre-o-uso-das-tics-na-educacao-pdti-2020\/<\/a><\/p>\n","protected":false},"excerpt":{"rendered":"<p>A Universidade Federal de Santa Maria(UFSM)\/Coordenadoria de A\u00e7\u00f5es Educacionais(CAEd) soma-se \u00e0 divulga\u00e7\u00e3o do question\u00e1rio do Centro de Processamento de Dados (CPD) sobre uso das Tecnologias de Informa\u00e7\u00e3o e Comunica\u00e7\u00e3o (TICs) na educa\u00e7\u00e3o. Solicitamos a colabora\u00e7\u00e3o de todos na resposta ao question\u00e1rio. Maiores informa\u00e7\u00f5es no link a seguir: https:\/\/www.ufsm.br\/orgaos-suplementares\/cpd\/2020\/08\/05\/levantamento-de-informacoes-sobre-o-uso-das-tics-na-educacao-pdti-2020\/<\/p>\n","protected":false},"author":252,"featured_media":0,"comment_status":"closed","ping_status":"closed","sticky":false,"template":"","format":"standard","meta":{"footnotes":""},"categories":[1],"tags":[],"class_list":["post-3267","post","type-post","status-publish","format-standard","hentry","category-sem-categoria"],"acf":[],"_links":{"self":[{"href":"https:\/\/www.ufsm.br\/pro-reitorias\/prograd\/caed\/wp-json\/wp\/v2\/posts\/3267","targetHints":{"allow":["GET"]}}],"collection":[{"href":"https:\/\/www.ufsm.br\/pro-reitorias\/prograd\/caed\/wp-json\/wp\/v2\/posts"}],"about":[{"href":"https:\/\/www.ufsm.br\/pro-reitorias\/prograd\/caed\/wp-json\/wp\/v2\/types\/post"}],"author":[{"embeddable":true,"href":"https:\/\/www.ufsm.br\/pro-reitorias\/prograd\/caed\/wp-json\/wp\/v2\/users\/252"}],"replies":[{"embeddable":true,"href":"https:\/\/www.ufsm.br\/pro-reitorias\/prograd\/caed\/wp-json\/wp\/v2\/comments?post=3267"}],"version-history":[{"count":0,"href":"https:\/\/www.ufsm.br\/pro-reitorias\/prograd\/caed\/wp-json\/wp\/v2\/posts\/3267\/revisions"}],"wp:attachment":[{"href":"https:\/\/www.ufsm.br\/pro-reitorias\/prograd\/caed\/wp-json\/wp\/v2\/media?parent=3267"}],"wp:term":[{"taxonomy":"category","embeddable":true,"href":"https:\/\/www.ufsm.br\/pro-reitorias\/prograd\/caed\/wp-json\/wp\/v2\/categories?post=3267"},{"taxonomy":"post_tag","embeddable":true,"href":"https:\/\/www.ufsm.br\/pro-reitorias\/prograd\/caed\/wp-json\/wp\/v2\/tags?post=3267"}],"curies":[{"name":"wp","href":"https:\/\/api.w.org\/{rel}","templated":true}]}}