{"id":3268,"date":"2020-08-12T11:04:00","date_gmt":"2020-08-12T14:04:00","guid":{"rendered":"https:\/\/www.ufsm.br\/orgaos-executivos\/caed\/?p=3268"},"modified":"2026-07-28T10:02:35","modified_gmt":"2026-07-28T13:02:35","slug":"ufsm-sem-assedio","status":"publish","type":"post","link":"https:\/\/www.ufsm.br\/pro-reitorias\/prograd\/caed\/2020\/08\/12\/ufsm-sem-assedio","title":{"rendered":"UFSM sem Ass\u00e9dio"},"content":{"rendered":"\n<p>A Universidade Federal de Santa Maria(UFSM)\/Coordenadoria de A\u00e7\u00f5es Educacionais(CAEd) soma-se \u00e0 divulga\u00e7\u00e3o da campanha UFSM sem Ass\u00e9dio, prestando esclarecimentos sobre as formas de ass\u00e9dio e como denunci\u00e1-las.<\/p>\n<p><strong>Descri\u00e7\u00e3o da Imagem:<\/strong> imagem na horizontal, com o fundo na cor cinza. No meio da imagem, h\u00e1 uma faixa na cor laranja; dentro dessa, est\u00e1 escrito, em letras mai\u00fasculas, \u201cN\u00e3o somos todos(as) iguais. Somos todos(as) plurais!\u201d. Acima dessa faixa, h\u00e1 cinco palavras escritas, sendo estas: ra\u00e7as, religi\u00f5es, credos, classes sociais e defici\u00eancias. Abaixo, h\u00e1 mais cinco palavras, sendo estas: g\u00eaneros, idades, orienta\u00e7\u00f5es sexuais, etnias e cores. No centro da imagem, na parte inferior, est\u00e1 escrito \u201cUFSM, <a href=\"https:\/\/www.facebook.com\/hashtag\/ufsmsemass%C3%A9dio?epa=HASHTAG\">#UFSMSEMASS\u00c9DIO<\/a>\u201d.<\/p>\n<p><img fetchpriority=\"high\" decoding=\"async\" class=\"alignnone size-medium wp-image-3269\" src=\"https:\/\/www.ufsm.br\/orgaos-executivos\/caed\/wp-content\/uploads\/sites\/391\/2020\/08\/a-300x224.jpg\" alt=\"\" width=\"300\" height=\"224\" srcset=\"https:\/\/www.ufsm.br\/app\/uploads\/sites\/391\/2020\/08\/a-300x224.jpg 300w, https:\/\/www.ufsm.br\/app\/uploads\/sites\/391\/2020\/08\/a.jpg 587w\" sizes=\"(max-width: 300px) 100vw, 300px\" \/><\/p>\n<p><strong>Descri\u00e7\u00e3o da Imagem:<\/strong> imagem na horizontal, com o fundo na cor verde. Na parte superior, est\u00e1 escrito \u201cAss\u00e9dio: Como denunciar\u201d; abaixo, est\u00e1 escrito, sequencialmente \u201c-Anotar em detalhes todas as humilha\u00e7\u00f5es sofridas, prints de conversas, hor\u00e1rios, datas e locais bem detalhados;\u201d, \u201c- Dar visibilidade ao fato, procurando ajuda de colegas;\u201d, \u201c-Entrar em contato com a Ouvidoria, prestando o maior n\u00famero de informa\u00e7\u00f5es poss\u00edvel.\u201d. Logo abaixo, est\u00e1 escrito \u201cT\u00e9rreo da Reitoria (pr\u00e9dio 47), sala 109. Denuncie: <a href=\"http:\/\/ufsm.br\/ouvidoria?fbclid=IwAR26u81qHGvos8IcntCMDKYq1bMwlHRH3gPvR1R1CKsOAst3E0GSihTJ5gs\">ufsm.br\/ouvidoria<\/a>\u201d. No centro inferior da imagem, est\u00e1 escrito \u201cUFSM,\u00a0<a href=\"https:\/\/www.facebook.com\/hashtag\/ufsmsemass%C3%A9dio?epa=HASHTAG\">#UFSMSEMASS\u00c9DIO<\/a>\u201d.<\/p>\n<p><img decoding=\"async\" class=\"alignnone size-medium wp-image-3270\" src=\"https:\/\/www.ufsm.br\/orgaos-executivos\/caed\/wp-content\/uploads\/sites\/391\/2020\/08\/b-300x225.jpg\" alt=\"\" width=\"300\" height=\"225\" srcset=\"https:\/\/www.ufsm.br\/app\/uploads\/sites\/391\/2020\/08\/b-300x225.jpg 300w, https:\/\/www.ufsm.br\/app\/uploads\/sites\/391\/2020\/08\/b.jpg 580w\" sizes=\"(max-width: 300px) 100vw, 300px\" \/><\/p>\n<p><strong>Descri\u00e7\u00e3o da Imagem:<\/strong> imagem na horizontal, com o fundo na cor verde. Na parte superior, est\u00e1 escrito, em letras mai\u00fasculas, \u201cAss\u00e9dio sexual \u00e9 crime!\u201d. Abaixo, est\u00e1 escrito, sequencialmente, \u201c- Contato f\u00edsico n\u00e3o desejado\u201d, \u201c- Chantagens\u201d, \u201c- Convites impr\u00f3prios\u201d, \u201c- Conversas indesejadas\u201d. Logo abaixo, em letras mai\u00fasculas, \u201cDenuncie!\u201d. No centro inferior da imagem, est\u00e1 escrito \u201cUFSM, <a href=\"https:\/\/www.facebook.com\/hashtag\/ufsmsemass%C3%A9dio?epa=HASHTAG\">#UFSMSEMASS\u00c9DIO<\/a>\u201d.<\/p>\n<p><img decoding=\"async\" class=\"alignnone size-medium wp-image-3272\" src=\"https:\/\/www.ufsm.br\/orgaos-executivos\/caed\/wp-content\/uploads\/sites\/391\/2020\/08\/c-300x225.jpg\" alt=\"\" width=\"300\" height=\"225\" srcset=\"https:\/\/www.ufsm.br\/app\/uploads\/sites\/391\/2020\/08\/c-300x225.jpg 300w, https:\/\/www.ufsm.br\/app\/uploads\/sites\/391\/2020\/08\/c.jpg 585w\" sizes=\"(max-width: 300px) 100vw, 300px\" \/><\/p>\n<p><strong>Descri\u00e7\u00e3o da Imagem:<\/strong> imagem na horizontal, com o fundo na cor verde. Na parte superior, est\u00e1 escrito, em letras mai\u00fasculas, \u201cUFSM sem ass\u00e9dio moral!\u201d. Abaixo, est\u00e1 escrito, sequencialmente \u201c- Agress\u00f5es verbais\u201d, \u201c- Humilha\u00e7\u00f5es\u201d, \u201c- Constrangimentos\u201d, \u201c-Amea\u00e7as\u201d. Abaixo, em letras mai\u00fasculas, est\u00e1 escrito \u201cDenuncie!\u201d. No centro inferior da imagem, est\u00e1 escrito \u201cUFSM, <a href=\"https:\/\/www.facebook.com\/hashtag\/ufsmsemass%C3%A9dio?epa=HASHTAG\">#UFSMSEMASS\u00c9DIO<\/a>\u201d.<\/p>\n<p><img loading=\"lazy\" decoding=\"async\" class=\"alignnone size-medium wp-image-3273\" src=\"https:\/\/www.ufsm.br\/orgaos-executivos\/caed\/wp-content\/uploads\/sites\/391\/2020\/08\/D-1-300x224.jpg\" alt=\"\" width=\"300\" height=\"224\" srcset=\"https:\/\/www.ufsm.br\/app\/uploads\/sites\/391\/2020\/08\/D-1-300x224.jpg 300w, https:\/\/www.ufsm.br\/app\/uploads\/sites\/391\/2020\/08\/D-1.jpg 587w\" sizes=\"(max-width: 300px) 100vw, 300px\" \/><\/p>\n<p><strong>Descri\u00e7\u00e3o da Imagem:<\/strong> imagem na horizontal, com o fundo na cor verde. Na parte superior, est\u00e1 escrito, em letras mai\u00fasculas, \u201cUFSM sem abuso de poder!\u201d. Abaixo, est\u00e1 escrito, sequencialmente \u201c- Apoderar-se do espa\u00e7o p\u00fablico (sala, setor, m\u00f3veis)\u201d \u201c- Humilhar ou amea\u00e7ar os funcion\u00e1rios\u201d. Logo abaixo, em letras mai\u00fasculas, est\u00e1 escrito \u201cDenuncie!\u201d. No centro inferior da imagem, est\u00e1 escrito \u201cUFSM, <a href=\"https:\/\/www.facebook.com\/hashtag\/ufsmsemass%C3%A9dio?epa=HASHTAG\">#UFSMSEMASS\u00c9DIO<\/a>\u201d.<\/p>\n<p><img loading=\"lazy\" decoding=\"async\" class=\"alignnone size-medium wp-image-3274\" src=\"https:\/\/www.ufsm.br\/orgaos-executivos\/caed\/wp-content\/uploads\/sites\/391\/2020\/08\/E-300x225.jpg\" alt=\"\" width=\"300\" height=\"225\" srcset=\"https:\/\/www.ufsm.br\/app\/uploads\/sites\/391\/2020\/08\/E-300x225.jpg 300w, https:\/\/www.ufsm.br\/app\/uploads\/sites\/391\/2020\/08\/E.jpg 583w\" sizes=\"(max-width: 300px) 100vw, 300px\" \/><\/p>\n<p><strong>Descri\u00e7\u00e3o da Imagem:<\/strong> imagem na horizontal, com o fundo na cor rosa. H\u00e1 duas colunas separadas por uma linha. Na primeira coluna, na parte superior, est\u00e1 escrito, em letras mai\u00fasculas, \u201cInj\u00faria Racial\u201d; abaixo, est\u00e1 escrito \u201cAgress\u00f5es verbais para ofender UMA PESSOA falando sobre sua ra\u00e7a, cor, etnia, religi\u00e3o, origem ou defici\u00eancia.\u201d. Na segunda coluna, na parte superior, est\u00e1 escrito, em letras mai\u00fasculas, \u201cRacismo\u201d. Abaixo, est\u00e1 escrito, \u201cConduta discriminat\u00f3ria a um GRUPO OU COLETIVIDADE por conta de sua ra\u00e7a, cor, etnia, religi\u00e3o ou origem, por exemplo, o ato de impedir ou dificultar o acesso de pessoas a servi\u00e7os, empregos e\/ou lugares.\u201d Logo abaixo, em letras mai\u00fasculas, no centro da imagem, est\u00e1 escrito \u201cDenuncie!\u201d,\u00a0<a href=\"http:\/\/ufsm.br\/ouvidoria?fbclid=IwAR04g-XaVV6plRZsbIKUn5_wWPa7jwAsZPLrXH8IMmaV3hGp1d6mkKgYIUo\">ufsm.br\/ouvidoria<\/a>. No centro inferior da imagem, est\u00e1 escrito \u201cUFSM,\u00a0<a href=\"https:\/\/www.facebook.com\/hashtag\/ufsmsemass%C3%A9dio?epa=HASHTAG\">#UFSMSEMASS\u00c9DIO<\/a>\u201d.<\/p>\n<p><img loading=\"lazy\" decoding=\"async\" class=\"alignnone size-medium wp-image-3275\" src=\"https:\/\/www.ufsm.br\/orgaos-executivos\/caed\/wp-content\/uploads\/sites\/391\/2020\/08\/F-300x224.jpg\" alt=\"\" width=\"300\" height=\"224\" srcset=\"https:\/\/www.ufsm.br\/app\/uploads\/sites\/391\/2020\/08\/F-300x224.jpg 300w, https:\/\/www.ufsm.br\/app\/uploads\/sites\/391\/2020\/08\/F.jpg 587w\" sizes=\"(max-width: 300px) 100vw, 300px\" \/><\/p>\n<p><strong>Descri\u00e7\u00e3o da Imagem:<\/strong> imagem na horizontal, com o fundo da cor rosa. H\u00e1 duas colunas separadas por uma linha. Na primeira coluna, na parte superior, est\u00e1 escrito em letras mai\u00fasculas \u201cAss\u00e9dio moral\u201d. Abaixo, est\u00e1 escrito, sequencialmente, \u201cAgredir verbalmente\u201d, \u201cDirigir gestos de desprezo\u201d, \u201cAlterar a voz\u201d e \u201cAmea\u00e7ar\u201d. Na segunda coluna, na parte superior, est\u00e1 escrito em letras mai\u00fasculas \u201cAss\u00e9dio sexual\u201d. Abaixo, est\u00e1 escrito, sequencialmente \u201cContato f\u00edsico n\u00e3o desejado\u201d, \u201cConvites impertinentes\u201d, \u201cConversas indesejadas\u201d, \u201cChantagens\u201d. Logo abaixo, em letras mai\u00fasculas, no centro da imagem, est\u00e1 escrito \u201cDenuncie!\u201d,\u00a0<a href=\"https:\/\/l.facebook.com\/l.php?u=http%3A%2F%2Fufsm.br%2Fouvidoria%3Ffbclid%3DIwAR3r9wgw6Qh4k4WEPqD_9jxWwizntp6En-88QpsAuTI0YhuaYfyaEJ3O8v4&amp;h=AT2fTGKex94MD_xo08kYMJHhmGHCT2SRGTZl35D-SZMtclQFKTXRNIOTsgrMZu_-xOhGV9ap0fPMjxzdM6Sx8CdqcaUqmUi3G9Lgpxxptzg03VA1PUWHPFD-uVajVr9491lCrDSrmw\">ufsm.br\/ouvidoria<\/a>. No centro inferior da imagem, est\u00e1 escrito \u201cUFSM,\u00a0<a href=\"https:\/\/www.facebook.com\/hashtag\/ufsmsemass%C3%A9dio?epa=HASHTAG\">#UFSMSEMASS\u00c9DIO<\/a>\u201d.<\/p>\n<p><img loading=\"lazy\" decoding=\"async\" class=\"alignnone size-medium wp-image-3276\" src=\"https:\/\/www.ufsm.br\/orgaos-executivos\/caed\/wp-content\/uploads\/sites\/391\/2020\/08\/G-300x225.jpg\" alt=\"\" width=\"300\" height=\"225\" srcset=\"https:\/\/www.ufsm.br\/app\/uploads\/sites\/391\/2020\/08\/G-300x225.jpg 300w, https:\/\/www.ufsm.br\/app\/uploads\/sites\/391\/2020\/08\/G.jpg 587w\" sizes=\"(max-width: 300px) 100vw, 300px\" \/><\/p>\n<p><strong>Descri\u00e7\u00e3o da Imagem: <\/strong>imagem na horizontal, com o fundo da cor rosa. H\u00e1 duas colunas separadas por uma linha. Na primeira coluna, na parte superior, est\u00e1 escrito em letras mai\u00fasculas \u201cOuvidoria\u201d. Abaixo, est\u00e1 escrito, simultaneamente \u201cRecebe as den\u00fancias, sugest\u00f5es e questionamentos\u201d, \u201cMedia conflitos\u201d. Na segunda coluna, na parte superior, est\u00e1 escrito, em letras mai\u00fasculas \u201c<strong>CORREG-UFSM<\/strong>\u201d. Abaixo, em letras pequenas, \u201cComiss\u00e3o Permanente de Sindic\u00e2ncia e Inqu\u00e9rito Administrativo\u201d. Logo abaixo, est\u00e1 escrito \u201cInvestiga e recomenda medidas punitivas\u201d. Abaixo, em letras mai\u00fasculas, no centro da imagem, est\u00e1 escrito \u201cDenuncie!\u201d, <a href=\"http:\/\/ufsm.br\/ouvidoria?fbclid=IwAR2zb9tE_GGwBLSlm5nwqVO7Xabn4yTNrc9_suVPvVO7wa_LEC8zl2AOTEc\">ufsm.br\/ouvidoria<\/a>. No centro inferior da imagem, est\u00e1 escrito \u201cUFSM,\u00a0<a href=\"https:\/\/www.facebook.com\/hashtag\/ufsmsemass%C3%A9dio?epa=HASHTAG\">#UFSMSEMASS\u00c9DIO<\/a>\u201d.<\/p>\n<p><img loading=\"lazy\" decoding=\"async\" class=\"alignnone size-medium wp-image-3277\" src=\"https:\/\/www.ufsm.br\/orgaos-executivos\/caed\/wp-content\/uploads\/sites\/391\/2020\/08\/H-300x225.jpg\" alt=\"\" width=\"300\" height=\"225\" srcset=\"https:\/\/www.ufsm.br\/app\/uploads\/sites\/391\/2020\/08\/H-300x225.jpg 300w, https:\/\/www.ufsm.br\/app\/uploads\/sites\/391\/2020\/08\/H.jpg 583w\" sizes=\"(max-width: 300px) 100vw, 300px\" \/><\/p>\n<p>\u00a0<\/p>\n<p>\u00a0<\/p>\n<p>\u00a0<\/p>\n<p>\u00a0<\/p>\n","protected":false},"excerpt":{"rendered":"<p>A Universidade Federal de Santa Maria(UFSM)\/Coordenadoria de A\u00e7\u00f5es Educacionais(CAEd) soma-se \u00e0 divulga\u00e7\u00e3o da campanha UFSM sem Ass\u00e9dio, prestando esclarecimentos sobre as formas de ass\u00e9dio e como denunci\u00e1-las. Descri\u00e7\u00e3o da Imagem: imagem na horizontal, com o fundo na cor cinza. No meio da imagem, h\u00e1 uma faixa na cor laranja; dentro dessa, est\u00e1 escrito, em letras [&hellip;]<\/p>\n","protected":false},"author":252,"featured_media":0,"comment_status":"closed","ping_status":"closed","sticky":false,"template":"","format":"standard","meta":{"footnotes":""},"categories":[1],"tags":[],"class_list":["post-3268","post","type-post","status-publish","format-standard","hentry","category-sem-categoria"],"acf":[],"_links":{"self":[{"href":"https:\/\/www.ufsm.br\/pro-reitorias\/prograd\/caed\/wp-json\/wp\/v2\/posts\/3268","targetHints":{"allow":["GET"]}}],"collection":[{"href":"https:\/\/www.ufsm.br\/pro-reitorias\/prograd\/caed\/wp-json\/wp\/v2\/posts"}],"about":[{"href":"https:\/\/www.ufsm.br\/pro-reitorias\/prograd\/caed\/wp-json\/wp\/v2\/types\/post"}],"author":[{"embeddable":true,"href":"https:\/\/www.ufsm.br\/pro-reitorias\/prograd\/caed\/wp-json\/wp\/v2\/users\/252"}],"replies":[{"embeddable":true,"href":"https:\/\/www.ufsm.br\/pro-reitorias\/prograd\/caed\/wp-json\/wp\/v2\/comments?post=3268"}],"version-history":[{"count":0,"href":"https:\/\/www.ufsm.br\/pro-reitorias\/prograd\/caed\/wp-json\/wp\/v2\/posts\/3268\/revisions"}],"wp:attachment":[{"href":"https:\/\/www.ufsm.br\/pro-reitorias\/prograd\/caed\/wp-json\/wp\/v2\/media?parent=3268"}],"wp:term":[{"taxonomy":"category","embeddable":true,"href":"https:\/\/www.ufsm.br\/pro-reitorias\/prograd\/caed\/wp-json\/wp\/v2\/categories?post=3268"},{"taxonomy":"post_tag","embeddable":true,"href":"https:\/\/www.ufsm.br\/pro-reitorias\/prograd\/caed\/wp-json\/wp\/v2\/tags?post=3268"}],"curies":[{"name":"wp","href":"https:\/\/api.w.org\/{rel}","templated":true}]}}