{"id":3279,"date":"2020-08-12T11:21:22","date_gmt":"2020-08-12T14:21:22","guid":{"rendered":"https:\/\/www.ufsm.br\/orgaos-executivos\/caed\/?p=3279"},"modified":"2020-08-12T11:21:22","modified_gmt":"2020-08-12T14:21:22","slug":"jornada-academica-integrada-jai-envio-de-videos-sobre-a-experiencia-no-evento","status":"publish","type":"post","link":"https:\/\/www.ufsm.br\/pro-reitorias\/prograd\/caed\/2020\/08\/12\/jornada-academica-integrada-jai-envio-de-videos-sobre-a-experiencia-no-evento","title":{"rendered":"Jornada Acad\u00eamica Integrada (JAI) &#8211; envio de v\u00eddeos sobre a experi\u00eancia no evento"},"content":{"rendered":"\n<p>A Universidade Federal de Santa Maria(UFSM)\/Coordenadoria de A\u00e7\u00f5es Educacionais(CAEd) soma-se \u00e0 divulga\u00e7\u00e3o de atividade concernente \u00e0 Jornada Acad\u00eamica Integrada (JAI), que consiste no envio de v\u00eddeos, por parte de professores e alunos, sobre as experi\u00eancia vivenciadas no evento.<\/p>\n<p>Os v\u00eddeos j\u00e1 enviados podem ser conferidos no link a seguir: <a href=\"https:\/\/drive.google.com\/drive\/folders\/1GyWkYJApPz6-78hZqv8c_-i2cBCcOCAM?usp=sharing\" target=\"_blank\" rel=\"noopener noreferrer\" data-saferedirecturl=\"https:\/\/www.google.com\/url?q=https:\/\/drive.google.com\/drive\/folders\/1GyWkYJApPz6-78hZqv8c_-i2cBCcOCAM?usp%3Dsharing&amp;source=gmail&amp;ust=1597320906170000&amp;usg=AFQjCNFGTGiN_bTJHtDm8sQczFHywDhHCA\">https:\/\/drive.google.com\/drive\/folders\/1GyWkYJApPz6-78hZqv8c_-i2cBCcOCAM?usp=sharing<\/a><\/p>\n<p>\u00a0<\/p>\n","protected":false},"excerpt":{"rendered":"<p>A Universidade Federal de Santa Maria(UFSM)\/Coordenadoria de A\u00e7\u00f5es Educacionais(CAEd) soma-se \u00e0 divulga\u00e7\u00e3o de atividade concernente \u00e0 Jornada Acad\u00eamica Integrada (JAI), que consiste no envio de v\u00eddeos, por parte de professores e alunos, sobre as experi\u00eancia vivenciadas no evento. Os v\u00eddeos j\u00e1 enviados podem ser conferidos no link a seguir: https:\/\/drive.google.com\/drive\/folders\/1GyWkYJApPz6-78hZqv8c_-i2cBCcOCAM?usp=sharing \u00a0<\/p>\n","protected":false},"author":252,"featured_media":0,"comment_status":"closed","ping_status":"closed","sticky":false,"template":"","format":"standard","meta":{"footnotes":""},"categories":[1],"tags":[],"class_list":["post-3279","post","type-post","status-publish","format-standard","hentry","category-sem-categoria"],"acf":[],"_links":{"self":[{"href":"https:\/\/www.ufsm.br\/pro-reitorias\/prograd\/caed\/wp-json\/wp\/v2\/posts\/3279","targetHints":{"allow":["GET"]}}],"collection":[{"href":"https:\/\/www.ufsm.br\/pro-reitorias\/prograd\/caed\/wp-json\/wp\/v2\/posts"}],"about":[{"href":"https:\/\/www.ufsm.br\/pro-reitorias\/prograd\/caed\/wp-json\/wp\/v2\/types\/post"}],"author":[{"embeddable":true,"href":"https:\/\/www.ufsm.br\/pro-reitorias\/prograd\/caed\/wp-json\/wp\/v2\/users\/252"}],"replies":[{"embeddable":true,"href":"https:\/\/www.ufsm.br\/pro-reitorias\/prograd\/caed\/wp-json\/wp\/v2\/comments?post=3279"}],"version-history":[{"count":0,"href":"https:\/\/www.ufsm.br\/pro-reitorias\/prograd\/caed\/wp-json\/wp\/v2\/posts\/3279\/revisions"}],"wp:attachment":[{"href":"https:\/\/www.ufsm.br\/pro-reitorias\/prograd\/caed\/wp-json\/wp\/v2\/media?parent=3279"}],"wp:term":[{"taxonomy":"category","embeddable":true,"href":"https:\/\/www.ufsm.br\/pro-reitorias\/prograd\/caed\/wp-json\/wp\/v2\/categories?post=3279"},{"taxonomy":"post_tag","embeddable":true,"href":"https:\/\/www.ufsm.br\/pro-reitorias\/prograd\/caed\/wp-json\/wp\/v2\/tags?post=3279"}],"curies":[{"name":"wp","href":"https:\/\/api.w.org\/{rel}","templated":true}]}}