{"id":3289,"date":"2020-08-14T10:27:22","date_gmt":"2020-08-14T13:27:22","guid":{"rendered":"https:\/\/www.ufsm.br\/orgaos-executivos\/caed\/?p=3289"},"modified":"2020-08-14T10:27:22","modified_gmt":"2020-08-14T13:27:22","slug":"ii-workshop-saberes-e-estrategias-para-a-inclusao-de-alunos-surdos-na-educacao-superior","status":"publish","type":"post","link":"https:\/\/www.ufsm.br\/pro-reitorias\/prograd\/caed\/2020\/08\/14\/ii-workshop-saberes-e-estrategias-para-a-inclusao-de-alunos-surdos-na-educacao-superior","title":{"rendered":"II Workshop: Saberes e estrat\u00e9gias para a inclus\u00e3o de alunos surdos na educa\u00e7\u00e3o superior"},"content":{"rendered":"\n<div>A Universidade Federal de Santa Maria(UFSM)\/Coordenadoria de A\u00e7\u00f5es Educacionais (CAEd) promover\u00e1, <strong>no dia 19 de agosto de 2020, \u00e0s 14h30min,<\/strong> pela plataforma Google Meeting, o<b>\u00a0&#8220;II\u00a0<span class=\"il\">Workshop<\/span>: Saberes e estrat\u00e9gias para a inclus\u00e3o de alunos surdos na educa\u00e7\u00e3o superior&#8221;.<\/b><\/div>\n<div>A palestra ter\u00e1 dura\u00e7\u00e3o de 40 minutos, com mais 20 minutos destinados \u00e0 intera\u00e7\u00e3o com os participantes.\u00a0<\/div>\n<div>Segue o link para a realiza\u00e7\u00e3o das inscri\u00e7\u00f5es:\u00a0<\/div>\n<div><a href=\"https:\/\/docs.google.com\/forms\/d\/e\/1FAIpQLSfg5eb-w8LEBxaVBNowSOOO6v6Im3jm7IO1nc0wimb_Eoa63w\/viewform?usp=sf_link\" target=\"_blank\" rel=\"nofollow noopener noreferrer\" data-saferedirecturl=\"https:\/\/www.google.com\/url?q=https:\/\/docs.google.com\/forms\/d\/e\/1FAIpQLSfg5eb-w8LEBxaVBNowSOOO6v6Im3jm7IO1nc0wimb_Eoa63w\/viewform?usp%3Dsf_link&amp;source=gmail&amp;ust=1597455381661000&amp;usg=AFQjCNEXEqCmA5ztlSGVxIvYvkXs1ZNioA\">https:\/\/docs.google.com\/forms\/d\/e\/1FAIpQLSfg5eb-w8LEBxaVBNowSOOO6v6Im3jm7IO1nc0wimb_Eoa63w\/viewform?usp=sf_link<\/a><\/div>\n","protected":false},"excerpt":{"rendered":"<p>A Universidade Federal de Santa Maria(UFSM)\/Coordenadoria de A\u00e7\u00f5es Educacionais (CAEd) promover\u00e1, no dia 19 de agosto de 2020, \u00e0s 14h30min, pela plataforma Google Meeting, o\u00a0&#8220;II\u00a0Workshop: Saberes e estrat\u00e9gias para a inclus\u00e3o de alunos surdos na educa\u00e7\u00e3o superior&#8221;. A palestra ter\u00e1 dura\u00e7\u00e3o de 40 minutos, com mais 20 minutos destinados \u00e0 intera\u00e7\u00e3o com os participantes.\u00a0 Segue [&hellip;]<\/p>\n","protected":false},"author":252,"featured_media":0,"comment_status":"closed","ping_status":"closed","sticky":false,"template":"","format":"standard","meta":{"footnotes":""},"categories":[1],"tags":[],"class_list":["post-3289","post","type-post","status-publish","format-standard","hentry","category-sem-categoria"],"acf":[],"_links":{"self":[{"href":"https:\/\/www.ufsm.br\/pro-reitorias\/prograd\/caed\/wp-json\/wp\/v2\/posts\/3289","targetHints":{"allow":["GET"]}}],"collection":[{"href":"https:\/\/www.ufsm.br\/pro-reitorias\/prograd\/caed\/wp-json\/wp\/v2\/posts"}],"about":[{"href":"https:\/\/www.ufsm.br\/pro-reitorias\/prograd\/caed\/wp-json\/wp\/v2\/types\/post"}],"author":[{"embeddable":true,"href":"https:\/\/www.ufsm.br\/pro-reitorias\/prograd\/caed\/wp-json\/wp\/v2\/users\/252"}],"replies":[{"embeddable":true,"href":"https:\/\/www.ufsm.br\/pro-reitorias\/prograd\/caed\/wp-json\/wp\/v2\/comments?post=3289"}],"version-history":[{"count":0,"href":"https:\/\/www.ufsm.br\/pro-reitorias\/prograd\/caed\/wp-json\/wp\/v2\/posts\/3289\/revisions"}],"wp:attachment":[{"href":"https:\/\/www.ufsm.br\/pro-reitorias\/prograd\/caed\/wp-json\/wp\/v2\/media?parent=3289"}],"wp:term":[{"taxonomy":"category","embeddable":true,"href":"https:\/\/www.ufsm.br\/pro-reitorias\/prograd\/caed\/wp-json\/wp\/v2\/categories?post=3289"},{"taxonomy":"post_tag","embeddable":true,"href":"https:\/\/www.ufsm.br\/pro-reitorias\/prograd\/caed\/wp-json\/wp\/v2\/tags?post=3289"}],"curies":[{"name":"wp","href":"https:\/\/api.w.org\/{rel}","templated":true}]}}