{"id":3290,"date":"2020-08-14T10:41:26","date_gmt":"2020-08-14T13:41:26","guid":{"rendered":"https:\/\/www.ufsm.br\/orgaos-executivos\/caed\/?p=3290"},"modified":"2020-08-14T10:41:26","modified_gmt":"2020-08-14T13:41:26","slug":"convite-para-a-palestra-nocoes-basicas-sobre-o-surdo-e-a-libras-i","status":"publish","type":"post","link":"https:\/\/www.ufsm.br\/pro-reitorias\/prograd\/caed\/2020\/08\/14\/convite-para-a-palestra-nocoes-basicas-sobre-o-surdo-e-a-libras-i","title":{"rendered":"Convite para a palestra &#8220;&#8221;No\u00e7\u00f5es b\u00e1sicas sobre o surdo e a Libras I&#8221;"},"content":{"rendered":"\n<p>A Universidade Federal de Santa Maria(UFSM)\/Coordenadoria de A\u00e7\u00f5es Educacionais(CAEd) convida para a palestra &#8220;No\u00e7\u00f5es b\u00e1sicas sobre o surdo e a Libras I&#8221;, no dia 26 de agosto de 2020, \u00e0s 10h00min, com transmiss\u00e3o pela plataforma GoogleMeet, com inscri\u00e7\u00f5es pelo link <a href=\"https:\/\/forms.gle\/DxRX2yZxQNtVW9767\" target=\"_blank\" rel=\"noopener noreferrer\" data-saferedirecturl=\"https:\/\/www.google.com\/url?q=https:\/\/forms.gle\/DxRX2yZxQNtVW9767&amp;source=gmail&amp;ust=1597496330099000&amp;usg=AFQjCNFtLjd-t_ek8H_2pRzC5TZG4sOgfg\">https:\/\/forms.gle\/DxRX2yZxQNtVW9767<\/a>. Ser\u00e3o apresentados alguns aspectos lingu\u00edsticos acerca da Libras, al\u00e9m de um breve vocabul\u00e1rio em Libras. O evento \u00e9 aberto a toda a comunidade acad\u00eamica.<\/p>\n<p><b>Descri\u00e7\u00e3o de imagem:<\/b> imagem retangular, disposta verticalmente, com fundo em preto. Centralizados na parte superior (fora do ret\u00e2ngulo em preto), est\u00e3o o logo comemorativo dos 60 anos da UFSM, em azul escuro, e CAED \u2013 Coordenadoria de A\u00e7\u00f5es Educacionais, em preto, um ao lado do outro. Logo abaixo, centralizado, em letras grandes, na cor branca, o texto \u201cNo\u00e7\u00f5es b\u00e1sicas sobre o surdo e a Libras I\u201d. Abaixo, alinhado \u00e0 esquerda, \u201cDia 26\/08 \u2013 10h\u201d, escrito em azul claro. Abaixo, em letras brancas, mais \u00e0 esquerda, est\u00e1 escrito \u201cVagas limitadas. Inscri\u00e7\u00f5es de 17\/08 a 23\/08.\u00a0 Na sequ\u00eancia, alinhado \u00e0 esquerda, h\u00e1 a informa\u00e7\u00e3o \u201cMinistrada por: Ravele Bueno Goularte (Educadora Especial, Mestre em Educa\u00e7\u00e3o e Tradutora e Int\u00e9rprete de Libras), Di\u00e9ssica Vargas (Fonoaudi\u00f3loga, Doutora em Dist\u00farbios da Comunica\u00e7\u00e3o Humana e Tradutora e Int\u00e9rprete de Libras)\u201d, um abaixo do outro. Ao lado direito, h\u00e1 a ilustra\u00e7\u00e3o de duas m\u00e3os na cor branca, sinalizando em Libras. Na parte inferior da p\u00e1gina, h\u00e1 uma barra em tom de azul, onde est\u00e1 escrito em preto \u201cPalestra ser\u00e1 pelo Google Meet e link ser\u00e1 enviado por email aos inscritos na segunda dia 24\/08\u201d.<\/p>\n<p><img fetchpriority=\"high\" decoding=\"async\" class=\"size-medium wp-image-3291 aligncenter\" src=\"https:\/\/www.ufsm.br\/orgaos-executivos\/caed\/wp-content\/uploads\/sites\/391\/2020\/08\/No\u00e7\u00f5es-b\u00e1sicas-sobre-o-surdo-e-a-Libras-I-212x300.jpeg\" alt=\"\" width=\"212\" height=\"300\" srcset=\"https:\/\/www.ufsm.br\/app\/uploads\/sites\/391\/2020\/08\/No\u00e7\u00f5es-b\u00e1sicas-sobre-o-surdo-e-a-Libras-I-212x300.jpeg 212w, https:\/\/www.ufsm.br\/app\/uploads\/sites\/391\/2020\/08\/No\u00e7\u00f5es-b\u00e1sicas-sobre-o-surdo-e-a-Libras-I-723x1024.jpeg 723w, https:\/\/www.ufsm.br\/app\/uploads\/sites\/391\/2020\/08\/No\u00e7\u00f5es-b\u00e1sicas-sobre-o-surdo-e-a-Libras-I-768x1087.jpeg 768w, https:\/\/www.ufsm.br\/app\/uploads\/sites\/391\/2020\/08\/No\u00e7\u00f5es-b\u00e1sicas-sobre-o-surdo-e-a-Libras-I.jpeg 904w\" sizes=\"(max-width: 212px) 100vw, 212px\" \/><\/p>\n<p>\u00a0<\/p>\n<div>\u00a0<\/div>\n","protected":false},"excerpt":{"rendered":"<p>A Universidade Federal de Santa Maria(UFSM)\/Coordenadoria de A\u00e7\u00f5es Educacionais(CAEd) convida para a palestra &#8220;No\u00e7\u00f5es b\u00e1sicas sobre o surdo e a Libras I&#8221;, no dia 26 de agosto de 2020, \u00e0s 10h00min, com transmiss\u00e3o pela plataforma GoogleMeet, com inscri\u00e7\u00f5es pelo link https:\/\/forms.gle\/DxRX2yZxQNtVW9767. Ser\u00e3o apresentados alguns aspectos lingu\u00edsticos acerca da Libras, al\u00e9m de um breve vocabul\u00e1rio em [&hellip;]<\/p>\n","protected":false},"author":252,"featured_media":0,"comment_status":"closed","ping_status":"closed","sticky":false,"template":"","format":"standard","meta":{"footnotes":""},"categories":[1],"tags":[],"class_list":["post-3290","post","type-post","status-publish","format-standard","hentry","category-sem-categoria"],"acf":[],"_links":{"self":[{"href":"https:\/\/www.ufsm.br\/pro-reitorias\/prograd\/caed\/wp-json\/wp\/v2\/posts\/3290","targetHints":{"allow":["GET"]}}],"collection":[{"href":"https:\/\/www.ufsm.br\/pro-reitorias\/prograd\/caed\/wp-json\/wp\/v2\/posts"}],"about":[{"href":"https:\/\/www.ufsm.br\/pro-reitorias\/prograd\/caed\/wp-json\/wp\/v2\/types\/post"}],"author":[{"embeddable":true,"href":"https:\/\/www.ufsm.br\/pro-reitorias\/prograd\/caed\/wp-json\/wp\/v2\/users\/252"}],"replies":[{"embeddable":true,"href":"https:\/\/www.ufsm.br\/pro-reitorias\/prograd\/caed\/wp-json\/wp\/v2\/comments?post=3290"}],"version-history":[{"count":0,"href":"https:\/\/www.ufsm.br\/pro-reitorias\/prograd\/caed\/wp-json\/wp\/v2\/posts\/3290\/revisions"}],"wp:attachment":[{"href":"https:\/\/www.ufsm.br\/pro-reitorias\/prograd\/caed\/wp-json\/wp\/v2\/media?parent=3290"}],"wp:term":[{"taxonomy":"category","embeddable":true,"href":"https:\/\/www.ufsm.br\/pro-reitorias\/prograd\/caed\/wp-json\/wp\/v2\/categories?post=3290"},{"taxonomy":"post_tag","embeddable":true,"href":"https:\/\/www.ufsm.br\/pro-reitorias\/prograd\/caed\/wp-json\/wp\/v2\/tags?post=3290"}],"curies":[{"name":"wp","href":"https:\/\/api.w.org\/{rel}","templated":true}]}}